{"id":25744,"date":"2024-05-26T10:30:29","date_gmt":"2024-05-26T08:30:29","guid":{"rendered":"https:\/\/bergers-schlagerparadies.de\/?p=25744"},"modified":"2024-05-24T10:50:11","modified_gmt":"2024-05-24T08:50:11","slug":"joe-steen-te-quiero-mi-amor-%c2%b7-bergers-schlagerparadies","status":"publish","type":"post","link":"https:\/\/bergers-schlagerparadies.de\/?p=25744","title":{"rendered":"Joe Steen &#8211; Te quiero mi amor \u00b7 Berger\u00b4s Schlagerparadies"},"content":{"rendered":"<p><img loading=\"lazy\" decoding=\"async\" class=\"size-medium wp-image-25745 alignleft\" src=\"https:\/\/bergers-schlagerparadies.de\/wp-content\/uploads\/2024\/05\/Joe-Steen-Te-quiero-mi-amor-300x300.jpg\" alt=\"\" width=\"300\" height=\"300\" srcset=\"https:\/\/bergers-schlagerparadies.de\/wp-content\/uploads\/2024\/05\/Joe-Steen-Te-quiero-mi-amor-300x300.jpg 300w, https:\/\/bergers-schlagerparadies.de\/wp-content\/uploads\/2024\/05\/Joe-Steen-Te-quiero-mi-amor-1024x1024.jpg 1024w, https:\/\/bergers-schlagerparadies.de\/wp-content\/uploads\/2024\/05\/Joe-Steen-Te-quiero-mi-amor-150x150.jpg 150w, https:\/\/bergers-schlagerparadies.de\/wp-content\/uploads\/2024\/05\/Joe-Steen-Te-quiero-mi-amor-768x768.jpg 768w, https:\/\/bergers-schlagerparadies.de\/wp-content\/uploads\/2024\/05\/Joe-Steen-Te-quiero-mi-amor-1188x1188.jpg 1188w, https:\/\/bergers-schlagerparadies.de\/wp-content\/uploads\/2024\/05\/Joe-Steen-Te-quiero-mi-amor-100x100.jpg 100w, https:\/\/bergers-schlagerparadies.de\/wp-content\/uploads\/2024\/05\/Joe-Steen-Te-quiero-mi-amor.jpg 1200w\" sizes=\"auto, (max-width: 300px) 100vw, 300px\" \/>Nach dem erfolgreichen Duett-Cover von \u201eAm Strand von Maspalomas\u201c und tollen Erfolgen u.a. den DJ-Hitparaden-Platzierungen mit Platz 1 in \u00d6sterreich, Platz 4 in Deutschland, ver\u00f6ffentlicht Joe Steen nun einen Song aus seiner Feder. \u201eTe quiero mi amor\u201c ist ein ganz fantastischer, junger Schlager mit Herz und Seele. Eine bezaubernde Sch\u00f6nheit hat es dem S\u00e4nger in einer hei\u00dfen Nacht in Havanna angetan. Den Verlauf der Nacht k\u00f6nnen wir nur erahnen. Die Produktion umfasst auch eine sogenannte \u201eGipsy-Version\u201c mit sch\u00f6nen und stilechten Nylon-Gitarren und Brass-Einw\u00fcrfen.<br \/>\nIn den kommenden Wochen stehen, trotz der zahlreichen Auftritte, weitere Produktionen und Ver\u00f6ffentlichungen an, sodass wir uns auf ein ereignisreiches Jahr mit sch\u00f6nen Songs von Joe Steen freuen k\u00f6nnen.<\/p>\n<p><span style=\"color: #800000;\"><strong>Quelle: ALL MY MUSIX Verlag &amp; Label<\/strong><\/span><\/p>\n<p><span style=\"color: #800000;\"><strong>Dieser Song ist ab dem 31.05.2024 auf allen Download- und Streaming-Portalen erh\u00e4ltlich.\u00a0<\/strong><\/span><\/p>\n<p><span style=\"color: #800000;\"><strong>Airdate (f\u00fcr Radiosender): 31.05.2024<\/strong><\/span><\/p>\n","protected":false},"excerpt":{"rendered":"<p>Nach dem erfolgreichen Duett-Cover von \u201eAm Strand von Maspalomas\u201c und tollen Erfolgen u.a. den DJ-Hitparaden-Platzierungen mit Platz 1 in \u00d6sterreich, Platz 4 in Deutschland, ver\u00f6ffentlicht Joe Steen nun einen Song aus seiner Feder. \u201eTe quiero mi amor\u201c ist ein ganz fantastischer, junger Schlager mit Herz und Seele. Eine bezaubernde Sch\u00f6nheit hat es dem S\u00e4nger in einer hei\u00dfen Nacht in Havanna angetan. Den Verlauf der Nacht k\u00f6nnen wir nur erahnen. Die Produktion umfasst auch eine sogenannte \u201eGipsy-Version\u201c mit sch\u00f6nen und stilechten Nylon-Gitarren und Brass-Einw\u00fcrfen. In den kommenden Wochen stehen, trotz der zahlreichen Auftritte, weitere Produktionen und Ver\u00f6ffentlichungen an, sodass wir uns auf ein ereignisreiches Jahr mit&#8230;<\/p>\n","protected":false},"author":1,"featured_media":25745,"comment_status":"open","ping_status":"open","sticky":false,"template":"","format":"standard","meta":{"footnotes":""},"categories":[2],"tags":[2686],"class_list":["post-25744","post","type-post","status-publish","format-standard","has-post-thumbnail","hentry","category-schlager","tag-joe-steen","wpcat-2-id"],"_links":{"self":[{"href":"https:\/\/bergers-schlagerparadies.de\/index.php?rest_route=\/wp\/v2\/posts\/25744","targetHints":{"allow":["GET"]}}],"collection":[{"href":"https:\/\/bergers-schlagerparadies.de\/index.php?rest_route=\/wp\/v2\/posts"}],"about":[{"href":"https:\/\/bergers-schlagerparadies.de\/index.php?rest_route=\/wp\/v2\/types\/post"}],"author":[{"embeddable":true,"href":"https:\/\/bergers-schlagerparadies.de\/index.php?rest_route=\/wp\/v2\/users\/1"}],"replies":[{"embeddable":true,"href":"https:\/\/bergers-schlagerparadies.de\/index.php?rest_route=%2Fwp%2Fv2%2Fcomments&post=25744"}],"version-history":[{"count":1,"href":"https:\/\/bergers-schlagerparadies.de\/index.php?rest_route=\/wp\/v2\/posts\/25744\/revisions"}],"predecessor-version":[{"id":25747,"href":"https:\/\/bergers-schlagerparadies.de\/index.php?rest_route=\/wp\/v2\/posts\/25744\/revisions\/25747"}],"wp:featuredmedia":[{"embeddable":true,"href":"https:\/\/bergers-schlagerparadies.de\/index.php?rest_route=\/wp\/v2\/media\/25745"}],"wp:attachment":[{"href":"https:\/\/bergers-schlagerparadies.de\/index.php?rest_route=%2Fwp%2Fv2%2Fmedia&parent=25744"}],"wp:term":[{"taxonomy":"category","embeddable":true,"href":"https:\/\/bergers-schlagerparadies.de\/index.php?rest_route=%2Fwp%2Fv2%2Fcategories&post=25744"},{"taxonomy":"post_tag","embeddable":true,"href":"https:\/\/bergers-schlagerparadies.de\/index.php?rest_route=%2Fwp%2Fv2%2Ftags&post=25744"}],"curies":[{"name":"wp","href":"https:\/\/api.w.org\/{rel}","templated":true}]}}