{"id":25474,"date":"2024-05-15T23:00:26","date_gmt":"2024-05-15T21:00:26","guid":{"rendered":"https:\/\/bergers-schlagerparadies.de\/?p=25474"},"modified":"2024-05-15T23:00:26","modified_gmt":"2024-05-15T21:00:26","slug":"massimo-feat-jenny-p-the-time-of-my-life-rod-berry-mix-%c2%b7-bergers-schlagerparadies","status":"publish","type":"post","link":"https:\/\/bergers-schlagerparadies.de\/?p=25474","title":{"rendered":"Massimo feat Jenny P. &#8211; The Time of my Life (Rod Berry Mix) \u00b7 Berger\u00b4s Schlagerparadies"},"content":{"rendered":"<p><img loading=\"lazy\" decoding=\"async\" class=\"size-medium wp-image-25475 alignleft\" src=\"https:\/\/bergers-schlagerparadies.de\/wp-content\/uploads\/2024\/05\/Massimo-feat-Jenny-P.-The-Time-of-my-Life-Rod-Berry-Mix-300x300.jpg\" alt=\"\" width=\"300\" height=\"300\" srcset=\"https:\/\/bergers-schlagerparadies.de\/wp-content\/uploads\/2024\/05\/Massimo-feat-Jenny-P.-The-Time-of-my-Life-Rod-Berry-Mix-300x300.jpg 300w, https:\/\/bergers-schlagerparadies.de\/wp-content\/uploads\/2024\/05\/Massimo-feat-Jenny-P.-The-Time-of-my-Life-Rod-Berry-Mix-1024x1024.jpg 1024w, https:\/\/bergers-schlagerparadies.de\/wp-content\/uploads\/2024\/05\/Massimo-feat-Jenny-P.-The-Time-of-my-Life-Rod-Berry-Mix-150x150.jpg 150w, https:\/\/bergers-schlagerparadies.de\/wp-content\/uploads\/2024\/05\/Massimo-feat-Jenny-P.-The-Time-of-my-Life-Rod-Berry-Mix-768x768.jpg 768w, https:\/\/bergers-schlagerparadies.de\/wp-content\/uploads\/2024\/05\/Massimo-feat-Jenny-P.-The-Time-of-my-Life-Rod-Berry-Mix-1536x1536.jpg 1536w, https:\/\/bergers-schlagerparadies.de\/wp-content\/uploads\/2024\/05\/Massimo-feat-Jenny-P.-The-Time-of-my-Life-Rod-Berry-Mix-2048x2048.jpg 2048w, https:\/\/bergers-schlagerparadies.de\/wp-content\/uploads\/2024\/05\/Massimo-feat-Jenny-P.-The-Time-of-my-Life-Rod-Berry-Mix-1200x1200.jpg 1200w, https:\/\/bergers-schlagerparadies.de\/wp-content\/uploads\/2024\/05\/Massimo-feat-Jenny-P.-The-Time-of-my-Life-Rod-Berry-Mix-1188x1188.jpg 1188w, https:\/\/bergers-schlagerparadies.de\/wp-content\/uploads\/2024\/05\/Massimo-feat-Jenny-P.-The-Time-of-my-Life-Rod-Berry-Mix-100x100.jpg 100w\" sizes=\"auto, (max-width: 300px) 100vw, 300px\" \/>Massimo Nigordi und Jenny P\u00e4per, beide bekannt aus der RTL2 Kultserie \u201eK\u00d6LN 50667\u201c.<\/p>\n<p>Als Elternpaar Mario und Svenja Reider zogen sie in \u00fcber 400 Folgen die TV Zuschauer in ihren Bann. Die beiden erfreuen sich beim Publikum einer Wahnsinns Beliebtheit.<\/p>\n<p>Als die Nachricht \u00fcber das letztendliche Aus der TV Marke kam, wollte Massimo f\u00fcr seine Fans ein kleines Geschenk hinterlassen und beriet sich mit seinem langj\u00e4hrigen Freund und Producer ROD BERRY.<\/p>\n<p>Was k\u00f6nnte den Fans mehr im Ged\u00e4chtnis bleiben als ein Song, der die unglaubliche Reise in dieses TV Format beschreibt&#8230;.\u201cEs war die Zeit unseres Lebens\u201c<\/p>\n<p>Da lag es nicht so fern, dass daraus eine bombastische Coverversion des Dirtiy Dancing Hits \u201e(I&#8217;ve had) The Time of my Live\u201c entsteht.<\/p>\n<p>Massimo (aka Mario Reider), der bereits seit 35 Jahren auch als S\u00e4nger auf der B\u00fchne steht, war es nicht neu im Studio zu stehen.<br \/>\nAllerdings stand Jenny P\u00e4per (aka Svenja Reider) zum ersten Mal vor einem Studiomikro. Aber genauso talentiert und professionell wie sie vor der Kamera agierte, stand sie auch Top vorbereitet im Studio.<\/p>\n<p>Das Erbgbnis: Eine stimmungsvolle, absolut tanzbare, neue Version des Kultsongs. Produziert von einem alten Hase der Szene Rod Berry.<\/p>\n<p>Ein MUSS f\u00fcr alle Freunde der Tanzmusik!<\/p>\n<p><span style=\"color: #800000;\"><strong>Quelle: Fiesta Records by Andreas Rosmiarek<\/strong><\/span><\/p>\n<p><span style=\"color: #800000;\"><strong>Dieser Song ist ab dem 17.05.2024 auf allen Download- und Streaming-Portalen erh\u00e4ltlich.\u00a0<\/strong><\/span><\/p>\n<p><span style=\"color: #800000;\"><strong>Airdate (f\u00fcr Radiosender): 15.05.2024<\/strong><\/span><\/p>\n","protected":false},"excerpt":{"rendered":"<p>Massimo Nigordi und Jenny P\u00e4per, beide bekannt aus der RTL2 Kultserie \u201eK\u00d6LN 50667\u201c. Als Elternpaar Mario und Svenja Reider zogen sie in \u00fcber 400 Folgen die TV Zuschauer in ihren Bann. Die beiden erfreuen sich beim Publikum einer Wahnsinns Beliebtheit. Als die Nachricht \u00fcber das letztendliche Aus der TV Marke kam, wollte Massimo f\u00fcr seine Fans ein kleines Geschenk hinterlassen und beriet sich mit seinem langj\u00e4hrigen Freund und Producer ROD BERRY. Was k\u00f6nnte den Fans mehr im Ged\u00e4chtnis bleiben als ein Song, der die unglaubliche Reise in dieses TV Format beschreibt&#8230;.\u201cEs war die Zeit unseres Lebens\u201c Da lag es nicht so fern, dass daraus eine&#8230;<\/p>\n","protected":false},"author":1,"featured_media":25475,"comment_status":"open","ping_status":"open","sticky":false,"template":"","format":"standard","meta":{"footnotes":""},"categories":[2],"tags":[2658],"class_list":["post-25474","post","type-post","status-publish","format-standard","has-post-thumbnail","hentry","category-schlager","tag-massimo-feat-jenny-p","wpcat-2-id"],"_links":{"self":[{"href":"https:\/\/bergers-schlagerparadies.de\/index.php?rest_route=\/wp\/v2\/posts\/25474","targetHints":{"allow":["GET"]}}],"collection":[{"href":"https:\/\/bergers-schlagerparadies.de\/index.php?rest_route=\/wp\/v2\/posts"}],"about":[{"href":"https:\/\/bergers-schlagerparadies.de\/index.php?rest_route=\/wp\/v2\/types\/post"}],"author":[{"embeddable":true,"href":"https:\/\/bergers-schlagerparadies.de\/index.php?rest_route=\/wp\/v2\/users\/1"}],"replies":[{"embeddable":true,"href":"https:\/\/bergers-schlagerparadies.de\/index.php?rest_route=%2Fwp%2Fv2%2Fcomments&post=25474"}],"version-history":[{"count":1,"href":"https:\/\/bergers-schlagerparadies.de\/index.php?rest_route=\/wp\/v2\/posts\/25474\/revisions"}],"predecessor-version":[{"id":25477,"href":"https:\/\/bergers-schlagerparadies.de\/index.php?rest_route=\/wp\/v2\/posts\/25474\/revisions\/25477"}],"wp:featuredmedia":[{"embeddable":true,"href":"https:\/\/bergers-schlagerparadies.de\/index.php?rest_route=\/wp\/v2\/media\/25475"}],"wp:attachment":[{"href":"https:\/\/bergers-schlagerparadies.de\/index.php?rest_route=%2Fwp%2Fv2%2Fmedia&parent=25474"}],"wp:term":[{"taxonomy":"category","embeddable":true,"href":"https:\/\/bergers-schlagerparadies.de\/index.php?rest_route=%2Fwp%2Fv2%2Fcategories&post=25474"},{"taxonomy":"post_tag","embeddable":true,"href":"https:\/\/bergers-schlagerparadies.de\/index.php?rest_route=%2Fwp%2Fv2%2Ftags&post=25474"}],"curies":[{"name":"wp","href":"https:\/\/api.w.org\/{rel}","templated":true}]}}