{"id":25388,"date":"2024-05-10T14:32:49","date_gmt":"2024-05-10T12:32:49","guid":{"rendered":"https:\/\/bergers-schlagerparadies.de\/?p=25388"},"modified":"2024-05-10T14:32:49","modified_gmt":"2024-05-10T12:32:49","slug":"uta-bresan-am-meer-%c2%b7-bergers-schlagerparadies","status":"publish","type":"post","link":"https:\/\/bergers-schlagerparadies.de\/?p=25388","title":{"rendered":"Uta Bresan &#8211; Am Meer \u00b7 Berger\u00b4s Schlagerparadies"},"content":{"rendered":"<p><img loading=\"lazy\" decoding=\"async\" class=\"size-medium wp-image-25389 alignleft\" src=\"https:\/\/bergers-schlagerparadies.de\/wp-content\/uploads\/2024\/05\/Uta-Bresan-Am-Meer-300x300.jpeg\" alt=\"\" width=\"300\" height=\"300\" srcset=\"https:\/\/bergers-schlagerparadies.de\/wp-content\/uploads\/2024\/05\/Uta-Bresan-Am-Meer-300x300.jpeg 300w, https:\/\/bergers-schlagerparadies.de\/wp-content\/uploads\/2024\/05\/Uta-Bresan-Am-Meer-1024x1024.jpeg 1024w, https:\/\/bergers-schlagerparadies.de\/wp-content\/uploads\/2024\/05\/Uta-Bresan-Am-Meer-150x150.jpeg 150w, https:\/\/bergers-schlagerparadies.de\/wp-content\/uploads\/2024\/05\/Uta-Bresan-Am-Meer-768x768.jpeg 768w, https:\/\/bergers-schlagerparadies.de\/wp-content\/uploads\/2024\/05\/Uta-Bresan-Am-Meer-1200x1200.jpeg 1200w, https:\/\/bergers-schlagerparadies.de\/wp-content\/uploads\/2024\/05\/Uta-Bresan-Am-Meer-1188x1188.jpeg 1188w, https:\/\/bergers-schlagerparadies.de\/wp-content\/uploads\/2024\/05\/Uta-Bresan-Am-Meer-100x100.jpeg 100w, https:\/\/bergers-schlagerparadies.de\/wp-content\/uploads\/2024\/05\/Uta-Bresan-Am-Meer.jpeg 1400w\" sizes=\"auto, (max-width: 300px) 100vw, 300px\" \/>Multitalent Uta Bresan startet ihr musikalisches Jahr mit einer wundersch\u00f6nen Sommer-Nummer, die f\u00fcr Urlaubsgef\u00fchle sorgen wird. Die neue Single \u201eAm Meer\u201c erscheint am 10. Mai 2024.<br \/>\nSeit \u00fcber 30 Jahren begeistert Uta Bresan Millionen am Fernsehbildschirm. Ihre sympathische Art kommt im TV genauso gut an, wie als S\u00e4ngerin auf der B\u00fchne. Nach vier Jahren Pause ver\u00f6ffentlichte die MDR-Lady im vergangenen Jahr das neue Album \u201eLiebe ist die beste Idee\u201c. Ein gro\u00dfer Wunsch von Uta Bresan war es hierf\u00fcr auch einen Sommertitel aufzunehmen, da sie ein gro\u00dfer Fan dieser Jahreszeit ist. Auch wenn sie im Laufe ihrer Karriere bereits einige, sommerliche Titel aufgenommen hat, ist der neue Track anders. Ein Naturereignis fasziniert die Familienmama n\u00e4mlich seit jeher: Sonnenaufg\u00e4nge und Sonnenunterg\u00e4nge. Dieser besonderen Stimmung verleiht sie nun ein musikalisches Denkmal.<br \/>\nUta Bresan: \u201e\u2018Am Meer\u2018 beschreibt diese gro\u00dfe Magie von Sonnenauf- und unterg\u00e4ngen, denen immer ein besonderer Zauber innewohnt. Und wo ist dieses Naturschauspiel sch\u00f6ner als am Meer. F\u00fcr einen Sonnenaufgang stehe ich auch gern etwas fr\u00fcher auf, um diese magischen Momente genie\u00dfen zu k\u00f6nnen. Genau dieses Gef\u00fchl haben wir in den Song gepackt und f\u00fcr das Video wollte ich auch gern diese Stimmung einfangen.\u201c Im anyloc Studio Dresden war es m\u00f6glich den passenden Clip zum Titel zu drehen. Uta Bresan ist bei den Dreharbeiten durch echten Sand gelaufen und kreiert mit dem Video eine wundersch\u00f6ne Momentaufnahme dieses Naturereignisses.<br \/>\nUta Bresan: \u201eNun m\u00f6chte ich alle einladen sich gemeinsam mit mir ans Meer zu tr\u00e4umen und diese Magie zu sp\u00fcren.\u201c Beim H\u00f6ren des Titels steigt die Freude auf den n\u00e4chsten Urlaub, aber auch im heimischen Wohnzimmer gelingt es Uta Bresan mit ihrem Lied zu begeistern. \u201eAm Meer\u201c hat die besten Chancen einer der gro\u00dfen Sommerhits des Jahres zu werden!<br \/>\n\u201eAm Meer\u201c von Uta Bresan erscheint am 10.05.2024 als Digital-Single bei TELAMO.<\/p>\n<p><span style=\"color: #800000;\"><strong>Quelle: Telamo<\/strong><\/span><\/p>\n<p><span style=\"color: #800000;\"><strong>Dieser Song ist ab dem 10.05.2024 auf allen Download- und Streaming-Portalen erh\u00e4ltlich.\u00a0<\/strong><\/span><\/p>\n<p><span style=\"color: #800000;\"><strong>Airdate (f\u00fcr Radiosender): 10.05.2024<\/strong><\/span><\/p>\n","protected":false},"excerpt":{"rendered":"<p>Multitalent Uta Bresan startet ihr musikalisches Jahr mit einer wundersch\u00f6nen Sommer-Nummer, die f\u00fcr Urlaubsgef\u00fchle sorgen wird. Die neue Single \u201eAm Meer\u201c erscheint am 10. Mai 2024. Seit \u00fcber 30 Jahren begeistert Uta Bresan Millionen am Fernsehbildschirm. Ihre sympathische Art kommt im TV genauso gut an, wie als S\u00e4ngerin auf der B\u00fchne. Nach vier Jahren Pause ver\u00f6ffentlichte die MDR-Lady im vergangenen Jahr das neue Album \u201eLiebe ist die beste Idee\u201c. Ein gro\u00dfer Wunsch von Uta Bresan war es hierf\u00fcr auch einen Sommertitel aufzunehmen, da sie ein gro\u00dfer Fan dieser Jahreszeit ist. Auch wenn sie im Laufe ihrer Karriere bereits einige, sommerliche Titel aufgenommen hat, ist der&#8230;<\/p>\n","protected":false},"author":1,"featured_media":25389,"comment_status":"open","ping_status":"open","sticky":false,"template":"","format":"standard","meta":{"footnotes":""},"categories":[2],"tags":[524],"class_list":["post-25388","post","type-post","status-publish","format-standard","has-post-thumbnail","hentry","category-schlager","tag-uta-bresan","wpcat-2-id"],"_links":{"self":[{"href":"https:\/\/bergers-schlagerparadies.de\/index.php?rest_route=\/wp\/v2\/posts\/25388","targetHints":{"allow":["GET"]}}],"collection":[{"href":"https:\/\/bergers-schlagerparadies.de\/index.php?rest_route=\/wp\/v2\/posts"}],"about":[{"href":"https:\/\/bergers-schlagerparadies.de\/index.php?rest_route=\/wp\/v2\/types\/post"}],"author":[{"embeddable":true,"href":"https:\/\/bergers-schlagerparadies.de\/index.php?rest_route=\/wp\/v2\/users\/1"}],"replies":[{"embeddable":true,"href":"https:\/\/bergers-schlagerparadies.de\/index.php?rest_route=%2Fwp%2Fv2%2Fcomments&post=25388"}],"version-history":[{"count":1,"href":"https:\/\/bergers-schlagerparadies.de\/index.php?rest_route=\/wp\/v2\/posts\/25388\/revisions"}],"predecessor-version":[{"id":25390,"href":"https:\/\/bergers-schlagerparadies.de\/index.php?rest_route=\/wp\/v2\/posts\/25388\/revisions\/25390"}],"wp:featuredmedia":[{"embeddable":true,"href":"https:\/\/bergers-schlagerparadies.de\/index.php?rest_route=\/wp\/v2\/media\/25389"}],"wp:attachment":[{"href":"https:\/\/bergers-schlagerparadies.de\/index.php?rest_route=%2Fwp%2Fv2%2Fmedia&parent=25388"}],"wp:term":[{"taxonomy":"category","embeddable":true,"href":"https:\/\/bergers-schlagerparadies.de\/index.php?rest_route=%2Fwp%2Fv2%2Fcategories&post=25388"},{"taxonomy":"post_tag","embeddable":true,"href":"https:\/\/bergers-schlagerparadies.de\/index.php?rest_route=%2Fwp%2Fv2%2Ftags&post=25388"}],"curies":[{"name":"wp","href":"https:\/\/api.w.org\/{rel}","templated":true}]}}