{"id":25200,"date":"2024-05-03T11:25:56","date_gmt":"2024-05-03T09:25:56","guid":{"rendered":"https:\/\/bergers-schlagerparadies.de\/?p=25200"},"modified":"2024-05-03T11:25:56","modified_gmt":"2024-05-03T09:25:56","slug":"hans-schwarzbaecker-ich-schenk-dir-mein-herz-%c2%b7-bergers-schlagerparadies","status":"publish","type":"post","link":"https:\/\/bergers-schlagerparadies.de\/?p=25200","title":{"rendered":"Hans Schwarzb\u00e4cker &#8211; Ich schenk dir mein Herz \u00b7 Berger\u00b4s Schlagerparadies"},"content":{"rendered":"<p><img loading=\"lazy\" decoding=\"async\" class=\"size-medium wp-image-25201 alignleft\" src=\"https:\/\/bergers-schlagerparadies.de\/wp-content\/uploads\/2024\/05\/Hans-Schwarzbaecker-Ich-schenk-dir-mein-Herz-300x300.jpeg\" alt=\"\" width=\"300\" height=\"300\" srcset=\"https:\/\/bergers-schlagerparadies.de\/wp-content\/uploads\/2024\/05\/Hans-Schwarzbaecker-Ich-schenk-dir-mein-Herz-300x300.jpeg 300w, https:\/\/bergers-schlagerparadies.de\/wp-content\/uploads\/2024\/05\/Hans-Schwarzbaecker-Ich-schenk-dir-mein-Herz-1024x1024.jpeg 1024w, https:\/\/bergers-schlagerparadies.de\/wp-content\/uploads\/2024\/05\/Hans-Schwarzbaecker-Ich-schenk-dir-mein-Herz-150x150.jpeg 150w, https:\/\/bergers-schlagerparadies.de\/wp-content\/uploads\/2024\/05\/Hans-Schwarzbaecker-Ich-schenk-dir-mein-Herz-768x768.jpeg 768w, https:\/\/bergers-schlagerparadies.de\/wp-content\/uploads\/2024\/05\/Hans-Schwarzbaecker-Ich-schenk-dir-mein-Herz-1536x1536.jpeg 1536w, https:\/\/bergers-schlagerparadies.de\/wp-content\/uploads\/2024\/05\/Hans-Schwarzbaecker-Ich-schenk-dir-mein-Herz-2048x2048.jpeg 2048w, https:\/\/bergers-schlagerparadies.de\/wp-content\/uploads\/2024\/05\/Hans-Schwarzbaecker-Ich-schenk-dir-mein-Herz-1200x1200.jpeg 1200w, https:\/\/bergers-schlagerparadies.de\/wp-content\/uploads\/2024\/05\/Hans-Schwarzbaecker-Ich-schenk-dir-mein-Herz-1188x1188.jpeg 1188w, https:\/\/bergers-schlagerparadies.de\/wp-content\/uploads\/2024\/05\/Hans-Schwarzbaecker-Ich-schenk-dir-mein-Herz-100x100.jpeg 100w\" sizes=\"auto, (max-width: 300px) 100vw, 300px\" \/>Hans Schwarzb\u00e4cker &#8211; Ich schenk Dir mein Herz<br \/>\nDer sympathische S\u00e4nger Hans Schwarzb\u00e4cker ver\u00f6ffentlicht seine dritte Single \u201eIch schenk Dir mein Herz\u201c. Mit ganz viel Gef\u00fchl und Tiefgang pr\u00e4sentiert er seinen neuesten Titel, der sich um die sch\u00f6nste Nebensache der Welt dreht &#8211; DIE LIEBE! ?Bereits seit den Kindertagen ist der K\u00fcnstler mit Musik und dem Deutschen Schlager infiziert. Nun pr\u00e4sentiert er einen melodi\u00f6sen und flotten Pop-Schlager, der absolut Jeden zum tanzen und mitsingen animiert.<\/p>\n<p>Musik: Andreas Franz Hammerschmidt \/ Stefan Krug?Text: Andreas Franz Hammerschmidt?Label: ah-Ton?(C) (P) 2024<\/p>\n<p><span style=\"color: #800000;\"><strong>Quelle: ah-Ton<\/strong><\/span><\/p>\n<p><span style=\"color: #800000;\"><strong>Dieser Song ist ab dem 03.05.2024 auf allen Download- und Streaming-Portalen erh\u00e4ltlich.\u00a0<\/strong><\/span><\/p>\n<p><span style=\"color: #800000;\"><strong>Airdate (f\u00fcr Radiosender): 03.05.2024<\/strong><\/span><\/p>\n","protected":false},"excerpt":{"rendered":"<p>Hans Schwarzb\u00e4cker &#8211; Ich schenk Dir mein Herz Der sympathische S\u00e4nger Hans Schwarzb\u00e4cker ver\u00f6ffentlicht seine dritte Single \u201eIch schenk Dir mein Herz\u201c. Mit ganz viel Gef\u00fchl und Tiefgang pr\u00e4sentiert er seinen neuesten Titel, der sich um die sch\u00f6nste Nebensache der Welt dreht &#8211; DIE LIEBE! ?Bereits seit den Kindertagen ist der K\u00fcnstler mit Musik und dem Deutschen Schlager infiziert. Nun pr\u00e4sentiert er einen melodi\u00f6sen und flotten Pop-Schlager, der absolut Jeden zum tanzen und mitsingen animiert. Musik: Andreas Franz Hammerschmidt \/ Stefan Krug?Text: Andreas Franz Hammerschmidt?Label: ah-Ton?(C) (P) 2024 Quelle: ah-Ton Dieser Song ist ab dem 03.05.2024 auf allen Download- und Streaming-Portalen erh\u00e4ltlich.\u00a0 Airdate (f\u00fcr Radiosender):&#8230;<\/p>\n","protected":false},"author":1,"featured_media":25201,"comment_status":"open","ping_status":"open","sticky":false,"template":"","format":"standard","meta":{"footnotes":""},"categories":[2],"tags":[2633],"class_list":["post-25200","post","type-post","status-publish","format-standard","has-post-thumbnail","hentry","category-schlager","tag-hans-schwarzbaecker","wpcat-2-id"],"_links":{"self":[{"href":"https:\/\/bergers-schlagerparadies.de\/index.php?rest_route=\/wp\/v2\/posts\/25200","targetHints":{"allow":["GET"]}}],"collection":[{"href":"https:\/\/bergers-schlagerparadies.de\/index.php?rest_route=\/wp\/v2\/posts"}],"about":[{"href":"https:\/\/bergers-schlagerparadies.de\/index.php?rest_route=\/wp\/v2\/types\/post"}],"author":[{"embeddable":true,"href":"https:\/\/bergers-schlagerparadies.de\/index.php?rest_route=\/wp\/v2\/users\/1"}],"replies":[{"embeddable":true,"href":"https:\/\/bergers-schlagerparadies.de\/index.php?rest_route=%2Fwp%2Fv2%2Fcomments&post=25200"}],"version-history":[{"count":1,"href":"https:\/\/bergers-schlagerparadies.de\/index.php?rest_route=\/wp\/v2\/posts\/25200\/revisions"}],"predecessor-version":[{"id":25202,"href":"https:\/\/bergers-schlagerparadies.de\/index.php?rest_route=\/wp\/v2\/posts\/25200\/revisions\/25202"}],"wp:featuredmedia":[{"embeddable":true,"href":"https:\/\/bergers-schlagerparadies.de\/index.php?rest_route=\/wp\/v2\/media\/25201"}],"wp:attachment":[{"href":"https:\/\/bergers-schlagerparadies.de\/index.php?rest_route=%2Fwp%2Fv2%2Fmedia&parent=25200"}],"wp:term":[{"taxonomy":"category","embeddable":true,"href":"https:\/\/bergers-schlagerparadies.de\/index.php?rest_route=%2Fwp%2Fv2%2Fcategories&post=25200"},{"taxonomy":"post_tag","embeddable":true,"href":"https:\/\/bergers-schlagerparadies.de\/index.php?rest_route=%2Fwp%2Fv2%2Ftags&post=25200"}],"curies":[{"name":"wp","href":"https:\/\/api.w.org\/{rel}","templated":true}]}}