{"id":25085,"date":"2024-05-01T14:07:19","date_gmt":"2024-05-01T12:07:19","guid":{"rendered":"https:\/\/bergers-schlagerparadies.de\/?p=25085"},"modified":"2024-05-01T14:08:42","modified_gmt":"2024-05-01T12:08:42","slug":"feschnrock-i-moecht-den-moment-fuer-immer-behalten-%c2%b7-bergers-schlagerparadies","status":"publish","type":"post","link":"https:\/\/bergers-schlagerparadies.de\/?p=25085","title":{"rendered":"Feschn&#8217;Rock &#8211; i m\u00f6cht den Moment f\u00fcr immer behalten \u00b7 Berger\u00b4s Schlagerparadies"},"content":{"rendered":"<p><img loading=\"lazy\" decoding=\"async\" class=\"size-medium wp-image-25087 alignleft\" src=\"https:\/\/bergers-schlagerparadies.de\/wp-content\/uploads\/2024\/05\/FeschnRock-i-moecht-den-Moment-fuer-immer-behalten-1-300x300.jpeg\" alt=\"\" width=\"300\" height=\"300\" srcset=\"https:\/\/bergers-schlagerparadies.de\/wp-content\/uploads\/2024\/05\/FeschnRock-i-moecht-den-Moment-fuer-immer-behalten-1-300x300.jpeg 300w, https:\/\/bergers-schlagerparadies.de\/wp-content\/uploads\/2024\/05\/FeschnRock-i-moecht-den-Moment-fuer-immer-behalten-1-1024x1024.jpeg 1024w, https:\/\/bergers-schlagerparadies.de\/wp-content\/uploads\/2024\/05\/FeschnRock-i-moecht-den-Moment-fuer-immer-behalten-1-150x150.jpeg 150w, https:\/\/bergers-schlagerparadies.de\/wp-content\/uploads\/2024\/05\/FeschnRock-i-moecht-den-Moment-fuer-immer-behalten-1-768x768.jpeg 768w, https:\/\/bergers-schlagerparadies.de\/wp-content\/uploads\/2024\/05\/FeschnRock-i-moecht-den-Moment-fuer-immer-behalten-1-1188x1188.jpeg 1188w, https:\/\/bergers-schlagerparadies.de\/wp-content\/uploads\/2024\/05\/FeschnRock-i-moecht-den-Moment-fuer-immer-behalten-1-100x100.jpeg 100w, https:\/\/bergers-schlagerparadies.de\/wp-content\/uploads\/2024\/05\/FeschnRock-i-moecht-den-Moment-fuer-immer-behalten-1.jpeg 1200w\" sizes=\"auto, (max-width: 300px) 100vw, 300px\" \/>Mit ihrem ber\u00fchrenden Song &#8222;i m\u00f6cht den Moment f\u00fcr immer behalten&#8220; entf\u00fchrt uns die Gruppe Feschn&#8217;Rock auf eine emotionale Reise durch die Zeit &#8211; perfekt f\u00fcr den sch\u00f6nsten Tag im Leben, die Hochzeit. Die warme Melodie und die einf\u00fchlsamen Texte laden dazu ein, innezuhalten und den Augenblick zu genie\u00dfen, wenn Braut und Br\u00e4utigam sich gegenseitig gegen\u00fcberstehen. Es ist ein Lied \u00fcber die tiefe Verbundenheit zweier Menschen, die sich in guten wie in schlechten Zeiten unterst\u00fctzen.<\/p>\n<p>Die Worte erinnern uns daran, dass es die kleinen Momente im Leben sind, die am kostbarsten sind &#8211; Momente des Lachens, der N\u00e4he und der Zuneigung. Feschn&#8217;Rock schafft es, die Sch\u00f6nheit des Augenblicks einzufangen und uns daran zu erinnern, wie wichtig es ist, die Liebe und das Gl\u00fcck zu sch\u00e4tzen. &#8222;i m\u00f6cht den Moment f\u00fcr immer behalten&#8220; ist ein Lied, das Herzen ber\u00fchrt und die Sehnsucht nach ewiger Liebe weckt.<\/p>\n<p><span style=\"color: #800000;\"><strong>Quelle: ManuStixMusic<\/strong><\/span><\/p>\n<p><span style=\"color: #800000;\"><strong>Dieser Song ist ab dem 03.05.2024 auf allen Download- und Streaming-Portalen erh\u00e4ltlich.\u00a0<\/strong><\/span><\/p>\n<p><span style=\"color: #800000;\"><strong>Airdate (f\u00fcr Radiosender): 03.05.2024<\/strong><\/span><\/p>\n","protected":false},"excerpt":{"rendered":"<p>Mit ihrem ber\u00fchrenden Song &#8222;i m\u00f6cht den Moment f\u00fcr immer behalten&#8220; entf\u00fchrt uns die Gruppe Feschn&#8217;Rock auf eine emotionale Reise durch die Zeit &#8211; perfekt f\u00fcr den sch\u00f6nsten Tag im Leben, die Hochzeit. Die warme Melodie und die einf\u00fchlsamen Texte laden dazu ein, innezuhalten und den Augenblick zu genie\u00dfen, wenn Braut und Br\u00e4utigam sich gegenseitig gegen\u00fcberstehen. Es ist ein Lied \u00fcber die tiefe Verbundenheit zweier Menschen, die sich in guten wie in schlechten Zeiten unterst\u00fctzen. Die Worte erinnern uns daran, dass es die kleinen Momente im Leben sind, die am kostbarsten sind &#8211; Momente des Lachens, der N\u00e4he und der Zuneigung. Feschn&#8217;Rock schafft es, die&#8230;<\/p>\n","protected":false},"author":1,"featured_media":25087,"comment_status":"open","ping_status":"open","sticky":false,"template":"","format":"standard","meta":{"footnotes":""},"categories":[2],"tags":[2618],"class_list":["post-25085","post","type-post","status-publish","format-standard","has-post-thumbnail","hentry","category-schlager","tag-feschnrock","wpcat-2-id"],"_links":{"self":[{"href":"https:\/\/bergers-schlagerparadies.de\/index.php?rest_route=\/wp\/v2\/posts\/25085","targetHints":{"allow":["GET"]}}],"collection":[{"href":"https:\/\/bergers-schlagerparadies.de\/index.php?rest_route=\/wp\/v2\/posts"}],"about":[{"href":"https:\/\/bergers-schlagerparadies.de\/index.php?rest_route=\/wp\/v2\/types\/post"}],"author":[{"embeddable":true,"href":"https:\/\/bergers-schlagerparadies.de\/index.php?rest_route=\/wp\/v2\/users\/1"}],"replies":[{"embeddable":true,"href":"https:\/\/bergers-schlagerparadies.de\/index.php?rest_route=%2Fwp%2Fv2%2Fcomments&post=25085"}],"version-history":[{"count":3,"href":"https:\/\/bergers-schlagerparadies.de\/index.php?rest_route=\/wp\/v2\/posts\/25085\/revisions"}],"predecessor-version":[{"id":25090,"href":"https:\/\/bergers-schlagerparadies.de\/index.php?rest_route=\/wp\/v2\/posts\/25085\/revisions\/25090"}],"wp:featuredmedia":[{"embeddable":true,"href":"https:\/\/bergers-schlagerparadies.de\/index.php?rest_route=\/wp\/v2\/media\/25087"}],"wp:attachment":[{"href":"https:\/\/bergers-schlagerparadies.de\/index.php?rest_route=%2Fwp%2Fv2%2Fmedia&parent=25085"}],"wp:term":[{"taxonomy":"category","embeddable":true,"href":"https:\/\/bergers-schlagerparadies.de\/index.php?rest_route=%2Fwp%2Fv2%2Fcategories&post=25085"},{"taxonomy":"post_tag","embeddable":true,"href":"https:\/\/bergers-schlagerparadies.de\/index.php?rest_route=%2Fwp%2Fv2%2Ftags&post=25085"}],"curies":[{"name":"wp","href":"https:\/\/api.w.org\/{rel}","templated":true}]}}