{"id":24944,"date":"2024-04-26T10:03:18","date_gmt":"2024-04-26T08:03:18","guid":{"rendered":"https:\/\/bergers-schlagerparadies.de\/?p=24944"},"modified":"2024-04-26T10:03:18","modified_gmt":"2024-04-26T08:03:18","slug":"anthony-weihs-du-hast-einmal-zu-oft-nein-gesagt-%c2%b7-bergers-schlagerparadies","status":"publish","type":"post","link":"https:\/\/bergers-schlagerparadies.de\/?p=24944","title":{"rendered":"Anthony Weihs &#8211; Du hast einmal zu oft nein gesagt \u00b7 Berger\u00b4s Schlagerparadies"},"content":{"rendered":"<p><img loading=\"lazy\" decoding=\"async\" class=\"size-medium wp-image-24945 alignleft\" src=\"https:\/\/bergers-schlagerparadies.de\/wp-content\/uploads\/2024\/04\/Anthony-Weihs-Du-hast-einmal-zu-oft-nein-gesagt-300x300.jpeg\" alt=\"\" width=\"300\" height=\"300\" srcset=\"https:\/\/bergers-schlagerparadies.de\/wp-content\/uploads\/2024\/04\/Anthony-Weihs-Du-hast-einmal-zu-oft-nein-gesagt-300x300.jpeg 300w, https:\/\/bergers-schlagerparadies.de\/wp-content\/uploads\/2024\/04\/Anthony-Weihs-Du-hast-einmal-zu-oft-nein-gesagt-1024x1024.jpeg 1024w, https:\/\/bergers-schlagerparadies.de\/wp-content\/uploads\/2024\/04\/Anthony-Weihs-Du-hast-einmal-zu-oft-nein-gesagt-150x150.jpeg 150w, https:\/\/bergers-schlagerparadies.de\/wp-content\/uploads\/2024\/04\/Anthony-Weihs-Du-hast-einmal-zu-oft-nein-gesagt-768x768.jpeg 768w, https:\/\/bergers-schlagerparadies.de\/wp-content\/uploads\/2024\/04\/Anthony-Weihs-Du-hast-einmal-zu-oft-nein-gesagt-1536x1536.jpeg 1536w, https:\/\/bergers-schlagerparadies.de\/wp-content\/uploads\/2024\/04\/Anthony-Weihs-Du-hast-einmal-zu-oft-nein-gesagt-2048x2048.jpeg 2048w, https:\/\/bergers-schlagerparadies.de\/wp-content\/uploads\/2024\/04\/Anthony-Weihs-Du-hast-einmal-zu-oft-nein-gesagt-1200x1200.jpeg 1200w, https:\/\/bergers-schlagerparadies.de\/wp-content\/uploads\/2024\/04\/Anthony-Weihs-Du-hast-einmal-zu-oft-nein-gesagt-1188x1188.jpeg 1188w, https:\/\/bergers-schlagerparadies.de\/wp-content\/uploads\/2024\/04\/Anthony-Weihs-Du-hast-einmal-zu-oft-nein-gesagt-100x100.jpeg 100w\" sizes=\"auto, (max-width: 300px) 100vw, 300px\" \/>Anthony Weihs pr\u00e4sentiert seinen neuen Pop-Schlager, der auf charmante Art die Herausforderungen einer Liaison und deren Emotionen so authentisch widerspiegelt, dass man diesen selbst als H\u00f6rer kaum widerstehen kann. Anthony Weihs verleiht dem Song mit seiner unverkennbaren Stimme eine zus\u00e4tzliche Tiefe und l\u00e4sst den H\u00f6rer sehr weit in die Geschichte des Songs eintauchen. Die mitrei\u00dfende Melodik und das tanzbare Arrangement verf\u00fchren die H\u00f6rer ebenso wie die Protagonisten des Storyboards.<\/p>\n<p>&nbsp;<\/p>\n<p><span style=\"color: #800000;\"><strong>Quelle: recordJet<\/strong><\/span><\/p>\n<p><span style=\"color: #800000;\"><strong>Dieser Song ist ab dem 26.04.2024 auf allen Download- und Streaming-Portalen erh\u00e4ltlich!<\/strong><\/span><\/p>\n<p><span style=\"color: #800000;\"><strong>Airdate (f\u00fcr Radiosender): 26.04.2024<\/strong><\/span><\/p>\n","protected":false},"excerpt":{"rendered":"<p>Anthony Weihs pr\u00e4sentiert seinen neuen Pop-Schlager, der auf charmante Art die Herausforderungen einer Liaison und deren Emotionen so authentisch widerspiegelt, dass man diesen selbst als H\u00f6rer kaum widerstehen kann. Anthony Weihs verleiht dem Song mit seiner unverkennbaren Stimme eine zus\u00e4tzliche Tiefe und l\u00e4sst den H\u00f6rer sehr weit in die Geschichte des Songs eintauchen. Die mitrei\u00dfende Melodik und das tanzbare Arrangement verf\u00fchren die H\u00f6rer ebenso wie die Protagonisten des Storyboards. &nbsp; Quelle: recordJet Dieser Song ist ab dem 26.04.2024 auf allen Download- und Streaming-Portalen erh\u00e4ltlich! Airdate (f\u00fcr Radiosender): 26.04.2024<\/p>\n","protected":false},"author":1,"featured_media":24945,"comment_status":"open","ping_status":"open","sticky":false,"template":"","format":"standard","meta":{"footnotes":""},"categories":[2],"tags":[856],"class_list":["post-24944","post","type-post","status-publish","format-standard","has-post-thumbnail","hentry","category-schlager","tag-anthony-weihs","wpcat-2-id"],"_links":{"self":[{"href":"https:\/\/bergers-schlagerparadies.de\/index.php?rest_route=\/wp\/v2\/posts\/24944","targetHints":{"allow":["GET"]}}],"collection":[{"href":"https:\/\/bergers-schlagerparadies.de\/index.php?rest_route=\/wp\/v2\/posts"}],"about":[{"href":"https:\/\/bergers-schlagerparadies.de\/index.php?rest_route=\/wp\/v2\/types\/post"}],"author":[{"embeddable":true,"href":"https:\/\/bergers-schlagerparadies.de\/index.php?rest_route=\/wp\/v2\/users\/1"}],"replies":[{"embeddable":true,"href":"https:\/\/bergers-schlagerparadies.de\/index.php?rest_route=%2Fwp%2Fv2%2Fcomments&post=24944"}],"version-history":[{"count":1,"href":"https:\/\/bergers-schlagerparadies.de\/index.php?rest_route=\/wp\/v2\/posts\/24944\/revisions"}],"predecessor-version":[{"id":24946,"href":"https:\/\/bergers-schlagerparadies.de\/index.php?rest_route=\/wp\/v2\/posts\/24944\/revisions\/24946"}],"wp:featuredmedia":[{"embeddable":true,"href":"https:\/\/bergers-schlagerparadies.de\/index.php?rest_route=\/wp\/v2\/media\/24945"}],"wp:attachment":[{"href":"https:\/\/bergers-schlagerparadies.de\/index.php?rest_route=%2Fwp%2Fv2%2Fmedia&parent=24944"}],"wp:term":[{"taxonomy":"category","embeddable":true,"href":"https:\/\/bergers-schlagerparadies.de\/index.php?rest_route=%2Fwp%2Fv2%2Fcategories&post=24944"},{"taxonomy":"post_tag","embeddable":true,"href":"https:\/\/bergers-schlagerparadies.de\/index.php?rest_route=%2Fwp%2Fv2%2Ftags&post=24944"}],"curies":[{"name":"wp","href":"https:\/\/api.w.org\/{rel}","templated":true}]}}