{"id":24798,"date":"2024-08-16T10:30:33","date_gmt":"2024-08-16T08:30:33","guid":{"rendered":"https:\/\/bergers-schlagerparadies.de\/?p=24798"},"modified":"2024-08-16T09:33:33","modified_gmt":"2024-08-16T07:33:33","slug":"anna-carina-woitschack-meine-zeit-album-%c2%b7-bergers-schlagerparadies","status":"publish","type":"post","link":"https:\/\/bergers-schlagerparadies.de\/?p=24798","title":{"rendered":"Anna-Carina Woitschack &#8211; MEINE ZEIT (Album) \u00b7 Berger\u00b4s Schlagerparadies"},"content":{"rendered":"<p><span style=\"color: #800000;\"><strong><img loading=\"lazy\" decoding=\"async\" class=\"size-medium wp-image-24799 alignleft\" src=\"https:\/\/bergers-schlagerparadies.de\/wp-content\/uploads\/2024\/04\/Anna-Carina-Woitschack-MEINE-ZEIT-300x300.jpg\" alt=\"\" width=\"300\" height=\"300\" srcset=\"https:\/\/bergers-schlagerparadies.de\/wp-content\/uploads\/2024\/04\/Anna-Carina-Woitschack-MEINE-ZEIT-300x300.jpg 300w, https:\/\/bergers-schlagerparadies.de\/wp-content\/uploads\/2024\/04\/Anna-Carina-Woitschack-MEINE-ZEIT-150x150.jpg 150w, https:\/\/bergers-schlagerparadies.de\/wp-content\/uploads\/2024\/04\/Anna-Carina-Woitschack-MEINE-ZEIT-768x768.jpg 768w, https:\/\/bergers-schlagerparadies.de\/wp-content\/uploads\/2024\/04\/Anna-Carina-Woitschack-MEINE-ZEIT-100x100.jpg 100w, https:\/\/bergers-schlagerparadies.de\/wp-content\/uploads\/2024\/04\/Anna-Carina-Woitschack-MEINE-ZEIT.jpg 843w\" sizes=\"auto, (max-width: 300px) 100vw, 300px\" \/><\/strong><\/span><\/p>\n<p>Seit Jahren befindet sich Anna-Carina Woitschack auf der \u00dcberholspur. Ihre Fangemeinde w\u00e4chst stetig und nun geht die Erfolgsgeschichte weiter. Am 16. August 2024 ver\u00f6ffentlicht sie ihr neues Album \u201eMeine Zeit\u201c, das mit positiven und authentischen Songs begeistert! Ihre letzten drei Alben \u201eTr\u00e4umer\u201c, \u201eLichtblicke\u201c und ihr gro\u00dfes \u201eBest of\u201c landeten allesamt in den Top10 der deutschen Album-Charts. Nun sorgt sie mit \u201eMeine Zeit\u201c f\u00fcr das n\u00e4chste Hit-Album, das die enorme Entwicklung von Anna-Carina zeigt. In der RTL-Show \u201eDie Verr\u00e4ter \u2013 Vertraue niemandem!\u201c konnte sie 2023 ein Millionenpublikum von sich begeistern. Die Social Media Community des Allroundtalents wird immer gr\u00f6\u00dfer und auch bei ihren vielen Live-Auftritten l\u00e4sst sie die Herzen des Publikums regelm\u00e4\u00dfig h\u00f6herschlagen. Vor 13 Jahren begann Anna-Carina Woitschack ihre Reise bei \u201eDSDS\u201c, auf \u201eMeine Zeit\u201c h\u00f6rt man einmal mehr die musikalische Weiterentwicklung und die gro\u00dfe Liebe zu ihrem Beruf: \u201eF\u00fcr mich ist es viel mehr als ein Beruf \u2013 es ist meine Leidenschaft. Ich liebe und lebe die Musik und versuche, den Fans wieder etwas zu schenken. Es sind kleine Geschenke &#8211; 12 ganz besondere Geschichten, die ich besinge. Und ich w\u00fcrde mich freuen, wenn der eine oder andere auch seine eigene Story wiederfindet.\u201c Auf \u201eMeine Zeit\u201c besingt Anna-Carina Woitschack auch viele autobiografische Momente, die sie in den vergangenen Jahren erlebt hat. Wir h\u00f6ren eine starke, selbstbewusste Frau, die deutlich macht: Jetzt ist meine Zeit! Anna-Carina m\u00f6chte sich mit dieser Aussage nicht mehr verstecken &#8211; oder wie sie selbst so sch\u00f6n sagt: \u201eAus Steinen, die einem manchmal in den Weg gelegt werden, kann man wunderbare Schl\u00f6sser bauen.\u201c Genau dieses Gef\u00fchl vermittelt das neue Album von Anna-Carina Woitschack, denn alle Songs sind durchweg positiv und vor allem authentisch. Wir leben alle in einer Welt, in der man oft bewertet und verglichen wird. Diese Selbstzweifel m\u00f6chte uns das Energieb\u00fcndel nehmen: \u201eEgal was von au\u00dfen passiert, es ist ganz wichtig, dass man an sich glaubt! Verliert nie die Hoffnung und behaltet eure Selbstliebe. Ich habe gelernt, mehr auf mein Herz zu h\u00f6ren, als auf meinen Kopf. Und diesen Weg bin ich auch musikalisch gegangen, weil es einfach echt ist.\u201c F\u00fcr die Produktion der neuen Songs hat Anna-Carina ihr Produzenten-Team vergr\u00f6\u00dfert. Neben Oli Nova stie\u00dfen auch Alexs White und Alex Strasser dazu \u2013 eine Kombination aus geballter Kreativit\u00e4t. \u201eMir war es wichtig, dass wir den typischen Oli Nova-Sound behalten. Dazu noch die Titel von White &amp; Strasser \u2013 das hat sich hervorragend erg\u00e4nzt.\u201c So k\u00f6nnen wir uns auch auf dem neuen Album sozusagen auf eine typisch-neue Anna-Carina freuen. Die Lieder sind mit viel Leidenschaft, Liebe und Herzblut entstanden \u2013 und sogar mit Freudentr\u00e4nen. Einen Vorgeschmack lieferte bereits die erste Single-Auskopplung \u201eSmalltalk\u201c \u2013 ein echter Partyhit, zu dem jung und alt gleicherma\u00dfen abfeiern k\u00f6nnen. Mit der zweiten Single \u201eDie Welt umarmen\u201c liefert Anna-Carina Woitschack den perfekten Sommer-Soundtrack. Die Nummer geh\u00f6rt zu den Lieblingen der S\u00e4ngerin, da sie direkt beim ersten H\u00f6ren gute Laune vermittelt. Und genau diese Message m\u00f6chte sie mit ihren Liedern vermitteln: Lasst uns an jedem Tag das Leben feiern und den Augenblick genie\u00dfen! Mit \u201eMein Herz ist kein Hotel\u201c beschreibt Anna-Carina mit frechem Unterton, wie Frauen sich in manchen Situationen wirklich f\u00fchlen. Gerade wenn ein Mann denkt, er k\u00f6nne nur Spa\u00df haben und auf der anderen Seite schon Gef\u00fchle im Spiel sind: \u201eIch wollte das Thema Flirten mal etwas frecher beschreiben\u201c. So hei\u00dft es in der Uptempo-Nummer vielsagend: \u201eIch bin auch nicht all-inclusive. Mein Herz wei\u00df genau, was es will.\u201c Das musikalische Herz von Anna-Carina Woitschack schl\u00e4gt schon seit jeher f\u00fcr Balladen. So verwundert es auch nicht, dass ihr wohl pers\u00f6nlichster Titel des Albums \u201eWie ich bin\u201c ein wundersch\u00f6ner, ruhiger Song ist, der tief in die Seele der S\u00e4ngerin blicken l\u00e4sst: \u201eWer bin ich denn eigentlich? Ich bin eine starke Frau, aber ich habe auch eine sehr emotionale Seite. Genau dieses Gef\u00fchl besinge ich \u2013 dass man sich in seiner Haut wohlf\u00fchlen sollte, ganz ohne sich verstellen zu m\u00fcssen. Auch wenn nach au\u00dfen hin oft alles perfekt scheint, so haben wir K\u00fcnstler auch unsere Sorgen zu tragen.\u201c Zudem m\u00f6chte Anna-Carina Mut machen, an die eigenen Tr\u00e4ume zu glauben und selbstbestimmt den eigenen Weg zu gehen. In \u201eGl\u00fccksmomente\u201c geht es vor allem um die wundersch\u00f6nen Dinge, die man f\u00fcr kein Geld der Welt kaufen kann. Das sind f\u00fcr die S\u00e4ngerin zum einen ihre Fans, die sie zum Teil schon seit ihrer \u201eDSDS\u201c-Zeit begleiten. Aber es sind auch die Gl\u00fccksmomente, die ihr im Privaten passiert sind: \u201eIch habe eine tolle Familie und die besten Freunde. Das gr\u00f6\u00dfte Geschenk sind ehrliche Menschen, die dein Leben einfach bereichern und zu dir stehen.\u201c F\u00fcr ein besonderes Highlight sorgt der Titel \u201eProsecco zum Fr\u00fchst\u00fcck\u201c, den Anna-Carina gemeinsam mit den Jungs der Mountain Crew aufgenommen hat. Diesen Partysong bekommt man mit seinem eing\u00e4ngigen Refrain und dem treibenden Beat nicht mehr aus dem Kopf. Schon bald wird es \u00fcberall hei\u00dfen: \u201eProsecco zum Fr\u00fchst\u00fcck und ich hab\u2018 wieder die Welt im Griff. Lass die Gl\u00e4ser erklingen und alle singen dieses Lied\u201c. Mit \u201eMeine Zeit\u201c zeigt Anna-Carina Woitschack einmal mehr ihr musikalisches K\u00f6nnen und ihre gro\u00dfe Liebe zur Musik und zum Detail. Und wann kann man schon mal von sich sagen: Jetzt ist meine Zeit? Anna-Carina: \u201eIch habe oft versucht zu definieren, was ist der richtige Moment und den gibt es einfach nicht. Es gibt nur die richtige Zeit, in der man f\u00fchlt, dass alles so richtig ist, wie es ist. F\u00fcr mich ist genau jetzt der perfekte Zeitpunkt dies zu sagen.\u201c Mit diesem selbstbewussten, ehrlichen Album geht die S\u00e4ngerin ihren eigenen Weg weiter. 2023 war das Multitalent bereits auf den B\u00fchnen Deutschlands und \u00d6sterreichs unterwegs und auch 2024 hat sie schon so manchen Kilometer hinter sich gebracht. Die Planungen laufen aber nat\u00fcrlich weiter auf Hochtouren und die n\u00e4chsten Projekte stehen bereits an. Das Album \u201eMeine Zeit\u201c erscheint am 16. August 2024 bei TELAMO.<\/p>\n<p><span style=\"color: #800000;\"><strong>Quelle: Telamo<\/strong><\/span><\/p>\n<p><span style=\"color: #800000;\"><strong>Dieses Album ist ab dem 16.08.2024 auf allen Download- und Streaming-Portalen erh\u00e4ltlich.\u00a0<\/strong><\/span><\/p>\n<p><span style=\"color: #800000;\"><strong>Airdate (f\u00fcr Radiosender): 16.08.2024<\/strong><\/span><\/p>\n","protected":false},"excerpt":{"rendered":"<p>Seit Jahren befindet sich Anna-Carina Woitschack auf der \u00dcberholspur. Ihre Fangemeinde w\u00e4chst stetig und nun geht die Erfolgsgeschichte weiter. Am 16. August 2024 ver\u00f6ffentlicht sie ihr neues Album \u201eMeine Zeit\u201c, das mit positiven und authentischen Songs begeistert! Ihre letzten drei Alben \u201eTr\u00e4umer\u201c, \u201eLichtblicke\u201c und ihr gro\u00dfes \u201eBest of\u201c landeten allesamt in den Top10 der deutschen Album-Charts. Nun sorgt sie mit \u201eMeine Zeit\u201c f\u00fcr das n\u00e4chste Hit-Album, das die enorme Entwicklung von Anna-Carina zeigt. In der RTL-Show \u201eDie Verr\u00e4ter \u2013 Vertraue niemandem!\u201c konnte sie 2023 ein Millionenpublikum von sich begeistern. Die Social Media Community des Allroundtalents wird immer gr\u00f6\u00dfer und auch bei ihren vielen Live-Auftritten l\u00e4sst&#8230;<\/p>\n","protected":false},"author":1,"featured_media":24799,"comment_status":"open","ping_status":"open","sticky":false,"template":"","format":"standard","meta":{"footnotes":""},"categories":[2],"tags":[567],"class_list":["post-24798","post","type-post","status-publish","format-standard","has-post-thumbnail","hentry","category-schlager","tag-anna-carina-woitschack","wpcat-2-id"],"_links":{"self":[{"href":"https:\/\/bergers-schlagerparadies.de\/index.php?rest_route=\/wp\/v2\/posts\/24798","targetHints":{"allow":["GET"]}}],"collection":[{"href":"https:\/\/bergers-schlagerparadies.de\/index.php?rest_route=\/wp\/v2\/posts"}],"about":[{"href":"https:\/\/bergers-schlagerparadies.de\/index.php?rest_route=\/wp\/v2\/types\/post"}],"author":[{"embeddable":true,"href":"https:\/\/bergers-schlagerparadies.de\/index.php?rest_route=\/wp\/v2\/users\/1"}],"replies":[{"embeddable":true,"href":"https:\/\/bergers-schlagerparadies.de\/index.php?rest_route=%2Fwp%2Fv2%2Fcomments&post=24798"}],"version-history":[{"count":3,"href":"https:\/\/bergers-schlagerparadies.de\/index.php?rest_route=\/wp\/v2\/posts\/24798\/revisions"}],"predecessor-version":[{"id":27998,"href":"https:\/\/bergers-schlagerparadies.de\/index.php?rest_route=\/wp\/v2\/posts\/24798\/revisions\/27998"}],"wp:featuredmedia":[{"embeddable":true,"href":"https:\/\/bergers-schlagerparadies.de\/index.php?rest_route=\/wp\/v2\/media\/24799"}],"wp:attachment":[{"href":"https:\/\/bergers-schlagerparadies.de\/index.php?rest_route=%2Fwp%2Fv2%2Fmedia&parent=24798"}],"wp:term":[{"taxonomy":"category","embeddable":true,"href":"https:\/\/bergers-schlagerparadies.de\/index.php?rest_route=%2Fwp%2Fv2%2Fcategories&post=24798"},{"taxonomy":"post_tag","embeddable":true,"href":"https:\/\/bergers-schlagerparadies.de\/index.php?rest_route=%2Fwp%2Fv2%2Ftags&post=24798"}],"curies":[{"name":"wp","href":"https:\/\/api.w.org\/{rel}","templated":true}]}}