{"id":24654,"date":"2024-04-17T21:09:00","date_gmt":"2024-04-17T19:09:00","guid":{"rendered":"https:\/\/bergers-schlagerparadies.de\/?p=24654"},"modified":"2024-04-17T21:09:00","modified_gmt":"2024-04-17T19:09:00","slug":"marko-abend-wenn-der-wind-sich-dreht-%c2%b7-bergers-schlagerparadies","status":"publish","type":"post","link":"https:\/\/bergers-schlagerparadies.de\/?p=24654","title":{"rendered":"Marko Abend &#8211; Wenn der Wind sich dreht \u00b7 Berger\u00b4s Schlagerparadies"},"content":{"rendered":"<p><img loading=\"lazy\" decoding=\"async\" class=\"size-medium wp-image-24655 alignleft\" src=\"https:\/\/bergers-schlagerparadies.de\/wp-content\/uploads\/2024\/04\/Marko-Abend-Wenn-der-Wind-sich-dreht-300x300.jpeg\" alt=\"\" width=\"300\" height=\"300\" srcset=\"https:\/\/bergers-schlagerparadies.de\/wp-content\/uploads\/2024\/04\/Marko-Abend-Wenn-der-Wind-sich-dreht-300x300.jpeg 300w, https:\/\/bergers-schlagerparadies.de\/wp-content\/uploads\/2024\/04\/Marko-Abend-Wenn-der-Wind-sich-dreht-1024x1024.jpeg 1024w, https:\/\/bergers-schlagerparadies.de\/wp-content\/uploads\/2024\/04\/Marko-Abend-Wenn-der-Wind-sich-dreht-150x150.jpeg 150w, https:\/\/bergers-schlagerparadies.de\/wp-content\/uploads\/2024\/04\/Marko-Abend-Wenn-der-Wind-sich-dreht-768x768.jpeg 768w, https:\/\/bergers-schlagerparadies.de\/wp-content\/uploads\/2024\/04\/Marko-Abend-Wenn-der-Wind-sich-dreht-1188x1188.jpeg 1188w, https:\/\/bergers-schlagerparadies.de\/wp-content\/uploads\/2024\/04\/Marko-Abend-Wenn-der-Wind-sich-dreht-100x100.jpeg 100w, https:\/\/bergers-schlagerparadies.de\/wp-content\/uploads\/2024\/04\/Marko-Abend-Wenn-der-Wind-sich-dreht.jpeg 1200w\" sizes=\"auto, (max-width: 300px) 100vw, 300px\" \/>Es wird st\u00fcrmisch\u2026!!!<br \/>\n&#8222;Die raue Stimme des Nordens&#8220; meldet sich nach einer Ballade zur\u00fcck und pustet einem den Wind ins Gesicht.<br \/>\n\u201eWenn der Wind sich dreht\u201c hei\u00dft der neue Titel. Er ermutigt und zeigt, dass sich auch nach einer Entt\u00e4uschung in der Liebe immer wieder neue T\u00fcren \u00f6ffnen werden. Ob der Fr\u00fchling sein \u00dcbriges dazu beitr\u00e4gt, kann jeder selbst herausfinden, wenn die Mischung aus modern Beats und E-Gitarre einen wieder mitrei\u00dft. Auf jeden Fall ist mit 128 bpm dieses Mal wieder Tanzgefahr im Spiel.<\/p>\n<p>Produziert wurde der Song wieder von seinem bew\u00e4hrten Team, Top Seven Musikproduktion (Uwe Gall \/ Udo Biessler). Der Text zum Song stammte wie bisher immer von Marko Abend selbst.<\/p>\n<p>Das dazugeh\u00f6rige Video wurde erneut von BV-Film (Thomas J\u00fcnger \/Reiner Heller) zum Song produziert. Das Video wird eine Geschichte erz\u00e4hlen und ist zeitgleich zum Release Date zu sehen.<\/p>\n<p>Dieser Song ist ab dem 19. April 2024 in allen bekannten Onlineshops erh\u00e4ltlich!<\/p>\n<p><span style=\"color: #800000;\"><strong>Quelle: ONE4YOU RECORDS<\/strong><\/span><\/p>\n<p><span style=\"color: #800000;\"><strong>Dieser Song ist ab dem 19.04.2024 auf allen Download- und Streaming-Portalen erh\u00e4ltlich.\u00a0<\/strong><\/span><\/p>\n<p><span style=\"color: #800000;\"><strong>Airdate (f\u00fcr Radiosender): 19.04.2024<\/strong><\/span><\/p>\n","protected":false},"excerpt":{"rendered":"<p>Es wird st\u00fcrmisch\u2026!!! &#8222;Die raue Stimme des Nordens&#8220; meldet sich nach einer Ballade zur\u00fcck und pustet einem den Wind ins Gesicht. \u201eWenn der Wind sich dreht\u201c hei\u00dft der neue Titel. Er ermutigt und zeigt, dass sich auch nach einer Entt\u00e4uschung in der Liebe immer wieder neue T\u00fcren \u00f6ffnen werden. Ob der Fr\u00fchling sein \u00dcbriges dazu beitr\u00e4gt, kann jeder selbst herausfinden, wenn die Mischung aus modern Beats und E-Gitarre einen wieder mitrei\u00dft. Auf jeden Fall ist mit 128 bpm dieses Mal wieder Tanzgefahr im Spiel. Produziert wurde der Song wieder von seinem bew\u00e4hrten Team, Top Seven Musikproduktion (Uwe Gall \/ Udo Biessler). Der Text zum Song&#8230;<\/p>\n","protected":false},"author":1,"featured_media":24655,"comment_status":"open","ping_status":"open","sticky":false,"template":"","format":"standard","meta":{"footnotes":""},"categories":[2],"tags":[1088],"class_list":["post-24654","post","type-post","status-publish","format-standard","has-post-thumbnail","hentry","category-schlager","tag-marko-abend","wpcat-2-id"],"_links":{"self":[{"href":"https:\/\/bergers-schlagerparadies.de\/index.php?rest_route=\/wp\/v2\/posts\/24654","targetHints":{"allow":["GET"]}}],"collection":[{"href":"https:\/\/bergers-schlagerparadies.de\/index.php?rest_route=\/wp\/v2\/posts"}],"about":[{"href":"https:\/\/bergers-schlagerparadies.de\/index.php?rest_route=\/wp\/v2\/types\/post"}],"author":[{"embeddable":true,"href":"https:\/\/bergers-schlagerparadies.de\/index.php?rest_route=\/wp\/v2\/users\/1"}],"replies":[{"embeddable":true,"href":"https:\/\/bergers-schlagerparadies.de\/index.php?rest_route=%2Fwp%2Fv2%2Fcomments&post=24654"}],"version-history":[{"count":1,"href":"https:\/\/bergers-schlagerparadies.de\/index.php?rest_route=\/wp\/v2\/posts\/24654\/revisions"}],"predecessor-version":[{"id":24656,"href":"https:\/\/bergers-schlagerparadies.de\/index.php?rest_route=\/wp\/v2\/posts\/24654\/revisions\/24656"}],"wp:featuredmedia":[{"embeddable":true,"href":"https:\/\/bergers-schlagerparadies.de\/index.php?rest_route=\/wp\/v2\/media\/24655"}],"wp:attachment":[{"href":"https:\/\/bergers-schlagerparadies.de\/index.php?rest_route=%2Fwp%2Fv2%2Fmedia&parent=24654"}],"wp:term":[{"taxonomy":"category","embeddable":true,"href":"https:\/\/bergers-schlagerparadies.de\/index.php?rest_route=%2Fwp%2Fv2%2Fcategories&post=24654"},{"taxonomy":"post_tag","embeddable":true,"href":"https:\/\/bergers-schlagerparadies.de\/index.php?rest_route=%2Fwp%2Fv2%2Ftags&post=24654"}],"curies":[{"name":"wp","href":"https:\/\/api.w.org\/{rel}","templated":true}]}}