{"id":24623,"date":"2024-04-21T10:30:07","date_gmt":"2024-04-21T08:30:07","guid":{"rendered":"https:\/\/bergers-schlagerparadies.de\/?p=24623"},"modified":"2024-04-16T20:10:53","modified_gmt":"2024-04-16T18:10:53","slug":"die-lauser-wos-wolln-ma-no-mehr-%c2%b7-bergers-schlagerparadies","status":"publish","type":"post","link":"https:\/\/bergers-schlagerparadies.de\/?p=24623","title":{"rendered":"Die Lauser &#8211; Wos wolln ma no mehr \u00b7 Berger\u00b4s Schlagerparadies"},"content":{"rendered":"<p><img loading=\"lazy\" decoding=\"async\" class=\"size-medium wp-image-24624 alignleft\" src=\"https:\/\/bergers-schlagerparadies.de\/wp-content\/uploads\/2024\/04\/Die-Lauser-Wos-wolln-ma-no-mehr-300x300.jpeg\" alt=\"\" width=\"300\" height=\"300\" srcset=\"https:\/\/bergers-schlagerparadies.de\/wp-content\/uploads\/2024\/04\/Die-Lauser-Wos-wolln-ma-no-mehr-300x300.jpeg 300w, https:\/\/bergers-schlagerparadies.de\/wp-content\/uploads\/2024\/04\/Die-Lauser-Wos-wolln-ma-no-mehr-1024x1024.jpeg 1024w, https:\/\/bergers-schlagerparadies.de\/wp-content\/uploads\/2024\/04\/Die-Lauser-Wos-wolln-ma-no-mehr-150x150.jpeg 150w, https:\/\/bergers-schlagerparadies.de\/wp-content\/uploads\/2024\/04\/Die-Lauser-Wos-wolln-ma-no-mehr-768x768.jpeg 768w, https:\/\/bergers-schlagerparadies.de\/wp-content\/uploads\/2024\/04\/Die-Lauser-Wos-wolln-ma-no-mehr-1536x1536.jpeg 1536w, https:\/\/bergers-schlagerparadies.de\/wp-content\/uploads\/2024\/04\/Die-Lauser-Wos-wolln-ma-no-mehr-2048x2048.jpeg 2048w, https:\/\/bergers-schlagerparadies.de\/wp-content\/uploads\/2024\/04\/Die-Lauser-Wos-wolln-ma-no-mehr-1200x1200.jpeg 1200w, https:\/\/bergers-schlagerparadies.de\/wp-content\/uploads\/2024\/04\/Die-Lauser-Wos-wolln-ma-no-mehr-1188x1188.jpeg 1188w, https:\/\/bergers-schlagerparadies.de\/wp-content\/uploads\/2024\/04\/Die-Lauser-Wos-wolln-ma-no-mehr-100x100.jpeg 100w\" sizes=\"auto, (max-width: 300px) 100vw, 300px\" \/>Da ist er wieder! Der neue, hitverd\u00e4chtige Lauser-Titel, den man schon nach den ersten zwei Takten erkennt und mag.<br \/>\n\u201e1000% Lauser, vor allem durch die Stimme von Markus \u201ePoni\u201c Ponhold, die diesem \u201eFeel-Good\u201c-Lied, den gewinnenden Kick gibt. WOS WOLLN MA NO MEHR passt hervorragend ins Radio, sorgt sicher bei den zahllosen Live-Auftritten der Jungs im Kilt f\u00fcr Stimmung und hinterl\u00e4sst beim Anh\u00f6ren ein wohltuendes AHA-Gef\u00fchl, n\u00e4mlich: dass es uns trotz aller Widrigkeiten im Alltag eigentlich verdammt gut geht!<\/p>\n<p>&nbsp;<\/p>\n<p><span style=\"color: #800000;\"><strong>Quelle: Hinker Music<\/strong><\/span><\/p>\n<p><span style=\"color: #800000;\"><strong>Dieser Song ist ab dem 26.04.2024 auf allen Download- und Streaming-Portalen erh\u00e4ltlich.\u00a0<\/strong><\/span><\/p>\n<p><span style=\"color: #800000;\"><strong>Airdate (f\u00fcr Radiosender): 26.04.2024<\/strong><\/span><\/p>\n","protected":false},"excerpt":{"rendered":"<p>Da ist er wieder! Der neue, hitverd\u00e4chtige Lauser-Titel, den man schon nach den ersten zwei Takten erkennt und mag. \u201e1000% Lauser, vor allem durch die Stimme von Markus \u201ePoni\u201c Ponhold, die diesem \u201eFeel-Good\u201c-Lied, den gewinnenden Kick gibt. WOS WOLLN MA NO MEHR passt hervorragend ins Radio, sorgt sicher bei den zahllosen Live-Auftritten der Jungs im Kilt f\u00fcr Stimmung und hinterl\u00e4sst beim Anh\u00f6ren ein wohltuendes AHA-Gef\u00fchl, n\u00e4mlich: dass es uns trotz aller Widrigkeiten im Alltag eigentlich verdammt gut geht! &nbsp; Quelle: Hinker Music Dieser Song ist ab dem 26.04.2024 auf allen Download- und Streaming-Portalen erh\u00e4ltlich.\u00a0 Airdate (f\u00fcr Radiosender): 26.04.2024<\/p>\n","protected":false},"author":1,"featured_media":24624,"comment_status":"open","ping_status":"open","sticky":false,"template":"","format":"standard","meta":{"footnotes":""},"categories":[2],"tags":[1357],"class_list":["post-24623","post","type-post","status-publish","format-standard","has-post-thumbnail","hentry","category-schlager","tag-die-lauser","wpcat-2-id"],"_links":{"self":[{"href":"https:\/\/bergers-schlagerparadies.de\/index.php?rest_route=\/wp\/v2\/posts\/24623","targetHints":{"allow":["GET"]}}],"collection":[{"href":"https:\/\/bergers-schlagerparadies.de\/index.php?rest_route=\/wp\/v2\/posts"}],"about":[{"href":"https:\/\/bergers-schlagerparadies.de\/index.php?rest_route=\/wp\/v2\/types\/post"}],"author":[{"embeddable":true,"href":"https:\/\/bergers-schlagerparadies.de\/index.php?rest_route=\/wp\/v2\/users\/1"}],"replies":[{"embeddable":true,"href":"https:\/\/bergers-schlagerparadies.de\/index.php?rest_route=%2Fwp%2Fv2%2Fcomments&post=24623"}],"version-history":[{"count":1,"href":"https:\/\/bergers-schlagerparadies.de\/index.php?rest_route=\/wp\/v2\/posts\/24623\/revisions"}],"predecessor-version":[{"id":24625,"href":"https:\/\/bergers-schlagerparadies.de\/index.php?rest_route=\/wp\/v2\/posts\/24623\/revisions\/24625"}],"wp:featuredmedia":[{"embeddable":true,"href":"https:\/\/bergers-schlagerparadies.de\/index.php?rest_route=\/wp\/v2\/media\/24624"}],"wp:attachment":[{"href":"https:\/\/bergers-schlagerparadies.de\/index.php?rest_route=%2Fwp%2Fv2%2Fmedia&parent=24623"}],"wp:term":[{"taxonomy":"category","embeddable":true,"href":"https:\/\/bergers-schlagerparadies.de\/index.php?rest_route=%2Fwp%2Fv2%2Fcategories&post=24623"},{"taxonomy":"post_tag","embeddable":true,"href":"https:\/\/bergers-schlagerparadies.de\/index.php?rest_route=%2Fwp%2Fv2%2Ftags&post=24623"}],"curies":[{"name":"wp","href":"https:\/\/api.w.org\/{rel}","templated":true}]}}