{"id":24413,"date":"2024-04-05T10:39:34","date_gmt":"2024-04-05T08:39:34","guid":{"rendered":"https:\/\/bergers-schlagerparadies.de\/?p=24413"},"modified":"2024-04-05T10:39:34","modified_gmt":"2024-04-05T08:39:34","slug":"bjoern-landberg-ich-lieb-dich-mehr-als-mich-%c2%b7-bergers-schlagerparadies","status":"publish","type":"post","link":"https:\/\/bergers-schlagerparadies.de\/?p=24413","title":{"rendered":"Bj\u00f6rn Landberg &#8211; Ich lieb dich mehr als mich \u00b7 Berger\u00b4s Schlagerparadies"},"content":{"rendered":"<p><img loading=\"lazy\" decoding=\"async\" class=\"size-medium wp-image-24414 alignleft\" src=\"https:\/\/bergers-schlagerparadies.de\/wp-content\/uploads\/2024\/04\/Bjoern-Landberg-Ich-lieb-dich-mehr-als-mich-300x300.jpeg\" alt=\"\" width=\"300\" height=\"300\" srcset=\"https:\/\/bergers-schlagerparadies.de\/wp-content\/uploads\/2024\/04\/Bjoern-Landberg-Ich-lieb-dich-mehr-als-mich-300x300.jpeg 300w, https:\/\/bergers-schlagerparadies.de\/wp-content\/uploads\/2024\/04\/Bjoern-Landberg-Ich-lieb-dich-mehr-als-mich-1022x1024.jpeg 1022w, https:\/\/bergers-schlagerparadies.de\/wp-content\/uploads\/2024\/04\/Bjoern-Landberg-Ich-lieb-dich-mehr-als-mich-150x150.jpeg 150w, https:\/\/bergers-schlagerparadies.de\/wp-content\/uploads\/2024\/04\/Bjoern-Landberg-Ich-lieb-dich-mehr-als-mich-768x770.jpeg 768w, https:\/\/bergers-schlagerparadies.de\/wp-content\/uploads\/2024\/04\/Bjoern-Landberg-Ich-lieb-dich-mehr-als-mich-1198x1200.jpeg 1198w, https:\/\/bergers-schlagerparadies.de\/wp-content\/uploads\/2024\/04\/Bjoern-Landberg-Ich-lieb-dich-mehr-als-mich-1188x1190.jpeg 1188w, https:\/\/bergers-schlagerparadies.de\/wp-content\/uploads\/2024\/04\/Bjoern-Landberg-Ich-lieb-dich-mehr-als-mich-100x100.jpeg 100w, https:\/\/bergers-schlagerparadies.de\/wp-content\/uploads\/2024\/04\/Bjoern-Landberg-Ich-lieb-dich-mehr-als-mich.jpeg 1500w\" sizes=\"auto, (max-width: 300px) 100vw, 300px\" \/>Die Titelzeile ist eindeutig, da gibt es keine Zweifel.<br \/>\nVon welcher Liebe ist die Rede? Kann eine Liebe gr\u00f6\u00dfersein als die Eigenliebe?<\/p>\n<p>Bj\u00f6rn Landberg, selbst Vater von zwei Kindern, bekennt sich, stellvertretend f\u00fcr alle liebenden Eltern, zu diesem hingebungsvollen Gef\u00fchl.<br \/>\nDieses Empfinden l\u00e4sst M\u00fctter und V\u00e4ter \u00fcber sich selbst hinauswachsen, wenn sie ihre Kleinen gegen Angreifer verteidigen, f\u00fcr sie bis zur Ersch\u00f6pfung k\u00e4mpfen.<\/p>\n<p>Eltern, die sich selbst in ihren Kindern erkennen; die sie einerseits sch\u00fctzen und vor Unheil bewahren wollen, andererseits ihnen Mut, Kraft und Eigensinn f\u00fcr den Weg ins Erwachsenenleben mitgeben wollen.<\/p>\n<p>\u201eWenn ich mal geh, was bleibt?\u201c, fragt Bj\u00f6rn Landberg. Es ist die Hoffnung, dass all die kleinen Dinge der Kindheit zu gro\u00dfen Erfahrungen werden:<br \/>\n\u201eKind leb\u2018 nie nur in Schablonen. Leidenschaft, Mut und Kraft, in dir soll nur Liebe wohnen. Mach dich nie klein und leb, um frei zu sein.\u201c<\/p>\n<p>Unsere Kinder sind die Zukunft. Wir m\u00fcssen alles daf\u00fcr tun, dass sie unbeirrt ihren Weg gehen k\u00f6nnen \u2013 mit Menschlichkeit, Toleranz und Liebe.<\/p>\n<p><span style=\"color: #800000;\"><strong>Quelle: Atresus Music<\/strong><\/span><\/p>\n<p><span style=\"color: #800000;\"><strong>Dieser Song ist ab dem 05.04.2024\u00a0auf allen Download- und Streaming-Portalen erh\u00e4ltlich!<\/strong><\/span><\/p>\n<p><span style=\"color: #800000;\"><strong>Airdate (f\u00fcr Radiosender): 05.04.2024<\/strong><\/span><\/p>\n","protected":false},"excerpt":{"rendered":"<p>Die Titelzeile ist eindeutig, da gibt es keine Zweifel. Von welcher Liebe ist die Rede? Kann eine Liebe gr\u00f6\u00dfersein als die Eigenliebe? Bj\u00f6rn Landberg, selbst Vater von zwei Kindern, bekennt sich, stellvertretend f\u00fcr alle liebenden Eltern, zu diesem hingebungsvollen Gef\u00fchl. Dieses Empfinden l\u00e4sst M\u00fctter und V\u00e4ter \u00fcber sich selbst hinauswachsen, wenn sie ihre Kleinen gegen Angreifer verteidigen, f\u00fcr sie bis zur Ersch\u00f6pfung k\u00e4mpfen. Eltern, die sich selbst in ihren Kindern erkennen; die sie einerseits sch\u00fctzen und vor Unheil bewahren wollen, andererseits ihnen Mut, Kraft und Eigensinn f\u00fcr den Weg ins Erwachsenenleben mitgeben wollen. \u201eWenn ich mal geh, was bleibt?\u201c, fragt Bj\u00f6rn Landberg. Es ist die&#8230;<\/p>\n","protected":false},"author":1,"featured_media":24414,"comment_status":"open","ping_status":"open","sticky":false,"template":"","format":"standard","meta":{"footnotes":""},"categories":[2],"tags":[833],"class_list":["post-24413","post","type-post","status-publish","format-standard","has-post-thumbnail","hentry","category-schlager","tag-bjoern-landberg","wpcat-2-id"],"_links":{"self":[{"href":"https:\/\/bergers-schlagerparadies.de\/index.php?rest_route=\/wp\/v2\/posts\/24413","targetHints":{"allow":["GET"]}}],"collection":[{"href":"https:\/\/bergers-schlagerparadies.de\/index.php?rest_route=\/wp\/v2\/posts"}],"about":[{"href":"https:\/\/bergers-schlagerparadies.de\/index.php?rest_route=\/wp\/v2\/types\/post"}],"author":[{"embeddable":true,"href":"https:\/\/bergers-schlagerparadies.de\/index.php?rest_route=\/wp\/v2\/users\/1"}],"replies":[{"embeddable":true,"href":"https:\/\/bergers-schlagerparadies.de\/index.php?rest_route=%2Fwp%2Fv2%2Fcomments&post=24413"}],"version-history":[{"count":1,"href":"https:\/\/bergers-schlagerparadies.de\/index.php?rest_route=\/wp\/v2\/posts\/24413\/revisions"}],"predecessor-version":[{"id":24415,"href":"https:\/\/bergers-schlagerparadies.de\/index.php?rest_route=\/wp\/v2\/posts\/24413\/revisions\/24415"}],"wp:featuredmedia":[{"embeddable":true,"href":"https:\/\/bergers-schlagerparadies.de\/index.php?rest_route=\/wp\/v2\/media\/24414"}],"wp:attachment":[{"href":"https:\/\/bergers-schlagerparadies.de\/index.php?rest_route=%2Fwp%2Fv2%2Fmedia&parent=24413"}],"wp:term":[{"taxonomy":"category","embeddable":true,"href":"https:\/\/bergers-schlagerparadies.de\/index.php?rest_route=%2Fwp%2Fv2%2Fcategories&post=24413"},{"taxonomy":"post_tag","embeddable":true,"href":"https:\/\/bergers-schlagerparadies.de\/index.php?rest_route=%2Fwp%2Fv2%2Ftags&post=24413"}],"curies":[{"name":"wp","href":"https:\/\/api.w.org\/{rel}","templated":true}]}}