{"id":24396,"date":"2024-04-05T10:30:21","date_gmt":"2024-04-05T08:30:21","guid":{"rendered":"https:\/\/bergers-schlagerparadies.de\/?p=24396"},"modified":"2024-04-05T13:31:57","modified_gmt":"2024-04-05T11:31:57","slug":"nadine-pimanov-fliegst-du-mit-mir-%c2%b7-bergers-schlagerparadies","status":"publish","type":"post","link":"https:\/\/bergers-schlagerparadies.de\/?p=24396","title":{"rendered":"Nadine Pimanov &#8211; Fliegst du mit mir? \u00b7 Berger\u00b4s Schlagerparadies"},"content":{"rendered":"<p><img loading=\"lazy\" decoding=\"async\" class=\"size-medium wp-image-24397 alignleft\" src=\"https:\/\/bergers-schlagerparadies.de\/wp-content\/uploads\/2024\/04\/Nadine-Pimanov-Fliegst-du-mit-mir-300x300.jpeg\" alt=\"\" width=\"300\" height=\"300\" srcset=\"https:\/\/bergers-schlagerparadies.de\/wp-content\/uploads\/2024\/04\/Nadine-Pimanov-Fliegst-du-mit-mir-300x300.jpeg 300w, https:\/\/bergers-schlagerparadies.de\/wp-content\/uploads\/2024\/04\/Nadine-Pimanov-Fliegst-du-mit-mir-1024x1024.jpeg 1024w, https:\/\/bergers-schlagerparadies.de\/wp-content\/uploads\/2024\/04\/Nadine-Pimanov-Fliegst-du-mit-mir-150x150.jpeg 150w, https:\/\/bergers-schlagerparadies.de\/wp-content\/uploads\/2024\/04\/Nadine-Pimanov-Fliegst-du-mit-mir-768x768.jpeg 768w, https:\/\/bergers-schlagerparadies.de\/wp-content\/uploads\/2024\/04\/Nadine-Pimanov-Fliegst-du-mit-mir-1536x1536.jpeg 1536w, https:\/\/bergers-schlagerparadies.de\/wp-content\/uploads\/2024\/04\/Nadine-Pimanov-Fliegst-du-mit-mir-2048x2048.jpeg 2048w, https:\/\/bergers-schlagerparadies.de\/wp-content\/uploads\/2024\/04\/Nadine-Pimanov-Fliegst-du-mit-mir-1200x1200.jpeg 1200w, https:\/\/bergers-schlagerparadies.de\/wp-content\/uploads\/2024\/04\/Nadine-Pimanov-Fliegst-du-mit-mir-1188x1188.jpeg 1188w, https:\/\/bergers-schlagerparadies.de\/wp-content\/uploads\/2024\/04\/Nadine-Pimanov-Fliegst-du-mit-mir-100x100.jpeg 100w\" sizes=\"auto, (max-width: 300px) 100vw, 300px\" \/>Die in K\u00f6ln lebende Ausnahmes\u00e4ngerin mit rum\u00e4nischen Wurzeln, trat in der 2022-Ausgabe von &#8222;The Voice of Germany&#8220; das erste Mal in die gro\u00dfe \u00d6ffentlichkeit und sorgte direkt f\u00fcr Furore. Mit ihrer ruhigen Version des rum\u00e4nischen Kultsongs &#8222;Dragostea din Tei&#8220; schaffte sie es alle Juroren f\u00fcr sich zu begeistern. Im letzten Jahr erschien das Duett \u201eShine a light\u201c, zusammen mit Thomas Rodenbach, und bescherte der stimmstarken S\u00e4ngerin erste kommerzielle Erfolge. Nun startet sie Solo durch: in der ber\u00fchrenden und mutmachenden Pop-Ballade \u201eFliegst du mit?\u201c, brilliert Nadine Pimanov erneut mit ihrer gef\u00fchlvollen und au\u00dfergew\u00f6hnlichen Stimme.<\/p>\n<p><span style=\"color: #800000;\"><strong>Quelle: D7<\/strong><\/span><\/p>\n<p><span style=\"color: #800000;\"><strong>Dieser Song ist ab dem 12.04.2024 auf allen Download- und Streaming-Portalen erh\u00e4ltlich.\u00a0<\/strong><\/span><\/p>\n<p><span style=\"color: #800000;\"><strong>Airdate (f\u00fcr Radiosender): 05.04.2024<\/strong><\/span><\/p>\n<p>&nbsp;<\/p>\n","protected":false},"excerpt":{"rendered":"<p>Die in K\u00f6ln lebende Ausnahmes\u00e4ngerin mit rum\u00e4nischen Wurzeln, trat in der 2022-Ausgabe von &#8222;The Voice of Germany&#8220; das erste Mal in die gro\u00dfe \u00d6ffentlichkeit und sorgte direkt f\u00fcr Furore. Mit ihrer ruhigen Version des rum\u00e4nischen Kultsongs &#8222;Dragostea din Tei&#8220; schaffte sie es alle Juroren f\u00fcr sich zu begeistern. Im letzten Jahr erschien das Duett \u201eShine a light\u201c, zusammen mit Thomas Rodenbach, und bescherte der stimmstarken S\u00e4ngerin erste kommerzielle Erfolge. Nun startet sie Solo durch: in der ber\u00fchrenden und mutmachenden Pop-Ballade \u201eFliegst du mit?\u201c, brilliert Nadine Pimanov erneut mit ihrer gef\u00fchlvollen und au\u00dfergew\u00f6hnlichen Stimme. Quelle: D7 Dieser Song ist ab dem 12.04.2024 auf allen Download- und&#8230;<\/p>\n","protected":false},"author":1,"featured_media":24397,"comment_status":"open","ping_status":"open","sticky":false,"template":"","format":"standard","meta":{"footnotes":""},"categories":[2],"tags":[2538],"class_list":["post-24396","post","type-post","status-publish","format-standard","has-post-thumbnail","hentry","category-schlager","tag-nadine-pimanov","wpcat-2-id"],"_links":{"self":[{"href":"https:\/\/bergers-schlagerparadies.de\/index.php?rest_route=\/wp\/v2\/posts\/24396","targetHints":{"allow":["GET"]}}],"collection":[{"href":"https:\/\/bergers-schlagerparadies.de\/index.php?rest_route=\/wp\/v2\/posts"}],"about":[{"href":"https:\/\/bergers-schlagerparadies.de\/index.php?rest_route=\/wp\/v2\/types\/post"}],"author":[{"embeddable":true,"href":"https:\/\/bergers-schlagerparadies.de\/index.php?rest_route=\/wp\/v2\/users\/1"}],"replies":[{"embeddable":true,"href":"https:\/\/bergers-schlagerparadies.de\/index.php?rest_route=%2Fwp%2Fv2%2Fcomments&post=24396"}],"version-history":[{"count":1,"href":"https:\/\/bergers-schlagerparadies.de\/index.php?rest_route=\/wp\/v2\/posts\/24396\/revisions"}],"predecessor-version":[{"id":24399,"href":"https:\/\/bergers-schlagerparadies.de\/index.php?rest_route=\/wp\/v2\/posts\/24396\/revisions\/24399"}],"wp:featuredmedia":[{"embeddable":true,"href":"https:\/\/bergers-schlagerparadies.de\/index.php?rest_route=\/wp\/v2\/media\/24397"}],"wp:attachment":[{"href":"https:\/\/bergers-schlagerparadies.de\/index.php?rest_route=%2Fwp%2Fv2%2Fmedia&parent=24396"}],"wp:term":[{"taxonomy":"category","embeddable":true,"href":"https:\/\/bergers-schlagerparadies.de\/index.php?rest_route=%2Fwp%2Fv2%2Fcategories&post=24396"},{"taxonomy":"post_tag","embeddable":true,"href":"https:\/\/bergers-schlagerparadies.de\/index.php?rest_route=%2Fwp%2Fv2%2Ftags&post=24396"}],"curies":[{"name":"wp","href":"https:\/\/api.w.org\/{rel}","templated":true}]}}