{"id":24384,"date":"2024-04-07T10:30:53","date_gmt":"2024-04-07T08:30:53","guid":{"rendered":"https:\/\/bergers-schlagerparadies.de\/?p=24384"},"modified":"2024-04-05T09:31:09","modified_gmt":"2024-04-05T07:31:09","slug":"patrick-heidenreich-dreh-die-musik-voll-auf-%c2%b7-bergers-schlagerparadies","status":"publish","type":"post","link":"https:\/\/bergers-schlagerparadies.de\/?p=24384","title":{"rendered":"Patrick Heidenreich &#8211; Dreh die Musik voll auf \u00b7 Berger\u00b4s Schlagerparadies"},"content":{"rendered":"<p><img loading=\"lazy\" decoding=\"async\" class=\"size-medium wp-image-24385 alignleft\" src=\"https:\/\/bergers-schlagerparadies.de\/wp-content\/uploads\/2024\/04\/Patrick-Heidenreich-Dreh-die-Musik-voll-auf-300x300.jpeg\" alt=\"\" width=\"300\" height=\"300\" srcset=\"https:\/\/bergers-schlagerparadies.de\/wp-content\/uploads\/2024\/04\/Patrick-Heidenreich-Dreh-die-Musik-voll-auf-300x300.jpeg 300w, https:\/\/bergers-schlagerparadies.de\/wp-content\/uploads\/2024\/04\/Patrick-Heidenreich-Dreh-die-Musik-voll-auf-1024x1024.jpeg 1024w, https:\/\/bergers-schlagerparadies.de\/wp-content\/uploads\/2024\/04\/Patrick-Heidenreich-Dreh-die-Musik-voll-auf-150x150.jpeg 150w, https:\/\/bergers-schlagerparadies.de\/wp-content\/uploads\/2024\/04\/Patrick-Heidenreich-Dreh-die-Musik-voll-auf-768x768.jpeg 768w, https:\/\/bergers-schlagerparadies.de\/wp-content\/uploads\/2024\/04\/Patrick-Heidenreich-Dreh-die-Musik-voll-auf-1536x1536.jpeg 1536w, https:\/\/bergers-schlagerparadies.de\/wp-content\/uploads\/2024\/04\/Patrick-Heidenreich-Dreh-die-Musik-voll-auf-2048x2048.jpeg 2048w, https:\/\/bergers-schlagerparadies.de\/wp-content\/uploads\/2024\/04\/Patrick-Heidenreich-Dreh-die-Musik-voll-auf-1200x1200.jpeg 1200w, https:\/\/bergers-schlagerparadies.de\/wp-content\/uploads\/2024\/04\/Patrick-Heidenreich-Dreh-die-Musik-voll-auf-1188x1188.jpeg 1188w, https:\/\/bergers-schlagerparadies.de\/wp-content\/uploads\/2024\/04\/Patrick-Heidenreich-Dreh-die-Musik-voll-auf-100x100.jpeg 100w\" sizes=\"auto, (max-width: 300px) 100vw, 300px\" \/>Wenn die Gedanken im Kreis tanzen und die Stimmen im Kopf keine Ruhe finden lassen, bleibt oft nur ein Mittel, um den Alltag vor\u00fcbergehend zu vergessen: Dreh die Musik voll auf!<\/p>\n<p>Erlebt die Energie, lasst euch von ihr mitrei\u00dfen und tanzt euch frei!<\/p>\n<p>In seinem neuesten Track &#8222;Dreh die Musik voll auf&#8220; l\u00e4dt Patrick Heidenreich dazu ein, den Beat zu sp\u00fcren, den Moment zu genie\u00dfen und gemeinsam Spa\u00df zu haben, w\u00e4hrend der kommende Tag in den Hintergrund tritt.<\/p>\n<p>Der Songtext wurde von Lara Koprivica verfasst, w\u00e4hrend Stefan Groll f\u00fcr die Komposition und Produktion des Songs verantwortlich ist.<\/p>\n<p><span style=\"color: #800000;\"><strong>Quelle: Fiesta Records<\/strong><\/span><\/p>\n<p><span style=\"color: #800000;\"><strong>Dieser Song ist ab dem 19.04.2024 auf allen Download- und Streaming-Portalen erh\u00e4ltlich.\u00a0<\/strong><\/span><\/p>\n<p><span style=\"color: #800000;\"><strong>Airdate (f\u00fcr Radiosender): 12.04.2024<\/strong><\/span><\/p>\n","protected":false},"excerpt":{"rendered":"<p>Wenn die Gedanken im Kreis tanzen und die Stimmen im Kopf keine Ruhe finden lassen, bleibt oft nur ein Mittel, um den Alltag vor\u00fcbergehend zu vergessen: Dreh die Musik voll auf! Erlebt die Energie, lasst euch von ihr mitrei\u00dfen und tanzt euch frei! In seinem neuesten Track &#8222;Dreh die Musik voll auf&#8220; l\u00e4dt Patrick Heidenreich dazu ein, den Beat zu sp\u00fcren, den Moment zu genie\u00dfen und gemeinsam Spa\u00df zu haben, w\u00e4hrend der kommende Tag in den Hintergrund tritt. Der Songtext wurde von Lara Koprivica verfasst, w\u00e4hrend Stefan Groll f\u00fcr die Komposition und Produktion des Songs verantwortlich ist. Quelle: Fiesta Records Dieser Song ist ab dem&#8230;<\/p>\n","protected":false},"author":1,"featured_media":24385,"comment_status":"open","ping_status":"open","sticky":false,"template":"","format":"standard","meta":{"footnotes":""},"categories":[2],"tags":[793],"class_list":["post-24384","post","type-post","status-publish","format-standard","has-post-thumbnail","hentry","category-schlager","tag-patrick-heidenreich","wpcat-2-id"],"_links":{"self":[{"href":"https:\/\/bergers-schlagerparadies.de\/index.php?rest_route=\/wp\/v2\/posts\/24384","targetHints":{"allow":["GET"]}}],"collection":[{"href":"https:\/\/bergers-schlagerparadies.de\/index.php?rest_route=\/wp\/v2\/posts"}],"about":[{"href":"https:\/\/bergers-schlagerparadies.de\/index.php?rest_route=\/wp\/v2\/types\/post"}],"author":[{"embeddable":true,"href":"https:\/\/bergers-schlagerparadies.de\/index.php?rest_route=\/wp\/v2\/users\/1"}],"replies":[{"embeddable":true,"href":"https:\/\/bergers-schlagerparadies.de\/index.php?rest_route=%2Fwp%2Fv2%2Fcomments&post=24384"}],"version-history":[{"count":1,"href":"https:\/\/bergers-schlagerparadies.de\/index.php?rest_route=\/wp\/v2\/posts\/24384\/revisions"}],"predecessor-version":[{"id":24387,"href":"https:\/\/bergers-schlagerparadies.de\/index.php?rest_route=\/wp\/v2\/posts\/24384\/revisions\/24387"}],"wp:featuredmedia":[{"embeddable":true,"href":"https:\/\/bergers-schlagerparadies.de\/index.php?rest_route=\/wp\/v2\/media\/24385"}],"wp:attachment":[{"href":"https:\/\/bergers-schlagerparadies.de\/index.php?rest_route=%2Fwp%2Fv2%2Fmedia&parent=24384"}],"wp:term":[{"taxonomy":"category","embeddable":true,"href":"https:\/\/bergers-schlagerparadies.de\/index.php?rest_route=%2Fwp%2Fv2%2Fcategories&post=24384"},{"taxonomy":"post_tag","embeddable":true,"href":"https:\/\/bergers-schlagerparadies.de\/index.php?rest_route=%2Fwp%2Fv2%2Ftags&post=24384"}],"curies":[{"name":"wp","href":"https:\/\/api.w.org\/{rel}","templated":true}]}}