{"id":24034,"date":"2024-03-18T21:25:31","date_gmt":"2024-03-18T20:25:31","guid":{"rendered":"https:\/\/bergers-schlagerparadies.de\/?p=24034"},"modified":"2024-03-18T21:25:31","modified_gmt":"2024-03-18T20:25:31","slug":"giovanni-zarrella-danza-%c2%b7-bergers-schlagerparadies","status":"publish","type":"post","link":"https:\/\/bergers-schlagerparadies.de\/?p=24034","title":{"rendered":"Giovanni Zarrella &#8211; Danza \u00b7 Berger\u00b4s Schlagerparadies"},"content":{"rendered":"<p><img loading=\"lazy\" decoding=\"async\" class=\"size-medium wp-image-24035 alignleft\" src=\"https:\/\/bergers-schlagerparadies.de\/wp-content\/uploads\/2024\/03\/Giovanni-Zarrella-Danza-300x300.jpeg\" alt=\"\" width=\"300\" height=\"300\" srcset=\"https:\/\/bergers-schlagerparadies.de\/wp-content\/uploads\/2024\/03\/Giovanni-Zarrella-Danza-300x300.jpeg 300w, https:\/\/bergers-schlagerparadies.de\/wp-content\/uploads\/2024\/03\/Giovanni-Zarrella-Danza-1024x1024.jpeg 1024w, https:\/\/bergers-schlagerparadies.de\/wp-content\/uploads\/2024\/03\/Giovanni-Zarrella-Danza-150x150.jpeg 150w, https:\/\/bergers-schlagerparadies.de\/wp-content\/uploads\/2024\/03\/Giovanni-Zarrella-Danza-768x768.jpeg 768w, https:\/\/bergers-schlagerparadies.de\/wp-content\/uploads\/2024\/03\/Giovanni-Zarrella-Danza-1200x1200.jpeg 1200w, https:\/\/bergers-schlagerparadies.de\/wp-content\/uploads\/2024\/03\/Giovanni-Zarrella-Danza-1188x1188.jpeg 1188w, https:\/\/bergers-schlagerparadies.de\/wp-content\/uploads\/2024\/03\/Giovanni-Zarrella-Danza-100x100.jpeg 100w, https:\/\/bergers-schlagerparadies.de\/wp-content\/uploads\/2024\/03\/Giovanni-Zarrella-Danza.jpeg 1400w\" sizes=\"auto, (max-width: 300px) 100vw, 300px\" \/>Giovanni Zarrella ver\u00f6ffentlicht seine neue Single \u201eDanza\u201c<br \/>\nMusikalisch schl\u00e4gt der deutsch-italienische Entertainer ein neues<br \/>\nKapitel f\u00fcr sich auf und legt einen mitrei\u00dfenden Italo-Pop-Song vor.<\/p>\n<p>Giovanni Zarrella schl\u00e4gt ein neues Kapitel in seiner Karriere auf: Am 22. M\u00e4rz ver\u00f6ffentlicht<br \/>\nder beliebte deutsch-italienische S\u00e4nger und Entertainer seine neue Single \u201eDanza\u201c.<br \/>\nNachdem er auf seinen drei vergangenen Alben bestehende Hits auf Italienisch<br \/>\ninterpretiere und damit die Charts im deutschsprachigen Raum eroberte, ist es f\u00fcr ihn nun an<br \/>\nder Zeit, musikalisch ein v\u00f6llig neues Kapitel aufzuschlagen, das den Fokus auf Pop legt. Es<br \/>\nist der logische n\u00e4chste Schritt f\u00fcr den K\u00fcnstler und musikalisch zugleich der wohl<br \/>\neinschneidendste in seiner bisherigen Laufbahn.<br \/>\nEnde 2023 unterschrieb Giovanni Zarrella bei Warner Music und k\u00fcndigte an, musikalisch<br \/>\n\u201evor der wahrscheinlich wichtigsten Phase in meiner Karriere\u201c zu stehen. Eine<br \/>\nbemerkenswerte Aussage f\u00fcr einen K\u00fcnstler, der in den letzten Jahren im deutschsprachigen<br \/>\nRaum so ziemlich alles erreicht hat: Seine letzten beiden Alben belegten Platz 1 der<br \/>\ndeutschen Charts, seine 2021 gestartete \u201eDie Giovanni Zarrella Show\u201c ist heute die<br \/>\ngr\u00f6\u00dfte musikalische Samstagabendshow im deutschen Fernsehen (ZDF) und wurde mit dem<br \/>\nDeutschen Fernsehpreis ausgezeichnet (\u201eBeste Moderation\u201c), im vergangenen Jahr<br \/>\neroberte Zarrella zudem als Coach bei \u201eThe Voice of Germany\u201c die Herzen des jungen<br \/>\nPublikums. Zus\u00e4tzlich erhielt der K\u00fcnstler den Bambi 2023 in der Kategorie \u201eEntertainment\u201c.<br \/>\nUnd doch gab es da eine Sache, von der Giovanni Zarrella seit vielen Jahren tr\u00e4umte.<br \/>\n\u201eF\u00fcr mich war der Moment gekommen, meine eigenen Songs zu machen\u201c, so Zarrella. Es ist<br \/>\nein Schritt, der den Sohn italienischer Einwanderer musikalisch und biografisch zu seinen<br \/>\nWurzeln zur\u00fcckf\u00fchrt \u2013 in die Hochphase des Italo-Disco der 80er-Jahre. Eine Zeit, in der<br \/>\nGiovanni in seinem Zimmer Musik h\u00f6rte und davon tr\u00e4umte, was er sp\u00e4ter einmal werden<br \/>\nwill. \u201eAlles noch ganz unschuldig nat\u00fcrlich, aber du f\u00e4ngst pl\u00f6tzlich an, Dinge zu leben und<br \/>\nzu erleben, klebst die ersten Poster an die Wand, beginnst zu tanzen\u2026\u201c<br \/>\nDavon handelt auch \u201eDanza\u201c, die erste Single, die Giovanni Zarrella unter der neu<br \/>\ngeschlossenen Partnerschaft mit Warner Music ver\u00f6ffentlicht. Erz\u00e4hlt aus der<br \/>\nPerspektive einer jungen \u201eDisco Bambina\u201c, richtet sich die Geschichte des Songs zugleich<br \/>\nan jeden einzelnen von uns, denn: \u201eJeder tr\u00e4gt so etwas in sich\u201c, ist sich Zarrella sicher.<br \/>\n\u201eEinen Wunsch oder einen Traum, den man entweder gerade versucht zu realisieren oder<br \/>\nirgendwo in eine Schublade gesteckt und nicht mehr rausgeholt hat. Und trotzdem mit<br \/>\ngro\u00dfer Sehnsucht immer mal wieder an ihn denkt.\u201c<br \/>\n\u201eDanza\u201c stellt den neuen Sound vor, den man von Zarrella zuk\u00fcnftig erwarten kann:<br \/>\nModerner Italo-Pop mit der Nostalgie der 80er-Jahre, der Liebe zu Synthesizern und<br \/>\nunglaublich eing\u00e4ngigen Melodien, ins Hier und Jetzt \u00fcberf\u00fchrt durch satte, innovative<br \/>\nProduktionen und getragen von einer mitrei\u00dfenden Energie. Die war schon im Studio<br \/>\nf\u00f6rmlich mit H\u00e4nden zu greifen, wie Giovanni \u00fcber die Zusammenarbeit mit<br \/>\nden Erfolgsproduzenten der deutschen Poplandschaft Johannes Herbst, Daniel Flamm und<br \/>\nAlexander Zuckowski berichtet: \u201eWenn du im Studio Sachen aufnimmst und du siehst hinter<br \/>\nder Glasscheibe, wie deine Produzenten rumh\u00fcpfen vor Freude, gegen die Scheibe klopfen<br \/>\nund die F\u00e4uste ballen, wei\u00dft du: Hier passiert gerade etwas Magisches.\u201c<br \/>\n\u201eDanza\u201c wird am 22. M\u00e4rz 2024 ver\u00f6ffentlicht.<\/p>\n<p><span style=\"color: #800000;\"><strong>Quelle: Warner Music Central Europe<\/strong><\/span><\/p>\n<p><span style=\"color: #800000;\"><strong>Dieser Song ist ab dem 22.03.2024 auf allen Download- und Streaming-Portalen erh\u00e4ltlich.\u00a0<\/strong><\/span><\/p>\n<p><span style=\"color: #800000;\"><strong>Airdate (f\u00fcr Radiosender): 22.03.2024<\/strong><\/span><\/p>\n","protected":false},"excerpt":{"rendered":"<p>Giovanni Zarrella ver\u00f6ffentlicht seine neue Single \u201eDanza\u201c Musikalisch schl\u00e4gt der deutsch-italienische Entertainer ein neues Kapitel f\u00fcr sich auf und legt einen mitrei\u00dfenden Italo-Pop-Song vor. Giovanni Zarrella schl\u00e4gt ein neues Kapitel in seiner Karriere auf: Am 22. M\u00e4rz ver\u00f6ffentlicht der beliebte deutsch-italienische S\u00e4nger und Entertainer seine neue Single \u201eDanza\u201c. Nachdem er auf seinen drei vergangenen Alben bestehende Hits auf Italienisch interpretiere und damit die Charts im deutschsprachigen Raum eroberte, ist es f\u00fcr ihn nun an der Zeit, musikalisch ein v\u00f6llig neues Kapitel aufzuschlagen, das den Fokus auf Pop legt. Es ist der logische n\u00e4chste Schritt f\u00fcr den K\u00fcnstler und musikalisch zugleich der wohl einschneidendste in seiner&#8230;<\/p>\n","protected":false},"author":1,"featured_media":24035,"comment_status":"open","ping_status":"open","sticky":false,"template":"","format":"standard","meta":{"footnotes":""},"categories":[2],"tags":[323],"class_list":["post-24034","post","type-post","status-publish","format-standard","has-post-thumbnail","hentry","category-schlager","tag-giovanni-zarrella","wpcat-2-id"],"_links":{"self":[{"href":"https:\/\/bergers-schlagerparadies.de\/index.php?rest_route=\/wp\/v2\/posts\/24034","targetHints":{"allow":["GET"]}}],"collection":[{"href":"https:\/\/bergers-schlagerparadies.de\/index.php?rest_route=\/wp\/v2\/posts"}],"about":[{"href":"https:\/\/bergers-schlagerparadies.de\/index.php?rest_route=\/wp\/v2\/types\/post"}],"author":[{"embeddable":true,"href":"https:\/\/bergers-schlagerparadies.de\/index.php?rest_route=\/wp\/v2\/users\/1"}],"replies":[{"embeddable":true,"href":"https:\/\/bergers-schlagerparadies.de\/index.php?rest_route=%2Fwp%2Fv2%2Fcomments&post=24034"}],"version-history":[{"count":1,"href":"https:\/\/bergers-schlagerparadies.de\/index.php?rest_route=\/wp\/v2\/posts\/24034\/revisions"}],"predecessor-version":[{"id":24036,"href":"https:\/\/bergers-schlagerparadies.de\/index.php?rest_route=\/wp\/v2\/posts\/24034\/revisions\/24036"}],"wp:featuredmedia":[{"embeddable":true,"href":"https:\/\/bergers-schlagerparadies.de\/index.php?rest_route=\/wp\/v2\/media\/24035"}],"wp:attachment":[{"href":"https:\/\/bergers-schlagerparadies.de\/index.php?rest_route=%2Fwp%2Fv2%2Fmedia&parent=24034"}],"wp:term":[{"taxonomy":"category","embeddable":true,"href":"https:\/\/bergers-schlagerparadies.de\/index.php?rest_route=%2Fwp%2Fv2%2Fcategories&post=24034"},{"taxonomy":"post_tag","embeddable":true,"href":"https:\/\/bergers-schlagerparadies.de\/index.php?rest_route=%2Fwp%2Fv2%2Ftags&post=24034"}],"curies":[{"name":"wp","href":"https:\/\/api.w.org\/{rel}","templated":true}]}}