{"id":23898,"date":"2024-03-12T21:28:07","date_gmt":"2024-03-12T20:28:07","guid":{"rendered":"https:\/\/bergers-schlagerparadies.de\/?p=23898"},"modified":"2024-03-12T21:28:57","modified_gmt":"2024-03-12T20:28:57","slug":"uli-haider-michael-hirte-das-ist-der-junge-mit-der-mundharmonika-%c2%b7-bergers-schlagerparadies","status":"publish","type":"post","link":"https:\/\/bergers-schlagerparadies.de\/?p=23898","title":{"rendered":"Uli Haider &#038; Michael Hirte &#8211; Das ist der Junge, -mit der Mundharmonika \u00b7 Berger\u00b4s Schlagerparadies"},"content":{"rendered":"<p><img loading=\"lazy\" decoding=\"async\" class=\"size-medium wp-image-23899 alignleft\" src=\"https:\/\/bergers-schlagerparadies.de\/wp-content\/uploads\/2024\/03\/Uli-Haider-Michael-Hirte-Das-ist-der-Junge-mit-der-Mundharmonika-300x300.jpeg\" alt=\"\" width=\"300\" height=\"300\" srcset=\"https:\/\/bergers-schlagerparadies.de\/wp-content\/uploads\/2024\/03\/Uli-Haider-Michael-Hirte-Das-ist-der-Junge-mit-der-Mundharmonika-300x300.jpeg 300w, https:\/\/bergers-schlagerparadies.de\/wp-content\/uploads\/2024\/03\/Uli-Haider-Michael-Hirte-Das-ist-der-Junge-mit-der-Mundharmonika-1024x1024.jpeg 1024w, https:\/\/bergers-schlagerparadies.de\/wp-content\/uploads\/2024\/03\/Uli-Haider-Michael-Hirte-Das-ist-der-Junge-mit-der-Mundharmonika-150x150.jpeg 150w, https:\/\/bergers-schlagerparadies.de\/wp-content\/uploads\/2024\/03\/Uli-Haider-Michael-Hirte-Das-ist-der-Junge-mit-der-Mundharmonika-768x768.jpeg 768w, https:\/\/bergers-schlagerparadies.de\/wp-content\/uploads\/2024\/03\/Uli-Haider-Michael-Hirte-Das-ist-der-Junge-mit-der-Mundharmonika-1200x1200.jpeg 1200w, https:\/\/bergers-schlagerparadies.de\/wp-content\/uploads\/2024\/03\/Uli-Haider-Michael-Hirte-Das-ist-der-Junge-mit-der-Mundharmonika-1188x1188.jpeg 1188w, https:\/\/bergers-schlagerparadies.de\/wp-content\/uploads\/2024\/03\/Uli-Haider-Michael-Hirte-Das-ist-der-Junge-mit-der-Mundharmonika-100x100.jpeg 100w, https:\/\/bergers-schlagerparadies.de\/wp-content\/uploads\/2024\/03\/Uli-Haider-Michael-Hirte-Das-ist-der-Junge-mit-der-Mundharmonika.jpeg 1417w\" sizes=\"auto, (max-width: 300px) 100vw, 300px\" \/>INFO-TEXT zum Song :<br \/>\n&#8220; DAS IST DER JUNGE, &#8211; MIT DER MUNDHARMONIKA &#8222;.<br \/>\nUli Haider<br \/>\nVon der ersten Sekunde an, &#8211; hat mich ein Mann fasziniert, &#8211; der es geschafft hat, &#8211; mit seiner MUSIK und seiner Lebensvergangenheit von ganz unten nach ganz oben zu kommen. &#8220; MICHAEL HIRTE &#8220; .<br \/>\nJeder kennt nun seine Geschichte, &#8211; und seinen Werdegang. In den letzten Jahren lernte ich Michael pers\u00f6nlich kennen und wir hatten tolle Momente, &#8211; Gespr\u00e4che und auch einige gemeinsame Auftritte, &#8211; bei diversen Musikveranstaltungen.<br \/>\nDann kam mir im Fr\u00fchjahr 2023 eine Idee, &#8211; die mich einfach nicht mehr losgelassen hat. Ich wollte unbedingt einen Song schreiben, &#8211; \u00fcber diesen Menschen &#8222;MICHAEL HIRTE&#8220;.<br \/>\nIch habe Michael von meiner Idee erz\u00e4hlt und er war sofort begeistert.<br \/>\nF\u00fcr mich stand schon damals fest, &#8211; als er in der Sendung : DAS SUPERTALENT den ersten Platz gewonnen hatte :<br \/>\n&#8222;Das ist der Junge, &#8211; mit der Mundharmonika&#8220;.<\/p>\n<p><span style=\"color: #800000;\"><strong>Quelle: Elwa Musik<\/strong><\/span><\/p>\n<p><span style=\"color: #800000;\"><strong>Dieser Song ist seit dem 10.03.2024 auf allen Download- und Streaming-Portalen erh\u00e4ltlich.\u00a0<\/strong><\/span><\/p>\n<p><span style=\"color: #800000;\"><strong>Airdate (f\u00fcr Radiosender): 10.03.2024<\/strong><\/span><\/p>\n","protected":false},"excerpt":{"rendered":"<p>INFO-TEXT zum Song : &#8220; DAS IST DER JUNGE, &#8211; MIT DER MUNDHARMONIKA &#8222;. Uli Haider Von der ersten Sekunde an, &#8211; hat mich ein Mann fasziniert, &#8211; der es geschafft hat, &#8211; mit seiner MUSIK und seiner Lebensvergangenheit von ganz unten nach ganz oben zu kommen. &#8220; MICHAEL HIRTE &#8220; . Jeder kennt nun seine Geschichte, &#8211; und seinen Werdegang. In den letzten Jahren lernte ich Michael pers\u00f6nlich kennen und wir hatten tolle Momente, &#8211; Gespr\u00e4che und auch einige gemeinsame Auftritte, &#8211; bei diversen Musikveranstaltungen. Dann kam mir im Fr\u00fchjahr 2023 eine Idee, &#8211; die mich einfach nicht mehr losgelassen hat. Ich wollte unbedingt&#8230;<\/p>\n","protected":false},"author":1,"featured_media":23899,"comment_status":"open","ping_status":"open","sticky":false,"template":"","format":"standard","meta":{"footnotes":""},"categories":[2],"tags":[2477],"class_list":["post-23898","post","type-post","status-publish","format-standard","has-post-thumbnail","hentry","category-schlager","tag-uli-haider-michael-hirte","wpcat-2-id"],"_links":{"self":[{"href":"https:\/\/bergers-schlagerparadies.de\/index.php?rest_route=\/wp\/v2\/posts\/23898","targetHints":{"allow":["GET"]}}],"collection":[{"href":"https:\/\/bergers-schlagerparadies.de\/index.php?rest_route=\/wp\/v2\/posts"}],"about":[{"href":"https:\/\/bergers-schlagerparadies.de\/index.php?rest_route=\/wp\/v2\/types\/post"}],"author":[{"embeddable":true,"href":"https:\/\/bergers-schlagerparadies.de\/index.php?rest_route=\/wp\/v2\/users\/1"}],"replies":[{"embeddable":true,"href":"https:\/\/bergers-schlagerparadies.de\/index.php?rest_route=%2Fwp%2Fv2%2Fcomments&post=23898"}],"version-history":[{"count":1,"href":"https:\/\/bergers-schlagerparadies.de\/index.php?rest_route=\/wp\/v2\/posts\/23898\/revisions"}],"predecessor-version":[{"id":23900,"href":"https:\/\/bergers-schlagerparadies.de\/index.php?rest_route=\/wp\/v2\/posts\/23898\/revisions\/23900"}],"wp:featuredmedia":[{"embeddable":true,"href":"https:\/\/bergers-schlagerparadies.de\/index.php?rest_route=\/wp\/v2\/media\/23899"}],"wp:attachment":[{"href":"https:\/\/bergers-schlagerparadies.de\/index.php?rest_route=%2Fwp%2Fv2%2Fmedia&parent=23898"}],"wp:term":[{"taxonomy":"category","embeddable":true,"href":"https:\/\/bergers-schlagerparadies.de\/index.php?rest_route=%2Fwp%2Fv2%2Fcategories&post=23898"},{"taxonomy":"post_tag","embeddable":true,"href":"https:\/\/bergers-schlagerparadies.de\/index.php?rest_route=%2Fwp%2Fv2%2Ftags&post=23898"}],"curies":[{"name":"wp","href":"https:\/\/api.w.org\/{rel}","templated":true}]}}