{"id":23865,"date":"2024-03-17T10:30:16","date_gmt":"2024-03-17T09:30:16","guid":{"rendered":"https:\/\/bergers-schlagerparadies.de\/?p=23865"},"modified":"2024-03-11T21:03:51","modified_gmt":"2024-03-11T20:03:51","slug":"andreas-nagel-merci-udo-%c2%b7-bergers-schlagerparadies","status":"publish","type":"post","link":"https:\/\/bergers-schlagerparadies.de\/?p=23865","title":{"rendered":"Andreas Nagel &#8211; Merci Udo \u00b7 Berger\u00b4s Schlagerparadies"},"content":{"rendered":"<p><img loading=\"lazy\" decoding=\"async\" class=\"size-medium wp-image-23866 alignleft\" src=\"https:\/\/bergers-schlagerparadies.de\/wp-content\/uploads\/2024\/03\/Andreas-Nagel-Merci-Udo-300x300.jpeg\" alt=\"\" width=\"300\" height=\"300\" srcset=\"https:\/\/bergers-schlagerparadies.de\/wp-content\/uploads\/2024\/03\/Andreas-Nagel-Merci-Udo-300x300.jpeg 300w, https:\/\/bergers-schlagerparadies.de\/wp-content\/uploads\/2024\/03\/Andreas-Nagel-Merci-Udo-1024x1024.jpeg 1024w, https:\/\/bergers-schlagerparadies.de\/wp-content\/uploads\/2024\/03\/Andreas-Nagel-Merci-Udo-150x150.jpeg 150w, https:\/\/bergers-schlagerparadies.de\/wp-content\/uploads\/2024\/03\/Andreas-Nagel-Merci-Udo-768x768.jpeg 768w, https:\/\/bergers-schlagerparadies.de\/wp-content\/uploads\/2024\/03\/Andreas-Nagel-Merci-Udo-1188x1188.jpeg 1188w, https:\/\/bergers-schlagerparadies.de\/wp-content\/uploads\/2024\/03\/Andreas-Nagel-Merci-Udo-100x100.jpeg 100w, https:\/\/bergers-schlagerparadies.de\/wp-content\/uploads\/2024\/03\/Andreas-Nagel-Merci-Udo.jpeg 1200w\" sizes=\"auto, (max-width: 300px) 100vw, 300px\" \/>\u201eDu l\u00e4sst uns einfach alles da, warst einfach Mensch und gro\u00dfer Star.\u201c<br \/>\nDies ist eine Zeile aus dem neuen Lied von Andreas Nagel, welches eine Hommage an einen der gr\u00f6\u00dften deutschsprachigen K\u00fcnstler darstellt;<br \/>\nan Udo J\u00fcrgens, der dieses Jahr seinen 90. Geburtstag gefeiert h\u00e4tte.<\/p>\n<p>Andreas Nagel selbst interpretiert in seinem Konzertprogramm \u201eMerci Cherie &#8211; Merci Udo &#8211; eine Hommage an Udo J\u00fcrgens\u201c die Lieder des gro\u00dfen Entertainers begleitet von einer hervorragenden Band.<\/p>\n<p>Die Musik zu dem Lied\u00a0\u201eMerci Udo\u201c schrieb Andreas Nagel, der Text entstand gemeinsam mit<br \/>\nHermann Anton, mit dem Nagel bereits andere Lieder schrieb und ver\u00f6ffentlichte.<\/p>\n<p>\u201eAls das Lied fertig geschrieben war, wusste ich, welche Farben es braucht\u201c, berichtet<br \/>\nder Musiker. Und so erklingt das Lied mit Fl\u00fcgelklang und dem Sound eines<br \/>\nStreichensembles.<\/p>\n<p>\u201eEs ist ein sehr pers\u00f6nliches Lied geworden\u201c, sagt Nagel.<\/p>\n<p>\u201eIch darf deine Lieder singen, auch wenn sie bei mir anders klingen.\u201c<br \/>\nAuch dies eine Zeile aus Nagels Hommage, der im Lied Bezug auf J\u00fcrgens umfangreiches Werk nimmt.<\/p>\n<p>Eine H\u00f6rempfehlung an alle Fans der Musik von Udo J\u00fcrgens.<\/p>\n<p>Erscheinungsdatum des neuen Liedes von Nagel ist am 22. M\u00e4rz 2024.<\/p>\n<p>Label: GUMA Records<\/p>\n<p><strong style=\"color: #800000;\">Quelle:\u00a0GUMA Music<\/strong><\/p>\n<p><span style=\"color: #800000;\"><strong>Dieser Song ist seit dem 22.03.2024 auf allen Download- und Streaming-Portalen erh\u00e4ltlich.\u00a0<\/strong><\/span><\/p>\n<p><span style=\"color: #800000;\"><strong>Airdate (f\u00fcr Radiosender): 22.03.2024<\/strong><\/span><\/p>\n","protected":false},"excerpt":{"rendered":"<p>\u201eDu l\u00e4sst uns einfach alles da, warst einfach Mensch und gro\u00dfer Star.\u201c Dies ist eine Zeile aus dem neuen Lied von Andreas Nagel, welches eine Hommage an einen der gr\u00f6\u00dften deutschsprachigen K\u00fcnstler darstellt; an Udo J\u00fcrgens, der dieses Jahr seinen 90. Geburtstag gefeiert h\u00e4tte. Andreas Nagel selbst interpretiert in seinem Konzertprogramm \u201eMerci Cherie &#8211; Merci Udo &#8211; eine Hommage an Udo J\u00fcrgens\u201c die Lieder des gro\u00dfen Entertainers begleitet von einer hervorragenden Band. Die Musik zu dem Lied\u00a0\u201eMerci Udo\u201c schrieb Andreas Nagel, der Text entstand gemeinsam mit Hermann Anton, mit dem Nagel bereits andere Lieder schrieb und ver\u00f6ffentlichte. \u201eAls das Lied fertig geschrieben war, wusste ich,&#8230;<\/p>\n","protected":false},"author":1,"featured_media":23866,"comment_status":"open","ping_status":"open","sticky":false,"template":"","format":"standard","meta":{"footnotes":""},"categories":[2],"tags":[2473],"class_list":["post-23865","post","type-post","status-publish","format-standard","has-post-thumbnail","hentry","category-schlager","tag-andreas-nagel","wpcat-2-id"],"_links":{"self":[{"href":"https:\/\/bergers-schlagerparadies.de\/index.php?rest_route=\/wp\/v2\/posts\/23865","targetHints":{"allow":["GET"]}}],"collection":[{"href":"https:\/\/bergers-schlagerparadies.de\/index.php?rest_route=\/wp\/v2\/posts"}],"about":[{"href":"https:\/\/bergers-schlagerparadies.de\/index.php?rest_route=\/wp\/v2\/types\/post"}],"author":[{"embeddable":true,"href":"https:\/\/bergers-schlagerparadies.de\/index.php?rest_route=\/wp\/v2\/users\/1"}],"replies":[{"embeddable":true,"href":"https:\/\/bergers-schlagerparadies.de\/index.php?rest_route=%2Fwp%2Fv2%2Fcomments&post=23865"}],"version-history":[{"count":1,"href":"https:\/\/bergers-schlagerparadies.de\/index.php?rest_route=\/wp\/v2\/posts\/23865\/revisions"}],"predecessor-version":[{"id":23867,"href":"https:\/\/bergers-schlagerparadies.de\/index.php?rest_route=\/wp\/v2\/posts\/23865\/revisions\/23867"}],"wp:featuredmedia":[{"embeddable":true,"href":"https:\/\/bergers-schlagerparadies.de\/index.php?rest_route=\/wp\/v2\/media\/23866"}],"wp:attachment":[{"href":"https:\/\/bergers-schlagerparadies.de\/index.php?rest_route=%2Fwp%2Fv2%2Fmedia&parent=23865"}],"wp:term":[{"taxonomy":"category","embeddable":true,"href":"https:\/\/bergers-schlagerparadies.de\/index.php?rest_route=%2Fwp%2Fv2%2Fcategories&post=23865"},{"taxonomy":"post_tag","embeddable":true,"href":"https:\/\/bergers-schlagerparadies.de\/index.php?rest_route=%2Fwp%2Fv2%2Ftags&post=23865"}],"curies":[{"name":"wp","href":"https:\/\/api.w.org\/{rel}","templated":true}]}}