{"id":2381,"date":"2021-01-15T12:41:18","date_gmt":"2021-01-15T11:41:18","guid":{"rendered":"http:\/\/bergers-schlagerparadies.de\/?p=2381"},"modified":"2021-01-15T12:41:18","modified_gmt":"2021-01-15T11:41:18","slug":"andreas-jan-nur-mit-dir-bergers-schlagerparadies","status":"publish","type":"post","link":"https:\/\/bergers-schlagerparadies.de\/?p=2381","title":{"rendered":"Andreas Jan &#8211; Nur mit dir | Berger\u00b4s Schlagerparadies"},"content":{"rendered":"<p><img loading=\"lazy\" decoding=\"async\" class=\"size-medium wp-image-2383 alignleft\" src=\"https:\/\/bergers-schlagerparadies.de\/wp-content\/uploads\/2021\/01\/Andreas-Jan-Nur-mit-dir-300x300.jpg\" alt=\"\" width=\"300\" height=\"300\" srcset=\"https:\/\/bergers-schlagerparadies.de\/wp-content\/uploads\/2021\/01\/Andreas-Jan-Nur-mit-dir-300x300.jpg 300w, https:\/\/bergers-schlagerparadies.de\/wp-content\/uploads\/2021\/01\/Andreas-Jan-Nur-mit-dir-150x150.jpg 150w, https:\/\/bergers-schlagerparadies.de\/wp-content\/uploads\/2021\/01\/Andreas-Jan-Nur-mit-dir-100x100.jpg 100w, https:\/\/bergers-schlagerparadies.de\/wp-content\/uploads\/2021\/01\/Andreas-Jan-Nur-mit-dir.jpg 580w\" sizes=\"auto, (max-width: 300px) 100vw, 300px\" \/>Der Schlager S\u00e4nger Andreas Jan \u00fcberrascht mit seiner dritten Single \u201eNur mit dir\u201c die Schlagerwelt.<\/p>\n<p>Seit 20 Jahren bewegt sich Andreas Jan sicher auf den B\u00fchnen im Bereich Schlager und Partyschlager. Bekannt wurde er durch das Duo \u201eAndy &amp; Lucia\u201c. Das Resultat waren unz\u00e4hlige Auftritte in den unterschiedlichsten Fernsehformaten (TVS, ITV, TVN, 4FunTv, TVP2, TV Disco, Disco Polo, RTL2, WDR, Goldstar TV), Veranstaltungen und Konzerte.<\/p>\n<p>Zudem verfolgt er auch in regelm\u00e4\u00dfigen Abst\u00e4nden das Ziel, seine Pr\u00e4senz als Solok\u00fcnstler zu etablieren. Seine erste Single \u201eGenie\u00df das Leben\u201c und sein zweiter Titel \u201eKomm gib mir die Hand\u201c waren die Wegweiser f\u00fcr seine musikalische Solokarriere. Hierbei bedient sich Andreas Jan auch aus eigenen Texten und Kompositionen.<\/p>\n<p>F\u00fcr seine aktuelle Single bringt Andreas Jan den Produzenten Jens Dupke und das Allroundtalent KAJ in sein Team. Jens Dupke kann seinerseits auf gro\u00dfe Erfolge im Bereich Pop Schlager verweisen und platziert seine Produktionen in regelm\u00e4\u00dfigen Abst\u00e4nden an der Spitze der Verkaufscharts.<\/p>\n<p>Das Ergebnis dieser Zusammenarbeit ist ein kraftvoller, tiefgr\u00fcndiger Song, der erst durch die eigenst\u00e4ndige Stimmfarbe von Andreas Jan zum Ohrwurm wird. Andreas Jan \u201eNur mit dir\u201c Pop Schlager mit viel Gef\u00fchl!<\/p>\n","protected":false},"excerpt":{"rendered":"<p>Der Schlager S\u00e4nger Andreas Jan \u00fcberrascht mit seiner dritten Single \u201eNur mit dir\u201c die Schlagerwelt. Seit 20 Jahren bewegt sich Andreas Jan sicher auf den B\u00fchnen im Bereich Schlager und Partyschlager. Bekannt wurde er durch das Duo \u201eAndy &amp; Lucia\u201c. Das Resultat waren unz\u00e4hlige Auftritte in den unterschiedlichsten Fernsehformaten (TVS, ITV, TVN, 4FunTv, TVP2, TV Disco, Disco Polo, RTL2, WDR, Goldstar TV), Veranstaltungen und Konzerte. Zudem verfolgt er auch in regelm\u00e4\u00dfigen Abst\u00e4nden das Ziel, seine Pr\u00e4senz als Solok\u00fcnstler zu etablieren. Seine erste Single \u201eGenie\u00df das Leben\u201c und sein zweiter Titel \u201eKomm gib mir die Hand\u201c waren die Wegweiser f\u00fcr seine musikalische Solokarriere. Hierbei bedient sich&#8230;<\/p>\n","protected":false},"author":1,"featured_media":2383,"comment_status":"open","ping_status":"open","sticky":false,"template":"","format":"standard","meta":{"footnotes":""},"categories":[2],"tags":[334],"class_list":["post-2381","post","type-post","status-publish","format-standard","has-post-thumbnail","hentry","category-schlager","tag-andreas-jan","wpcat-2-id"],"_links":{"self":[{"href":"https:\/\/bergers-schlagerparadies.de\/index.php?rest_route=\/wp\/v2\/posts\/2381","targetHints":{"allow":["GET"]}}],"collection":[{"href":"https:\/\/bergers-schlagerparadies.de\/index.php?rest_route=\/wp\/v2\/posts"}],"about":[{"href":"https:\/\/bergers-schlagerparadies.de\/index.php?rest_route=\/wp\/v2\/types\/post"}],"author":[{"embeddable":true,"href":"https:\/\/bergers-schlagerparadies.de\/index.php?rest_route=\/wp\/v2\/users\/1"}],"replies":[{"embeddable":true,"href":"https:\/\/bergers-schlagerparadies.de\/index.php?rest_route=%2Fwp%2Fv2%2Fcomments&post=2381"}],"version-history":[{"count":1,"href":"https:\/\/bergers-schlagerparadies.de\/index.php?rest_route=\/wp\/v2\/posts\/2381\/revisions"}],"predecessor-version":[{"id":2384,"href":"https:\/\/bergers-schlagerparadies.de\/index.php?rest_route=\/wp\/v2\/posts\/2381\/revisions\/2384"}],"wp:featuredmedia":[{"embeddable":true,"href":"https:\/\/bergers-schlagerparadies.de\/index.php?rest_route=\/wp\/v2\/media\/2383"}],"wp:attachment":[{"href":"https:\/\/bergers-schlagerparadies.de\/index.php?rest_route=%2Fwp%2Fv2%2Fmedia&parent=2381"}],"wp:term":[{"taxonomy":"category","embeddable":true,"href":"https:\/\/bergers-schlagerparadies.de\/index.php?rest_route=%2Fwp%2Fv2%2Fcategories&post=2381"},{"taxonomy":"post_tag","embeddable":true,"href":"https:\/\/bergers-schlagerparadies.de\/index.php?rest_route=%2Fwp%2Fv2%2Ftags&post=2381"}],"curies":[{"name":"wp","href":"https:\/\/api.w.org\/{rel}","templated":true}]}}