{"id":23800,"date":"2024-03-10T10:30:57","date_gmt":"2024-03-10T09:30:57","guid":{"rendered":"https:\/\/bergers-schlagerparadies.de\/?p=23800"},"modified":"2024-03-08T09:35:13","modified_gmt":"2024-03-08T08:35:13","slug":"martin-maerz-mit-voller-kraft-%c2%b7-bergers-schlagerparadies","status":"publish","type":"post","link":"https:\/\/bergers-schlagerparadies.de\/?p=23800","title":{"rendered":"Martin M\u00e4rz &#8211; Mit voller Kraft \u00b7 Berger\u00b4s Schlagerparadies"},"content":{"rendered":"<p><img loading=\"lazy\" decoding=\"async\" class=\"size-medium wp-image-23801 alignleft\" src=\"https:\/\/bergers-schlagerparadies.de\/wp-content\/uploads\/2024\/03\/Martin-Maerz-Mit-voller-Kraft-300x300.jpeg\" alt=\"\" width=\"300\" height=\"300\" srcset=\"https:\/\/bergers-schlagerparadies.de\/wp-content\/uploads\/2024\/03\/Martin-Maerz-Mit-voller-Kraft-300x300.jpeg 300w, https:\/\/bergers-schlagerparadies.de\/wp-content\/uploads\/2024\/03\/Martin-Maerz-Mit-voller-Kraft-1024x1024.jpeg 1024w, https:\/\/bergers-schlagerparadies.de\/wp-content\/uploads\/2024\/03\/Martin-Maerz-Mit-voller-Kraft-150x150.jpeg 150w, https:\/\/bergers-schlagerparadies.de\/wp-content\/uploads\/2024\/03\/Martin-Maerz-Mit-voller-Kraft-768x768.jpeg 768w, https:\/\/bergers-schlagerparadies.de\/wp-content\/uploads\/2024\/03\/Martin-Maerz-Mit-voller-Kraft-1536x1536.jpeg 1536w, https:\/\/bergers-schlagerparadies.de\/wp-content\/uploads\/2024\/03\/Martin-Maerz-Mit-voller-Kraft-2048x2048.jpeg 2048w, https:\/\/bergers-schlagerparadies.de\/wp-content\/uploads\/2024\/03\/Martin-Maerz-Mit-voller-Kraft-1200x1200.jpeg 1200w, https:\/\/bergers-schlagerparadies.de\/wp-content\/uploads\/2024\/03\/Martin-Maerz-Mit-voller-Kraft-1188x1188.jpeg 1188w, https:\/\/bergers-schlagerparadies.de\/wp-content\/uploads\/2024\/03\/Martin-Maerz-Mit-voller-Kraft-100x100.jpeg 100w\" sizes=\"auto, (max-width: 300px) 100vw, 300px\" \/>\u201eMit voller Kraft\u201c, der brandneue Song von Martin M\u00e4rz ist der pers\u00f6nlichste und authentischste, den er bisher ver\u00f6ffentlicht hat.<\/p>\n<p>Ein Lied, das viele Emotionen, Gef\u00fchle, Erinnerungen aber auch Zukunftspl\u00e4ne des S\u00e4ngers widerspiegelt. Es ist nicht irgendein Song, sondern er zeigt, dass Tr\u00e4ume wahr werden k\u00f6nnen, wenn man nur daran glaubt und sich nicht von seinem Ziel abbringen l\u00e4sst.<\/p>\n<p>Martin M\u00e4rz ist seit 5 Jahren als S\u00e4nger und Entertainer unterwegs und begeistert mit seiner einf\u00fchlsamen und offenen Art und seinen stimmungsvollen Songs das Publikum.<\/p>\n<p>Egal wo man ihn trifft oder h\u00f6rt, seine Stimme und seine Pr\u00e4senz auf der B\u00fchne bleiben in den K\u00f6pfen der Zuh\u00f6rer. Eine positive Wirkung auf das Publikum bleibt nicht aus und sie erleben bei jedem seiner Auftritte, dass er Schlager liebt und lebt, und mit Leib und Seele auf der B\u00fchne steht.<\/p>\n<p>Die neue Single \u201eMit voller Kraft\u201c erscheint mit einem tollen Musikvideo am 15.03.2024.<br \/>\nDas gleichnamige, erste Album des S\u00e4ngers erscheint mit 15 eigenen Songs am 22.03.2024.<br \/>\nMartin M\u00e4rz, ein K\u00fcnstler mit viel Herz.<\/p>\n<p><span style=\"color: #800000;\"><strong>Quelle: Fiesta Records<\/strong><\/span><\/p>\n<p><span style=\"color: #800000;\"><strong>Dieser Song ist ab dem 15.03.2024 auf allen Download- und Streaming-Portalen erh\u00e4ltlich.\u00a0<\/strong><\/span><\/p>\n<p><span style=\"color: #800000;\"><strong>Airdate (f\u00fcr Radiosender): 08.03.2024<\/strong><\/span><\/p>\n","protected":false},"excerpt":{"rendered":"<p>\u201eMit voller Kraft\u201c, der brandneue Song von Martin M\u00e4rz ist der pers\u00f6nlichste und authentischste, den er bisher ver\u00f6ffentlicht hat. Ein Lied, das viele Emotionen, Gef\u00fchle, Erinnerungen aber auch Zukunftspl\u00e4ne des S\u00e4ngers widerspiegelt. Es ist nicht irgendein Song, sondern er zeigt, dass Tr\u00e4ume wahr werden k\u00f6nnen, wenn man nur daran glaubt und sich nicht von seinem Ziel abbringen l\u00e4sst. Martin M\u00e4rz ist seit 5 Jahren als S\u00e4nger und Entertainer unterwegs und begeistert mit seiner einf\u00fchlsamen und offenen Art und seinen stimmungsvollen Songs das Publikum. Egal wo man ihn trifft oder h\u00f6rt, seine Stimme und seine Pr\u00e4senz auf der B\u00fchne bleiben in den K\u00f6pfen der Zuh\u00f6rer. Eine&#8230;<\/p>\n","protected":false},"author":1,"featured_media":23801,"comment_status":"open","ping_status":"open","sticky":false,"template":"","format":"standard","meta":{"footnotes":""},"categories":[2],"tags":[13],"class_list":["post-23800","post","type-post","status-publish","format-standard","has-post-thumbnail","hentry","category-schlager","tag-martin-maerz","wpcat-2-id"],"_links":{"self":[{"href":"https:\/\/bergers-schlagerparadies.de\/index.php?rest_route=\/wp\/v2\/posts\/23800","targetHints":{"allow":["GET"]}}],"collection":[{"href":"https:\/\/bergers-schlagerparadies.de\/index.php?rest_route=\/wp\/v2\/posts"}],"about":[{"href":"https:\/\/bergers-schlagerparadies.de\/index.php?rest_route=\/wp\/v2\/types\/post"}],"author":[{"embeddable":true,"href":"https:\/\/bergers-schlagerparadies.de\/index.php?rest_route=\/wp\/v2\/users\/1"}],"replies":[{"embeddable":true,"href":"https:\/\/bergers-schlagerparadies.de\/index.php?rest_route=%2Fwp%2Fv2%2Fcomments&post=23800"}],"version-history":[{"count":1,"href":"https:\/\/bergers-schlagerparadies.de\/index.php?rest_route=\/wp\/v2\/posts\/23800\/revisions"}],"predecessor-version":[{"id":23802,"href":"https:\/\/bergers-schlagerparadies.de\/index.php?rest_route=\/wp\/v2\/posts\/23800\/revisions\/23802"}],"wp:featuredmedia":[{"embeddable":true,"href":"https:\/\/bergers-schlagerparadies.de\/index.php?rest_route=\/wp\/v2\/media\/23801"}],"wp:attachment":[{"href":"https:\/\/bergers-schlagerparadies.de\/index.php?rest_route=%2Fwp%2Fv2%2Fmedia&parent=23800"}],"wp:term":[{"taxonomy":"category","embeddable":true,"href":"https:\/\/bergers-schlagerparadies.de\/index.php?rest_route=%2Fwp%2Fv2%2Fcategories&post=23800"},{"taxonomy":"post_tag","embeddable":true,"href":"https:\/\/bergers-schlagerparadies.de\/index.php?rest_route=%2Fwp%2Fv2%2Ftags&post=23800"}],"curies":[{"name":"wp","href":"https:\/\/api.w.org\/{rel}","templated":true}]}}