{"id":2373,"date":"2021-01-15T12:29:27","date_gmt":"2021-01-15T11:29:27","guid":{"rendered":"http:\/\/bergers-schlagerparadies.de\/?p=2373"},"modified":"2021-01-15T12:29:27","modified_gmt":"2021-01-15T11:29:27","slug":"ramon-der-singende-tuersteher-unser-karneval-bergers-schlagerparadies","status":"publish","type":"post","link":"https:\/\/bergers-schlagerparadies.de\/?p=2373","title":{"rendered":"Ramon &#8211; der singende T\u00fcrsteher &#8211; Unser Karneval | Berger\u00b4s Schlagerparadies"},"content":{"rendered":"<table border=\"0\" width=\"100%\" cellspacing=\"0\" cellpadding=\"0\">\n<tbody>\n<tr>\n<td align=\"left\">\n<div><img loading=\"lazy\" decoding=\"async\" class=\"size-medium wp-image-2375 alignleft\" src=\"https:\/\/bergers-schlagerparadies.de\/wp-content\/uploads\/2021\/01\/Ramon-der-singende-Tuersteher-Unser-Karneval-300x300.jpg\" alt=\"\" width=\"300\" height=\"300\" srcset=\"https:\/\/bergers-schlagerparadies.de\/wp-content\/uploads\/2021\/01\/Ramon-der-singende-Tuersteher-Unser-Karneval-300x300.jpg 300w, https:\/\/bergers-schlagerparadies.de\/wp-content\/uploads\/2021\/01\/Ramon-der-singende-Tuersteher-Unser-Karneval-150x150.jpg 150w, https:\/\/bergers-schlagerparadies.de\/wp-content\/uploads\/2021\/01\/Ramon-der-singende-Tuersteher-Unser-Karneval-100x100.jpg 100w, https:\/\/bergers-schlagerparadies.de\/wp-content\/uploads\/2021\/01\/Ramon-der-singende-Tuersteher-Unser-Karneval.jpg 580w\" sizes=\"auto, (max-width: 300px) 100vw, 300px\" \/>Er schl\u00e4gt wieder zu, aber dieses Mal musikalisch. Ramon der Singende T\u00fcrsteher macht diesen Karnevals Song mit einem lachendem und einem weinenden Auge. Der K\u00f6lsche Jung sagt K\u00f6ln ohne Karneval ist, wie K\u00f6ln ohne den Dom. Einfach unbegreiflich alles.<\/p>\n<p>Deswegen wollte er einen Song zum Mitsingen und Nachdenken machen und das ist ihm auch gelungen. &#8222;Unser Karneval&#8220; ist mit Jef\u00f6hl f\u00f6r dat H\u00e4tz jemaat!<\/p><\/div>\n<\/td>\n<\/tr>\n<\/tbody>\n<\/table>\n","protected":false},"excerpt":{"rendered":"<p>Er schl\u00e4gt wieder zu, aber dieses Mal musikalisch. Ramon der Singende T\u00fcrsteher macht diesen Karnevals Song mit einem lachendem und einem weinenden Auge. Der K\u00f6lsche Jung sagt K\u00f6ln ohne Karneval ist, wie K\u00f6ln ohne den Dom. Einfach unbegreiflich alles. Deswegen wollte er einen Song zum Mitsingen und Nachdenken machen und das ist ihm auch gelungen. &#8222;Unser Karneval&#8220; ist mit Jef\u00f6hl f\u00f6r dat H\u00e4tz jemaat!<\/p>\n","protected":false},"author":1,"featured_media":2375,"comment_status":"open","ping_status":"open","sticky":false,"template":"","format":"standard","meta":{"footnotes":""},"categories":[2],"tags":[332],"class_list":["post-2373","post","type-post","status-publish","format-standard","has-post-thumbnail","hentry","category-schlager","tag-ramon-der-singende-tuersteher","wpcat-2-id"],"_links":{"self":[{"href":"https:\/\/bergers-schlagerparadies.de\/index.php?rest_route=\/wp\/v2\/posts\/2373","targetHints":{"allow":["GET"]}}],"collection":[{"href":"https:\/\/bergers-schlagerparadies.de\/index.php?rest_route=\/wp\/v2\/posts"}],"about":[{"href":"https:\/\/bergers-schlagerparadies.de\/index.php?rest_route=\/wp\/v2\/types\/post"}],"author":[{"embeddable":true,"href":"https:\/\/bergers-schlagerparadies.de\/index.php?rest_route=\/wp\/v2\/users\/1"}],"replies":[{"embeddable":true,"href":"https:\/\/bergers-schlagerparadies.de\/index.php?rest_route=%2Fwp%2Fv2%2Fcomments&post=2373"}],"version-history":[{"count":1,"href":"https:\/\/bergers-schlagerparadies.de\/index.php?rest_route=\/wp\/v2\/posts\/2373\/revisions"}],"predecessor-version":[{"id":2376,"href":"https:\/\/bergers-schlagerparadies.de\/index.php?rest_route=\/wp\/v2\/posts\/2373\/revisions\/2376"}],"wp:featuredmedia":[{"embeddable":true,"href":"https:\/\/bergers-schlagerparadies.de\/index.php?rest_route=\/wp\/v2\/media\/2375"}],"wp:attachment":[{"href":"https:\/\/bergers-schlagerparadies.de\/index.php?rest_route=%2Fwp%2Fv2%2Fmedia&parent=2373"}],"wp:term":[{"taxonomy":"category","embeddable":true,"href":"https:\/\/bergers-schlagerparadies.de\/index.php?rest_route=%2Fwp%2Fv2%2Fcategories&post=2373"},{"taxonomy":"post_tag","embeddable":true,"href":"https:\/\/bergers-schlagerparadies.de\/index.php?rest_route=%2Fwp%2Fv2%2Ftags&post=2373"}],"curies":[{"name":"wp","href":"https:\/\/api.w.org\/{rel}","templated":true}]}}