{"id":23532,"date":"2024-02-25T10:30:54","date_gmt":"2024-02-25T09:30:54","guid":{"rendered":"https:\/\/bergers-schlagerparadies.de\/?p=23532"},"modified":"2024-02-23T10:16:12","modified_gmt":"2024-02-23T09:16:12","slug":"nina-la-vida-fruehling-am-lago-di-garda-%c2%b7-bergers-schlagerparadies","status":"publish","type":"post","link":"https:\/\/bergers-schlagerparadies.de\/?p=23532","title":{"rendered":"Nina la Vida &#8211; Fr\u00fchling am Lago di Garda \u00b7 Berger\u00b4s Schlagerparadies"},"content":{"rendered":"<p><img loading=\"lazy\" decoding=\"async\" class=\"size-medium wp-image-23533 alignleft\" src=\"https:\/\/bergers-schlagerparadies.de\/wp-content\/uploads\/2024\/02\/Nina-la-Vida-Fruehling-am-Lago-di-Garda-300x300.jpeg\" alt=\"\" width=\"300\" height=\"300\" srcset=\"https:\/\/bergers-schlagerparadies.de\/wp-content\/uploads\/2024\/02\/Nina-la-Vida-Fruehling-am-Lago-di-Garda-300x300.jpeg 300w, https:\/\/bergers-schlagerparadies.de\/wp-content\/uploads\/2024\/02\/Nina-la-Vida-Fruehling-am-Lago-di-Garda-1024x1024.jpeg 1024w, https:\/\/bergers-schlagerparadies.de\/wp-content\/uploads\/2024\/02\/Nina-la-Vida-Fruehling-am-Lago-di-Garda-150x150.jpeg 150w, https:\/\/bergers-schlagerparadies.de\/wp-content\/uploads\/2024\/02\/Nina-la-Vida-Fruehling-am-Lago-di-Garda-768x768.jpeg 768w, https:\/\/bergers-schlagerparadies.de\/wp-content\/uploads\/2024\/02\/Nina-la-Vida-Fruehling-am-Lago-di-Garda-1536x1536.jpeg 1536w, https:\/\/bergers-schlagerparadies.de\/wp-content\/uploads\/2024\/02\/Nina-la-Vida-Fruehling-am-Lago-di-Garda-2048x2048.jpeg 2048w, https:\/\/bergers-schlagerparadies.de\/wp-content\/uploads\/2024\/02\/Nina-la-Vida-Fruehling-am-Lago-di-Garda-1200x1200.jpeg 1200w, https:\/\/bergers-schlagerparadies.de\/wp-content\/uploads\/2024\/02\/Nina-la-Vida-Fruehling-am-Lago-di-Garda-1188x1188.jpeg 1188w, https:\/\/bergers-schlagerparadies.de\/wp-content\/uploads\/2024\/02\/Nina-la-Vida-Fruehling-am-Lago-di-Garda-100x100.jpeg 100w\" sizes=\"auto, (max-width: 300px) 100vw, 300px\" \/>\u201eWenn es Fr\u00fchling wird am Lago di Garda wird die Sehnsucht in mir wieder wach\u201c<br \/>\nDer See liegt ruhig und eine warme Brise kommt auf. Im Tagebuch bl\u00e4tternd erinnert sich die sch\u00f6ne Norddeutsche an die Sommerromanze mit einer Liebe aus der Vergangenheit.<\/p>\n<p>Auf den Spuren von Romeo und Julia singt Nina la Vida \u00fcber die italienische Sehnsucht mit gewohnt gef\u00fchlvoll, aber zugleich fordernder und frecher Powerstimme!<\/p>\n<p>Eine Reise nach Italien an den sch\u00f6nen Gardasee inspirierte den Star Songwriter Erwin Brand (Flippers) zu einem Schlager voller Romantik und Erinnerung an die kribbelnde, und frische Liebe.<br \/>\n\u201eWir k\u00fcssten uns beim Klang der Tenora\u201c<br \/>\nBei Nina la Vida kommen Fr\u00fchlingsgef\u00fchle auf. Gemeinsam mit Jelfi Records \/ Jelfi Media (Jenny van Bree und Wolfgang Nadrag) realisieren die vier Musiker mit Erwin Brand wieder ein gro\u00dfartiges Projekt.<\/p>\n<p>F\u00fcr den Musikvideodreh stiegen alle kurzerhand ins Auto und fuhren f\u00fcr vier Tage von Norddeutschland nach Italien an den Gardasee, um dort songgetreu die sch\u00f6nsten Momente in Verona und am \u201eLago di Garda\u201c einzufangen. Selbst das Haus von Romeo und Julia wurde besucht und bei Vino und Musik unvergessliche Abende verbracht.<\/p>\n<p>Die Hamburger S\u00e4ngerin erhielt bereits einige Auszeichnungen und wurde erst k\u00fcrzlich von einem holl\u00e4ndischen Radiosender mit einem Platz 1 ausgezeichnet.<br \/>\nDie quirlige Nina kann auf gro\u00dfartige Auftritte im TV und auf der B\u00fchne (Schweriner Winzerfest vor 5000 Zuschauern) zur\u00fcckblicken. Sie ist europaweit f\u00fcr ihre Auftritte bekannt, nicht zuletzt auf Gran Canaria, ihrer zweiten Wahlheimat.<br \/>\nNeben der Radioversion erscheint in K\u00fcrze auch ein Remix der besonderen Art. Sympathisch, fr\u00f6hlich, frech &#8211; Nina la Vida!<\/p>\n<p><span style=\"color: #800000;\"><strong>Quelle: Fiesta Records<\/strong><\/span><\/p>\n<p><span style=\"color: #800000;\"><strong>Dieser Song ist ab dem 01.01.2024 auf allen Download- und Streaming-Portalen erh\u00e4ltlich.\u00a0<\/strong><\/span><\/p>\n<p><span style=\"color: #800000;\"><strong>Airdate (f\u00fcr Radiosender): 23.02.2024<\/strong><\/span><\/p>\n","protected":false},"excerpt":{"rendered":"<p>\u201eWenn es Fr\u00fchling wird am Lago di Garda wird die Sehnsucht in mir wieder wach\u201c Der See liegt ruhig und eine warme Brise kommt auf. Im Tagebuch bl\u00e4tternd erinnert sich die sch\u00f6ne Norddeutsche an die Sommerromanze mit einer Liebe aus der Vergangenheit. Auf den Spuren von Romeo und Julia singt Nina la Vida \u00fcber die italienische Sehnsucht mit gewohnt gef\u00fchlvoll, aber zugleich fordernder und frecher Powerstimme! Eine Reise nach Italien an den sch\u00f6nen Gardasee inspirierte den Star Songwriter Erwin Brand (Flippers) zu einem Schlager voller Romantik und Erinnerung an die kribbelnde, und frische Liebe. \u201eWir k\u00fcssten uns beim Klang der Tenora\u201c Bei Nina la Vida&#8230;<\/p>\n","protected":false},"author":1,"featured_media":23533,"comment_status":"open","ping_status":"open","sticky":false,"template":"","format":"standard","meta":{"footnotes":""},"categories":[2],"tags":[115],"class_list":["post-23532","post","type-post","status-publish","format-standard","has-post-thumbnail","hentry","category-schlager","tag-nina-la-vida","wpcat-2-id"],"_links":{"self":[{"href":"https:\/\/bergers-schlagerparadies.de\/index.php?rest_route=\/wp\/v2\/posts\/23532","targetHints":{"allow":["GET"]}}],"collection":[{"href":"https:\/\/bergers-schlagerparadies.de\/index.php?rest_route=\/wp\/v2\/posts"}],"about":[{"href":"https:\/\/bergers-schlagerparadies.de\/index.php?rest_route=\/wp\/v2\/types\/post"}],"author":[{"embeddable":true,"href":"https:\/\/bergers-schlagerparadies.de\/index.php?rest_route=\/wp\/v2\/users\/1"}],"replies":[{"embeddable":true,"href":"https:\/\/bergers-schlagerparadies.de\/index.php?rest_route=%2Fwp%2Fv2%2Fcomments&post=23532"}],"version-history":[{"count":1,"href":"https:\/\/bergers-schlagerparadies.de\/index.php?rest_route=\/wp\/v2\/posts\/23532\/revisions"}],"predecessor-version":[{"id":23534,"href":"https:\/\/bergers-schlagerparadies.de\/index.php?rest_route=\/wp\/v2\/posts\/23532\/revisions\/23534"}],"wp:featuredmedia":[{"embeddable":true,"href":"https:\/\/bergers-schlagerparadies.de\/index.php?rest_route=\/wp\/v2\/media\/23533"}],"wp:attachment":[{"href":"https:\/\/bergers-schlagerparadies.de\/index.php?rest_route=%2Fwp%2Fv2%2Fmedia&parent=23532"}],"wp:term":[{"taxonomy":"category","embeddable":true,"href":"https:\/\/bergers-schlagerparadies.de\/index.php?rest_route=%2Fwp%2Fv2%2Fcategories&post=23532"},{"taxonomy":"post_tag","embeddable":true,"href":"https:\/\/bergers-schlagerparadies.de\/index.php?rest_route=%2Fwp%2Fv2%2Ftags&post=23532"}],"curies":[{"name":"wp","href":"https:\/\/api.w.org\/{rel}","templated":true}]}}