{"id":23519,"date":"2024-02-25T10:30:16","date_gmt":"2024-02-25T09:30:16","guid":{"rendered":"https:\/\/bergers-schlagerparadies.de\/?p=23519"},"modified":"2024-02-23T09:54:40","modified_gmt":"2024-02-23T08:54:40","slug":"ilka-groenewold-wir-leben-hoch-%c2%b7-bergers-schlagerparadies","status":"publish","type":"post","link":"https:\/\/bergers-schlagerparadies.de\/?p=23519","title":{"rendered":"Ilka Groenewold &#8211; Wir leben hoch \u00b7 Berger\u00b4s Schlagerparadies"},"content":{"rendered":"<p><img loading=\"lazy\" decoding=\"async\" class=\"size-medium wp-image-23520 alignleft\" src=\"https:\/\/bergers-schlagerparadies.de\/wp-content\/uploads\/2024\/02\/Ilka-Groenewold-Wir-leben-hoch-300x300.jpeg\" alt=\"\" width=\"300\" height=\"300\" srcset=\"https:\/\/bergers-schlagerparadies.de\/wp-content\/uploads\/2024\/02\/Ilka-Groenewold-Wir-leben-hoch-300x300.jpeg 300w, https:\/\/bergers-schlagerparadies.de\/wp-content\/uploads\/2024\/02\/Ilka-Groenewold-Wir-leben-hoch-1024x1024.jpeg 1024w, https:\/\/bergers-schlagerparadies.de\/wp-content\/uploads\/2024\/02\/Ilka-Groenewold-Wir-leben-hoch-150x150.jpeg 150w, https:\/\/bergers-schlagerparadies.de\/wp-content\/uploads\/2024\/02\/Ilka-Groenewold-Wir-leben-hoch-768x768.jpeg 768w, https:\/\/bergers-schlagerparadies.de\/wp-content\/uploads\/2024\/02\/Ilka-Groenewold-Wir-leben-hoch-1536x1536.jpeg 1536w, https:\/\/bergers-schlagerparadies.de\/wp-content\/uploads\/2024\/02\/Ilka-Groenewold-Wir-leben-hoch-2048x2048.jpeg 2048w, https:\/\/bergers-schlagerparadies.de\/wp-content\/uploads\/2024\/02\/Ilka-Groenewold-Wir-leben-hoch-1200x1200.jpeg 1200w, https:\/\/bergers-schlagerparadies.de\/wp-content\/uploads\/2024\/02\/Ilka-Groenewold-Wir-leben-hoch-1188x1188.jpeg 1188w, https:\/\/bergers-schlagerparadies.de\/wp-content\/uploads\/2024\/02\/Ilka-Groenewold-Wir-leben-hoch-100x100.jpeg 100w\" sizes=\"auto, (max-width: 300px) 100vw, 300px\" \/>Nach der eing\u00e4ngigen Schlager-Pop-Nummer \u201eUnikat\u201c meldet sich TV-Sternchen Ilka Groenewold (u. a. Reporterin bei WELT TV) mit neuer Gute-Laune Musik zur\u00fcck. \u201eWir leben hoch\u201c erscheint am 1. M\u00e4rz 2024 und ist ein flotter Schlagersong, der sowohl zum Tanzen als auch zum Mitsingen einl\u00e4dt.<br \/>\nWie \u201eUnikat\u201c stammt auch \u201eWir leben hoch\u201c aus der Feder von Markus Norwin Rummel (u. a. Produzent von Howard Carpendale, Kerstin Ott, Maite Kelly, Ben Zucker u. v. m.). Ver\u00f6ffentlicht wird der Song von der Universal Music Group (UMG) und Fiesta Records.<\/p>\n<p>\u201eWir leben hoch\u201c verbreitet gute Laune und steht f\u00fcr Zusammenhalt im Leben. Ein Thema, dass gerade in diesen Zeiten immer mehr in den Fokus r\u00fcckt.<\/p>\n<p>Der mitrei\u00dfende Refrain \u201eWir leben hoch wie Feuerwerke\u201c l\u00e4sst den Song zu einer Schlagerhymne werden und transportiert Ilkas Lebensgef\u00fchl von Freude und Spa\u00df.<\/p>\n<p>Ilka ist Vollblutentertainerin und ein Tausendsassa. So ist es nicht verwunderlich, dass das Energieb\u00fcndel bereits zum zweiten Mal in ihrem Musikvideo gemeinsam mit T\u00e4nzerinnen vom Tanzstudio Alavi aus Hamburg tanzt. Die Choreografie stammt von der Hamburgerin selbst und spiegelt die Power der Frau wider.<\/p>\n<p>\u201eMit \u201eWir leben hoch\u201c m\u00f6chte ich Mut machen und Lebensfreude verbreiten.\u201c<\/p>\n<p><span style=\"color: #800000;\"><strong>Quelle: Fiesta Records<\/strong><\/span><\/p>\n<p><span style=\"color: #800000;\"><strong>Dieser Song ist ab dem 01.03.2024 auf allen Download- und Streaming-Portalen erh\u00e4ltlich.\u00a0<\/strong><\/span><\/p>\n<p><span style=\"color: #800000;\"><strong>Airdate (f\u00fcr Radiosender): 23.02.2024<\/strong><\/span><\/p>\n","protected":false},"excerpt":{"rendered":"<p>Nach der eing\u00e4ngigen Schlager-Pop-Nummer \u201eUnikat\u201c meldet sich TV-Sternchen Ilka Groenewold (u. a. Reporterin bei WELT TV) mit neuer Gute-Laune Musik zur\u00fcck. \u201eWir leben hoch\u201c erscheint am 1. M\u00e4rz 2024 und ist ein flotter Schlagersong, der sowohl zum Tanzen als auch zum Mitsingen einl\u00e4dt. Wie \u201eUnikat\u201c stammt auch \u201eWir leben hoch\u201c aus der Feder von Markus Norwin Rummel (u. a. Produzent von Howard Carpendale, Kerstin Ott, Maite Kelly, Ben Zucker u. v. m.). Ver\u00f6ffentlicht wird der Song von der Universal Music Group (UMG) und Fiesta Records. \u201eWir leben hoch\u201c verbreitet gute Laune und steht f\u00fcr Zusammenhalt im Leben. Ein Thema, dass gerade in diesen Zeiten immer&#8230;<\/p>\n","protected":false},"author":1,"featured_media":23520,"comment_status":"open","ping_status":"open","sticky":false,"template":"","format":"standard","meta":{"footnotes":""},"categories":[2],"tags":[2195],"class_list":["post-23519","post","type-post","status-publish","format-standard","has-post-thumbnail","hentry","category-schlager","tag-ilka-groenewold","wpcat-2-id"],"_links":{"self":[{"href":"https:\/\/bergers-schlagerparadies.de\/index.php?rest_route=\/wp\/v2\/posts\/23519","targetHints":{"allow":["GET"]}}],"collection":[{"href":"https:\/\/bergers-schlagerparadies.de\/index.php?rest_route=\/wp\/v2\/posts"}],"about":[{"href":"https:\/\/bergers-schlagerparadies.de\/index.php?rest_route=\/wp\/v2\/types\/post"}],"author":[{"embeddable":true,"href":"https:\/\/bergers-schlagerparadies.de\/index.php?rest_route=\/wp\/v2\/users\/1"}],"replies":[{"embeddable":true,"href":"https:\/\/bergers-schlagerparadies.de\/index.php?rest_route=%2Fwp%2Fv2%2Fcomments&post=23519"}],"version-history":[{"count":1,"href":"https:\/\/bergers-schlagerparadies.de\/index.php?rest_route=\/wp\/v2\/posts\/23519\/revisions"}],"predecessor-version":[{"id":23522,"href":"https:\/\/bergers-schlagerparadies.de\/index.php?rest_route=\/wp\/v2\/posts\/23519\/revisions\/23522"}],"wp:featuredmedia":[{"embeddable":true,"href":"https:\/\/bergers-schlagerparadies.de\/index.php?rest_route=\/wp\/v2\/media\/23520"}],"wp:attachment":[{"href":"https:\/\/bergers-schlagerparadies.de\/index.php?rest_route=%2Fwp%2Fv2%2Fmedia&parent=23519"}],"wp:term":[{"taxonomy":"category","embeddable":true,"href":"https:\/\/bergers-schlagerparadies.de\/index.php?rest_route=%2Fwp%2Fv2%2Fcategories&post=23519"},{"taxonomy":"post_tag","embeddable":true,"href":"https:\/\/bergers-schlagerparadies.de\/index.php?rest_route=%2Fwp%2Fv2%2Ftags&post=23519"}],"curies":[{"name":"wp","href":"https:\/\/api.w.org\/{rel}","templated":true}]}}