{"id":23515,"date":"2024-02-25T10:30:39","date_gmt":"2024-02-25T09:30:39","guid":{"rendered":"https:\/\/bergers-schlagerparadies.de\/?p=23515"},"modified":"2024-02-23T09:48:11","modified_gmt":"2024-02-23T08:48:11","slug":"franz-k-ich-bring-die-asche-wieder-zum-gluehn-%c2%b7-bergers-schlagerparadies","status":"publish","type":"post","link":"https:\/\/bergers-schlagerparadies.de\/?p=23515","title":{"rendered":"Franz K. &#8211; Ich bring die Asche wieder zum Gl\u00fch&#8217;n \u00b7 Berger\u00b4s Schlagerparadies"},"content":{"rendered":"<p><img loading=\"lazy\" decoding=\"async\" class=\"size-medium wp-image-23516 alignleft\" src=\"https:\/\/bergers-schlagerparadies.de\/wp-content\/uploads\/2024\/02\/Franz-K.-Ich-bring-die-Asche-wieder-zum-Gluehn-300x300.jpeg\" alt=\"\" width=\"300\" height=\"300\" srcset=\"https:\/\/bergers-schlagerparadies.de\/wp-content\/uploads\/2024\/02\/Franz-K.-Ich-bring-die-Asche-wieder-zum-Gluehn-300x300.jpeg 300w, https:\/\/bergers-schlagerparadies.de\/wp-content\/uploads\/2024\/02\/Franz-K.-Ich-bring-die-Asche-wieder-zum-Gluehn-1024x1024.jpeg 1024w, https:\/\/bergers-schlagerparadies.de\/wp-content\/uploads\/2024\/02\/Franz-K.-Ich-bring-die-Asche-wieder-zum-Gluehn-150x150.jpeg 150w, https:\/\/bergers-schlagerparadies.de\/wp-content\/uploads\/2024\/02\/Franz-K.-Ich-bring-die-Asche-wieder-zum-Gluehn-768x768.jpeg 768w, https:\/\/bergers-schlagerparadies.de\/wp-content\/uploads\/2024\/02\/Franz-K.-Ich-bring-die-Asche-wieder-zum-Gluehn-1200x1200.jpeg 1200w, https:\/\/bergers-schlagerparadies.de\/wp-content\/uploads\/2024\/02\/Franz-K.-Ich-bring-die-Asche-wieder-zum-Gluehn-1188x1188.jpeg 1188w, https:\/\/bergers-schlagerparadies.de\/wp-content\/uploads\/2024\/02\/Franz-K.-Ich-bring-die-Asche-wieder-zum-Gluehn-100x100.jpeg 100w, https:\/\/bergers-schlagerparadies.de\/wp-content\/uploads\/2024\/02\/Franz-K.-Ich-bring-die-Asche-wieder-zum-Gluehn.jpeg 1440w\" sizes=\"auto, (max-width: 300px) 100vw, 300px\" \/>Die allerneuste Single der Band FRANZ K. heisst &#8222;Ich bring die Asche wieder zum Gl\u00fch&#8217;n&#8220;.<br \/>\nIrgendwie passt dieses Thema zum Wohnort der Gruppe, Witten an der Ruhr, denn hier wurde sehr fr\u00fch Kohle gef\u00f6rdert, die nat\u00fcrlich direkt auch mit &#8222;Asche&#8220; und &#8222;Glut&#8220; verbunden ist. FRANZ K. aus dem Ruhrgebiet &#8211; fr\u00fcher auch Kohlenpott genannt &#8211; hat dieses sachliche Thema auf eine pers\u00f6nliche Ebene gehoben. Auch in einer Zweierbeziehung sollte man nicht aufgeben und alles versuchen, dass es positiv weitergeht, dass die &#8222;Asche wieder zur Glut&#8220; wird. Produziert wurde dieser harmonische Deutsch-Pop Song wie gehabt von Stefan Josefus, der auch den Text geschrieben hat. Die Komposition stammt von Dirk Gottschalk und Dennis Viebahn.<\/p>\n<p><span style=\"color: #800000;\"><strong>Quelle: Steps Records<\/strong><\/span><\/p>\n<p><span style=\"color: #800000;\"><strong>Dieser Song ist ab dem 01.03.2024 auf allen Download- und Streaming-Portalen erh\u00e4ltlich.\u00a0<\/strong><\/span><\/p>\n<p><span style=\"color: #800000;\"><strong>Airdate (f\u00fcr Radiosender): 01.03.2024<\/strong><\/span><\/p>\n","protected":false},"excerpt":{"rendered":"<p>Die allerneuste Single der Band FRANZ K. heisst &#8222;Ich bring die Asche wieder zum Gl\u00fch&#8217;n&#8220;. Irgendwie passt dieses Thema zum Wohnort der Gruppe, Witten an der Ruhr, denn hier wurde sehr fr\u00fch Kohle gef\u00f6rdert, die nat\u00fcrlich direkt auch mit &#8222;Asche&#8220; und &#8222;Glut&#8220; verbunden ist. FRANZ K. aus dem Ruhrgebiet &#8211; fr\u00fcher auch Kohlenpott genannt &#8211; hat dieses sachliche Thema auf eine pers\u00f6nliche Ebene gehoben. Auch in einer Zweierbeziehung sollte man nicht aufgeben und alles versuchen, dass es positiv weitergeht, dass die &#8222;Asche wieder zur Glut&#8220; wird. Produziert wurde dieser harmonische Deutsch-Pop Song wie gehabt von Stefan Josefus, der auch den Text geschrieben hat. Die Komposition&#8230;<\/p>\n","protected":false},"author":1,"featured_media":23516,"comment_status":"open","ping_status":"open","sticky":false,"template":"","format":"standard","meta":{"footnotes":""},"categories":[2],"tags":[816],"class_list":["post-23515","post","type-post","status-publish","format-standard","has-post-thumbnail","hentry","category-schlager","tag-franz-k","wpcat-2-id"],"_links":{"self":[{"href":"https:\/\/bergers-schlagerparadies.de\/index.php?rest_route=\/wp\/v2\/posts\/23515","targetHints":{"allow":["GET"]}}],"collection":[{"href":"https:\/\/bergers-schlagerparadies.de\/index.php?rest_route=\/wp\/v2\/posts"}],"about":[{"href":"https:\/\/bergers-schlagerparadies.de\/index.php?rest_route=\/wp\/v2\/types\/post"}],"author":[{"embeddable":true,"href":"https:\/\/bergers-schlagerparadies.de\/index.php?rest_route=\/wp\/v2\/users\/1"}],"replies":[{"embeddable":true,"href":"https:\/\/bergers-schlagerparadies.de\/index.php?rest_route=%2Fwp%2Fv2%2Fcomments&post=23515"}],"version-history":[{"count":1,"href":"https:\/\/bergers-schlagerparadies.de\/index.php?rest_route=\/wp\/v2\/posts\/23515\/revisions"}],"predecessor-version":[{"id":23517,"href":"https:\/\/bergers-schlagerparadies.de\/index.php?rest_route=\/wp\/v2\/posts\/23515\/revisions\/23517"}],"wp:featuredmedia":[{"embeddable":true,"href":"https:\/\/bergers-schlagerparadies.de\/index.php?rest_route=\/wp\/v2\/media\/23516"}],"wp:attachment":[{"href":"https:\/\/bergers-schlagerparadies.de\/index.php?rest_route=%2Fwp%2Fv2%2Fmedia&parent=23515"}],"wp:term":[{"taxonomy":"category","embeddable":true,"href":"https:\/\/bergers-schlagerparadies.de\/index.php?rest_route=%2Fwp%2Fv2%2Fcategories&post=23515"},{"taxonomy":"post_tag","embeddable":true,"href":"https:\/\/bergers-schlagerparadies.de\/index.php?rest_route=%2Fwp%2Fv2%2Ftags&post=23515"}],"curies":[{"name":"wp","href":"https:\/\/api.w.org\/{rel}","templated":true}]}}