{"id":23477,"date":"2024-02-22T20:43:33","date_gmt":"2024-02-22T19:43:33","guid":{"rendered":"https:\/\/bergers-schlagerparadies.de\/?p=23477"},"modified":"2024-02-22T20:43:33","modified_gmt":"2024-02-22T19:43:33","slug":"alex-engel-joe-steen-am-strand-von-maspalomas-2024-%c2%b7-bergers-schlagerparadies","status":"publish","type":"post","link":"https:\/\/bergers-schlagerparadies.de\/?p=23477","title":{"rendered":"Alex Engel &#038; Joe Steen &#8211; Am Strand von Maspalomas (2024) \u00b7 Berger\u00b4s Schlagerparadies"},"content":{"rendered":"<p><img loading=\"lazy\" decoding=\"async\" class=\"size-medium wp-image-23480 alignleft\" src=\"https:\/\/bergers-schlagerparadies.de\/wp-content\/uploads\/2024\/02\/Alex-Engel-Joe-Steen-Am-Strand-von-Maspalomas-2024-300x300.jpeg\" alt=\"\" width=\"300\" height=\"300\" srcset=\"https:\/\/bergers-schlagerparadies.de\/wp-content\/uploads\/2024\/02\/Alex-Engel-Joe-Steen-Am-Strand-von-Maspalomas-2024-300x300.jpeg 300w, https:\/\/bergers-schlagerparadies.de\/wp-content\/uploads\/2024\/02\/Alex-Engel-Joe-Steen-Am-Strand-von-Maspalomas-2024-1024x1024.jpeg 1024w, https:\/\/bergers-schlagerparadies.de\/wp-content\/uploads\/2024\/02\/Alex-Engel-Joe-Steen-Am-Strand-von-Maspalomas-2024-150x150.jpeg 150w, https:\/\/bergers-schlagerparadies.de\/wp-content\/uploads\/2024\/02\/Alex-Engel-Joe-Steen-Am-Strand-von-Maspalomas-2024-768x768.jpeg 768w, https:\/\/bergers-schlagerparadies.de\/wp-content\/uploads\/2024\/02\/Alex-Engel-Joe-Steen-Am-Strand-von-Maspalomas-2024-1536x1536.jpeg 1536w, https:\/\/bergers-schlagerparadies.de\/wp-content\/uploads\/2024\/02\/Alex-Engel-Joe-Steen-Am-Strand-von-Maspalomas-2024-1200x1200.jpeg 1200w, https:\/\/bergers-schlagerparadies.de\/wp-content\/uploads\/2024\/02\/Alex-Engel-Joe-Steen-Am-Strand-von-Maspalomas-2024-1188x1188.jpeg 1188w, https:\/\/bergers-schlagerparadies.de\/wp-content\/uploads\/2024\/02\/Alex-Engel-Joe-Steen-Am-Strand-von-Maspalomas-2024-100x100.jpeg 100w, https:\/\/bergers-schlagerparadies.de\/wp-content\/uploads\/2024\/02\/Alex-Engel-Joe-Steen-Am-Strand-von-Maspalomas-2024.jpeg 2048w\" sizes=\"auto, (max-width: 300px) 100vw, 300px\" \/>Alex Engel und Joe Steen zusammen \u201eAm Strand von Maspalomas\u201c<br \/>\nTop-Musiker ver\u00f6ffentlichen gemeinsamen Song<br \/>\nZwei Musik-Gr\u00f6\u00dfen, eine traumhafte Urlaubslocation und ein wahrer Song-Klassiker &#8211; das schreit nach einem neuen Hit. Allerdings nicht, wie man es bei Alex Engel vielleicht erwarten w\u00fcrde, an der ber\u00fchmten Playa de Palma, sondern zusammen mit Joe Steen \u201eAm Strand von Maspalomas\u201c und zwar schon ab dem 23. Februar.<br \/>\n\u201eAm Strand von Maspalomas\u201c von Chris Wolff aus dem Jahr 1990 ist ein echter Klassiker. Nicht nur f\u00fcr Schlager-Fans auf Gran Canaria. \u201eNat\u00fcrlich kennen auch wir diesen Song\u201c, erz\u00e4hlt Alex Engel. \u201eAn einem solchen Klassiker kommt man gar nicht vorbei, wenn man so wie wir beide quasi t\u00e4glich auf den Kanaren auftritt\u201c, erg\u00e4nzt S\u00e4nger-Kollege Joe Steen. Er allein steht pro Jahr \u00fcber 280 Mal auf der B\u00fchne. Unter anderem bereits bei Dieter Thomas Heck oder in der Tony Marshall Show.<br \/>\nBei einem derartigen Auftritts-Pensum war es nur eine Frage der Zeit, bis sich Engel und Steen \u00fcber den Weg liefen. \u201eWir haben ziemlich schnell gemerkt, dass wir auf der gleichen Welle sind\u201c, berichtet der als Mallorcas meistgebuchter Schlagers\u00e4nger bekannte Alex Engel weiter, \u201ealso menschlich und musikalisch.\u201c \u201eGenau\u201c, f\u00fcgt Steen lachend hinzu, \u201ezusammen am Meer waren wir schlie\u00dflich erst sp\u00e4ter.\u201c<br \/>\nDort passierte dann auch das, was fr\u00fcher oder sp\u00e4ter unausweichlich ist, wenn Musiker sich gut verstehen: Sie beschlie\u00dfen, gemeinsam einen Song aufzunehmen.<br \/>\nF\u00fcr Alex Engel und Joe Steen ging es also vom Strand ins Tonstudio. Anstatt dass der erfahrene Songwriter Engel aber ein neues Lied f\u00fcr sie beide schrieb, beschlossen sie \u201eAm Strand von Maspalomas\u201c neu aufzulegen. F\u00fcr den zeitgem\u00e4\u00dfen Sound sorgte dabei Produzent Tom van Dahl.<br \/>\n\u201eDieser Song spiegelt einfach wunderbar das Lebensgef\u00fchl, unser Lebensgef\u00fchl, hier auf Gran Canaria wieder.\u201c Das findet auch das Publikum. Denn sowohl Engel als auch Steen begeistern bereits seit einiger Zeit bei Live-Auftritten mit ihrer Version von \u201eAm Strand von Maspalomas\u201c.<br \/>\nDiejenigen, die nicht auf Gran Canaria dabei sein k\u00f6nnen, haben ab 23. Februar 2024 die Chance, sich einen Eindruck zu verschaffen. Dann wird \u201eAm Strand von Maspalomas\u201c inklusive Discofox-Remix auf allen bekannten Musikportalen digital ver\u00f6ffentlicht.<\/p>\n<p><span style=\"color: #800000;\"><strong>Quelle: Engel Musik<\/strong><\/span><\/p>\n<p><span style=\"color: #800000;\"><strong>Dieser Song ist ab dem 23.02.2024 auf allen Download- und Streaming-Portalen erh\u00e4ltlich.\u00a0<\/strong><\/span><\/p>\n<p><span style=\"color: #800000;\"><strong>Airdate (f\u00fcr Radiosender): 23.02.2024<\/strong><\/span><\/p>\n","protected":false},"excerpt":{"rendered":"<p>Alex Engel und Joe Steen zusammen \u201eAm Strand von Maspalomas\u201c Top-Musiker ver\u00f6ffentlichen gemeinsamen Song Zwei Musik-Gr\u00f6\u00dfen, eine traumhafte Urlaubslocation und ein wahrer Song-Klassiker &#8211; das schreit nach einem neuen Hit. Allerdings nicht, wie man es bei Alex Engel vielleicht erwarten w\u00fcrde, an der ber\u00fchmten Playa de Palma, sondern zusammen mit Joe Steen \u201eAm Strand von Maspalomas\u201c und zwar schon ab dem 23. Februar. \u201eAm Strand von Maspalomas\u201c von Chris Wolff aus dem Jahr 1990 ist ein echter Klassiker. Nicht nur f\u00fcr Schlager-Fans auf Gran Canaria. \u201eNat\u00fcrlich kennen auch wir diesen Song\u201c, erz\u00e4hlt Alex Engel. \u201eAn einem solchen Klassiker kommt man gar nicht vorbei, wenn man&#8230;<\/p>\n","protected":false},"author":1,"featured_media":23480,"comment_status":"open","ping_status":"open","sticky":false,"template":"","format":"standard","meta":{"footnotes":""},"categories":[2],"tags":[2435],"class_list":["post-23477","post","type-post","status-publish","format-standard","has-post-thumbnail","hentry","category-schlager","tag-alex-engel-joe-steen","wpcat-2-id"],"_links":{"self":[{"href":"https:\/\/bergers-schlagerparadies.de\/index.php?rest_route=\/wp\/v2\/posts\/23477","targetHints":{"allow":["GET"]}}],"collection":[{"href":"https:\/\/bergers-schlagerparadies.de\/index.php?rest_route=\/wp\/v2\/posts"}],"about":[{"href":"https:\/\/bergers-schlagerparadies.de\/index.php?rest_route=\/wp\/v2\/types\/post"}],"author":[{"embeddable":true,"href":"https:\/\/bergers-schlagerparadies.de\/index.php?rest_route=\/wp\/v2\/users\/1"}],"replies":[{"embeddable":true,"href":"https:\/\/bergers-schlagerparadies.de\/index.php?rest_route=%2Fwp%2Fv2%2Fcomments&post=23477"}],"version-history":[{"count":1,"href":"https:\/\/bergers-schlagerparadies.de\/index.php?rest_route=\/wp\/v2\/posts\/23477\/revisions"}],"predecessor-version":[{"id":23481,"href":"https:\/\/bergers-schlagerparadies.de\/index.php?rest_route=\/wp\/v2\/posts\/23477\/revisions\/23481"}],"wp:featuredmedia":[{"embeddable":true,"href":"https:\/\/bergers-schlagerparadies.de\/index.php?rest_route=\/wp\/v2\/media\/23480"}],"wp:attachment":[{"href":"https:\/\/bergers-schlagerparadies.de\/index.php?rest_route=%2Fwp%2Fv2%2Fmedia&parent=23477"}],"wp:term":[{"taxonomy":"category","embeddable":true,"href":"https:\/\/bergers-schlagerparadies.de\/index.php?rest_route=%2Fwp%2Fv2%2Fcategories&post=23477"},{"taxonomy":"post_tag","embeddable":true,"href":"https:\/\/bergers-schlagerparadies.de\/index.php?rest_route=%2Fwp%2Fv2%2Ftags&post=23477"}],"curies":[{"name":"wp","href":"https:\/\/api.w.org\/{rel}","templated":true}]}}