{"id":23474,"date":"2024-02-21T21:49:50","date_gmt":"2024-02-21T20:49:50","guid":{"rendered":"https:\/\/bergers-schlagerparadies.de\/?p=23474"},"modified":"2024-02-21T21:49:50","modified_gmt":"2024-02-21T20:49:50","slug":"michael-winter-freitag-nacht-%c2%b7-bergers-schlagerparadies","status":"publish","type":"post","link":"https:\/\/bergers-schlagerparadies.de\/?p=23474","title":{"rendered":"Michael Winter &#8211; Freitag Nacht \u00b7 Berger\u00b4s Schlagerparadies"},"content":{"rendered":"<p><img loading=\"lazy\" decoding=\"async\" class=\"size-medium wp-image-23475 alignleft\" src=\"https:\/\/bergers-schlagerparadies.de\/wp-content\/uploads\/2024\/02\/Michael-Winter-Freitag-Nacht-300x300.jpg\" alt=\"\" width=\"300\" height=\"300\" srcset=\"https:\/\/bergers-schlagerparadies.de\/wp-content\/uploads\/2024\/02\/Michael-Winter-Freitag-Nacht-300x300.jpg 300w, https:\/\/bergers-schlagerparadies.de\/wp-content\/uploads\/2024\/02\/Michael-Winter-Freitag-Nacht-1024x1024.jpg 1024w, https:\/\/bergers-schlagerparadies.de\/wp-content\/uploads\/2024\/02\/Michael-Winter-Freitag-Nacht-150x150.jpg 150w, https:\/\/bergers-schlagerparadies.de\/wp-content\/uploads\/2024\/02\/Michael-Winter-Freitag-Nacht-768x768.jpg 768w, https:\/\/bergers-schlagerparadies.de\/wp-content\/uploads\/2024\/02\/Michael-Winter-Freitag-Nacht-1536x1536.jpg 1536w, https:\/\/bergers-schlagerparadies.de\/wp-content\/uploads\/2024\/02\/Michael-Winter-Freitag-Nacht-2048x2048.jpg 2048w, https:\/\/bergers-schlagerparadies.de\/wp-content\/uploads\/2024\/02\/Michael-Winter-Freitag-Nacht-1200x1200.jpg 1200w, https:\/\/bergers-schlagerparadies.de\/wp-content\/uploads\/2024\/02\/Michael-Winter-Freitag-Nacht-1188x1188.jpg 1188w, https:\/\/bergers-schlagerparadies.de\/wp-content\/uploads\/2024\/02\/Michael-Winter-Freitag-Nacht-100x100.jpg 100w\" sizes=\"auto, (max-width: 300px) 100vw, 300px\" \/>In einer dieser unvergesslichen N\u00e4chte, wenn der Puls der Zeit im Takt der Musik schl\u00e4gt und die Atmosph\u00e4re von besonderer Magie durchzogen ist, entstand die Idee zu einem musikalischen Meisterwerk. Michael Winter, ein K\u00fcnstler mit einer drei\u00dfigj\u00e4hrigen Erfolgsgeschichte, wagt sich erneut an ein Cover und pr\u00e4sentiert mit &#8222;Freitag Nacht&#8220; eine einzigartige Interpretation des Originals von Michael Wendler.<\/p>\n<p>Das Cover des Songs, der bereits im Original die Herzen der Musikliebhaber eroberte, zeigt Winters F\u00e4higkeit, zeitlose Melodien mit seiner pers\u00f6nlichen Note zu veredeln. Diese Ver\u00f6ffentlichung markiert das dritte Mal in drei Jahrzehnten, dass Michael Winter sein Talent und seine Leidenschaft f\u00fcr Musik in die Welt der Coverversionen einbringt.<\/p>\n<p>&#8222;Freitag Nacht&#8220; ist nicht nur eine musikalische Hommage an das Original, sondern auch eine k\u00fcnstlerische Neuinterpretation, die die Essenz des Songs einf\u00e4ngt und mit Winters einzigartigem Stil veredelt. Die beeindruckende Kombination aus Wendlers ikonischem Song und Winters interpretatorischer Raffinesse schafft ein H\u00f6rerlebnis, das die Emotionen weckt und die Zeit \u00fcberdauert.<\/p>\n<p>Mit dieser Ver\u00f6ffentlichung beweist Michael Winter erneut seine Vielseitigkeit und die F\u00e4higkeit, zeitlose Musik in einen modernen Kontext zu setzen. &#8222;Freitag Nacht&#8220; wird nicht nur die Fans von Michael Wendler begeistern, sondern auch neue H\u00f6rerschaften f\u00fcr Winters musikalisches K\u00f6nnen gewinnen.<\/p>\n<p><span style=\"color: #800000;\"><strong>Quelle: Fiesta Records<\/strong><\/span><\/p>\n<p><span style=\"color: #800000;\"><strong>Dieser Song ist ab dem 23.02.2024 auf allen Download- und Streaming-Portalen erh\u00e4ltlich.\u00a0<\/strong><\/span><\/p>\n<p><span style=\"color: #800000;\"><strong>Airdate (f\u00fcr Radiosender): 21.02.2024<\/strong><\/span><\/p>\n","protected":false},"excerpt":{"rendered":"<p>In einer dieser unvergesslichen N\u00e4chte, wenn der Puls der Zeit im Takt der Musik schl\u00e4gt und die Atmosph\u00e4re von besonderer Magie durchzogen ist, entstand die Idee zu einem musikalischen Meisterwerk. Michael Winter, ein K\u00fcnstler mit einer drei\u00dfigj\u00e4hrigen Erfolgsgeschichte, wagt sich erneut an ein Cover und pr\u00e4sentiert mit &#8222;Freitag Nacht&#8220; eine einzigartige Interpretation des Originals von Michael Wendler. Das Cover des Songs, der bereits im Original die Herzen der Musikliebhaber eroberte, zeigt Winters F\u00e4higkeit, zeitlose Melodien mit seiner pers\u00f6nlichen Note zu veredeln. Diese Ver\u00f6ffentlichung markiert das dritte Mal in drei Jahrzehnten, dass Michael Winter sein Talent und seine Leidenschaft f\u00fcr Musik in die Welt der Coverversionen&#8230;<\/p>\n","protected":false},"author":1,"featured_media":23475,"comment_status":"open","ping_status":"open","sticky":false,"template":"","format":"standard","meta":{"footnotes":""},"categories":[2],"tags":[2434],"class_list":["post-23474","post","type-post","status-publish","format-standard","has-post-thumbnail","hentry","category-schlager","tag-michael-winter","wpcat-2-id"],"_links":{"self":[{"href":"https:\/\/bergers-schlagerparadies.de\/index.php?rest_route=\/wp\/v2\/posts\/23474","targetHints":{"allow":["GET"]}}],"collection":[{"href":"https:\/\/bergers-schlagerparadies.de\/index.php?rest_route=\/wp\/v2\/posts"}],"about":[{"href":"https:\/\/bergers-schlagerparadies.de\/index.php?rest_route=\/wp\/v2\/types\/post"}],"author":[{"embeddable":true,"href":"https:\/\/bergers-schlagerparadies.de\/index.php?rest_route=\/wp\/v2\/users\/1"}],"replies":[{"embeddable":true,"href":"https:\/\/bergers-schlagerparadies.de\/index.php?rest_route=%2Fwp%2Fv2%2Fcomments&post=23474"}],"version-history":[{"count":1,"href":"https:\/\/bergers-schlagerparadies.de\/index.php?rest_route=\/wp\/v2\/posts\/23474\/revisions"}],"predecessor-version":[{"id":23476,"href":"https:\/\/bergers-schlagerparadies.de\/index.php?rest_route=\/wp\/v2\/posts\/23474\/revisions\/23476"}],"wp:featuredmedia":[{"embeddable":true,"href":"https:\/\/bergers-schlagerparadies.de\/index.php?rest_route=\/wp\/v2\/media\/23475"}],"wp:attachment":[{"href":"https:\/\/bergers-schlagerparadies.de\/index.php?rest_route=%2Fwp%2Fv2%2Fmedia&parent=23474"}],"wp:term":[{"taxonomy":"category","embeddable":true,"href":"https:\/\/bergers-schlagerparadies.de\/index.php?rest_route=%2Fwp%2Fv2%2Fcategories&post=23474"},{"taxonomy":"post_tag","embeddable":true,"href":"https:\/\/bergers-schlagerparadies.de\/index.php?rest_route=%2Fwp%2Fv2%2Ftags&post=23474"}],"curies":[{"name":"wp","href":"https:\/\/api.w.org\/{rel}","templated":true}]}}