{"id":23468,"date":"2024-02-21T21:18:02","date_gmt":"2024-02-21T20:18:02","guid":{"rendered":"https:\/\/bergers-schlagerparadies.de\/?p=23468"},"modified":"2024-02-21T21:18:02","modified_gmt":"2024-02-21T20:18:02","slug":"rainer-fabich-emotions-and-characters-ii-album-%c2%b7-bergers-schlagerparadies","status":"publish","type":"post","link":"https:\/\/bergers-schlagerparadies.de\/?p=23468","title":{"rendered":"Rainer Fabich &#8211; EMOTIONS AND CHARACTERS II (Album) \u00b7 Berger\u00b4s Schlagerparadies"},"content":{"rendered":"<p><img loading=\"lazy\" decoding=\"async\" class=\"size-medium wp-image-23469 alignleft\" src=\"https:\/\/bergers-schlagerparadies.de\/wp-content\/uploads\/2024\/02\/Rainer-Fabich-EMOTIONS-AND-CHARACTERS-II-Album-300x300.jpeg\" alt=\"\" width=\"300\" height=\"300\" srcset=\"https:\/\/bergers-schlagerparadies.de\/wp-content\/uploads\/2024\/02\/Rainer-Fabich-EMOTIONS-AND-CHARACTERS-II-Album-300x300.jpeg 300w, https:\/\/bergers-schlagerparadies.de\/wp-content\/uploads\/2024\/02\/Rainer-Fabich-EMOTIONS-AND-CHARACTERS-II-Album-1024x1024.jpeg 1024w, https:\/\/bergers-schlagerparadies.de\/wp-content\/uploads\/2024\/02\/Rainer-Fabich-EMOTIONS-AND-CHARACTERS-II-Album-150x150.jpeg 150w, https:\/\/bergers-schlagerparadies.de\/wp-content\/uploads\/2024\/02\/Rainer-Fabich-EMOTIONS-AND-CHARACTERS-II-Album-768x767.jpeg 768w, https:\/\/bergers-schlagerparadies.de\/wp-content\/uploads\/2024\/02\/Rainer-Fabich-EMOTIONS-AND-CHARACTERS-II-Album-1200x1200.jpeg 1200w, https:\/\/bergers-schlagerparadies.de\/wp-content\/uploads\/2024\/02\/Rainer-Fabich-EMOTIONS-AND-CHARACTERS-II-Album-1188x1187.jpeg 1188w, https:\/\/bergers-schlagerparadies.de\/wp-content\/uploads\/2024\/02\/Rainer-Fabich-EMOTIONS-AND-CHARACTERS-II-Album-100x100.jpeg 100w, https:\/\/bergers-schlagerparadies.de\/wp-content\/uploads\/2024\/02\/Rainer-Fabich-EMOTIONS-AND-CHARACTERS-II-Album.jpeg 1471w\" sizes=\"auto, (max-width: 300px) 100vw, 300px\" \/>EMOTIONS &amp; CHARACTERS II ist das Nachfolgeprojekt von Rainer Fabichs Album EMOTIONS, bei dem grundlegende menschliche Emotionen und Gef\u00fchle zum Thema der Einzeltracks werden.<br \/>\nDiesmal beinhalten die Tracktitel z.T.auch Personifikation dieser Gef\u00fchle. Seit der Antike werden in der Mythologie bestimmte Emotionen und Charaktereigenschaften mit einzelnen Protagonisten in Verbindung gebracht. Erz\u00e4hlungen und Darstellungen in Kunst, Literatur, Theater, Musik, Film oder Computerspiel greifen auf diese archetypischen und dramaturgischen Erz\u00e4hlmuster zur\u00fcck, so auch die Tracks des Albums wie VICTORIA, SISYPHUS, CASSANDRA, ZORN DER G\u00d6TTER oder MEDUSA.<br \/>\nEinge davon werden dar\u00fcber hinaus auch im Orchestrzyklus MYThS als Notenmaterial erscheinen.\u00dcber den europ\u00e4ischen Background hinaus verweisen die St\u00fccke ZEN oder IPANEMA oder sie haben einen allgemeinen Bezug, wie ATEMLOS, \u00c4NGSTLICH, HUMOR oder WAITING FOR BETTER TIMES.<\/p>\n<p><span style=\"color: #800000;\"><strong>Quelle: FAJORA MUSIC<\/strong><\/span><\/p>\n<p><span style=\"color: #800000;\"><strong>Dieses Album ist ab dem 01.03.2024 auf allen Download- und Streaming-Portalen erh\u00e4ltlich.\u00a0<\/strong><\/span><\/p>\n<p><span style=\"color: #800000;\"><strong>Airdate (f\u00fcr Radiosender): 21.02.2024<\/strong><\/span><\/p>\n","protected":false},"excerpt":{"rendered":"<p>EMOTIONS &amp; CHARACTERS II ist das Nachfolgeprojekt von Rainer Fabichs Album EMOTIONS, bei dem grundlegende menschliche Emotionen und Gef\u00fchle zum Thema der Einzeltracks werden. Diesmal beinhalten die Tracktitel z.T.auch Personifikation dieser Gef\u00fchle. Seit der Antike werden in der Mythologie bestimmte Emotionen und Charaktereigenschaften mit einzelnen Protagonisten in Verbindung gebracht. Erz\u00e4hlungen und Darstellungen in Kunst, Literatur, Theater, Musik, Film oder Computerspiel greifen auf diese archetypischen und dramaturgischen Erz\u00e4hlmuster zur\u00fcck, so auch die Tracks des Albums wie VICTORIA, SISYPHUS, CASSANDRA, ZORN DER G\u00d6TTER oder MEDUSA. Einge davon werden dar\u00fcber hinaus auch im Orchestrzyklus MYThS als Notenmaterial erscheinen.\u00dcber den europ\u00e4ischen Background hinaus verweisen die St\u00fccke ZEN oder IPANEMA&#8230;<\/p>\n","protected":false},"author":1,"featured_media":23469,"comment_status":"open","ping_status":"open","sticky":false,"template":"","format":"standard","meta":{"footnotes":""},"categories":[2],"tags":[2433],"class_list":["post-23468","post","type-post","status-publish","format-standard","has-post-thumbnail","hentry","category-schlager","tag-rainer-fabich","wpcat-2-id"],"_links":{"self":[{"href":"https:\/\/bergers-schlagerparadies.de\/index.php?rest_route=\/wp\/v2\/posts\/23468","targetHints":{"allow":["GET"]}}],"collection":[{"href":"https:\/\/bergers-schlagerparadies.de\/index.php?rest_route=\/wp\/v2\/posts"}],"about":[{"href":"https:\/\/bergers-schlagerparadies.de\/index.php?rest_route=\/wp\/v2\/types\/post"}],"author":[{"embeddable":true,"href":"https:\/\/bergers-schlagerparadies.de\/index.php?rest_route=\/wp\/v2\/users\/1"}],"replies":[{"embeddable":true,"href":"https:\/\/bergers-schlagerparadies.de\/index.php?rest_route=%2Fwp%2Fv2%2Fcomments&post=23468"}],"version-history":[{"count":1,"href":"https:\/\/bergers-schlagerparadies.de\/index.php?rest_route=\/wp\/v2\/posts\/23468\/revisions"}],"predecessor-version":[{"id":23470,"href":"https:\/\/bergers-schlagerparadies.de\/index.php?rest_route=\/wp\/v2\/posts\/23468\/revisions\/23470"}],"wp:featuredmedia":[{"embeddable":true,"href":"https:\/\/bergers-schlagerparadies.de\/index.php?rest_route=\/wp\/v2\/media\/23469"}],"wp:attachment":[{"href":"https:\/\/bergers-schlagerparadies.de\/index.php?rest_route=%2Fwp%2Fv2%2Fmedia&parent=23468"}],"wp:term":[{"taxonomy":"category","embeddable":true,"href":"https:\/\/bergers-schlagerparadies.de\/index.php?rest_route=%2Fwp%2Fv2%2Fcategories&post=23468"},{"taxonomy":"post_tag","embeddable":true,"href":"https:\/\/bergers-schlagerparadies.de\/index.php?rest_route=%2Fwp%2Fv2%2Ftags&post=23468"}],"curies":[{"name":"wp","href":"https:\/\/api.w.org\/{rel}","templated":true}]}}