{"id":23321,"date":"2024-02-18T10:30:20","date_gmt":"2024-02-18T09:30:20","guid":{"rendered":"https:\/\/bergers-schlagerparadies.de\/?p=23321"},"modified":"2024-02-18T13:43:40","modified_gmt":"2024-02-18T12:43:40","slug":"zwei-wie-eins-die-welt-ist-nicht-genug-%c2%b7-bergers-schlagerparadies","status":"publish","type":"post","link":"https:\/\/bergers-schlagerparadies.de\/?p=23321","title":{"rendered":"Zwei wie Eins &#8211; Die Welt ist nicht genug \u00b7 Berger\u00b4s Schlagerparadies"},"content":{"rendered":"<p><img loading=\"lazy\" decoding=\"async\" class=\"size-medium wp-image-23322 alignleft\" src=\"https:\/\/bergers-schlagerparadies.de\/wp-content\/uploads\/2024\/02\/Zwei-wie-Eins-Die-Welt-ist-nicht-genug-300x300.jpeg\" alt=\"\" width=\"300\" height=\"300\" srcset=\"https:\/\/bergers-schlagerparadies.de\/wp-content\/uploads\/2024\/02\/Zwei-wie-Eins-Die-Welt-ist-nicht-genug-300x300.jpeg 300w, https:\/\/bergers-schlagerparadies.de\/wp-content\/uploads\/2024\/02\/Zwei-wie-Eins-Die-Welt-ist-nicht-genug-1024x1024.jpeg 1024w, https:\/\/bergers-schlagerparadies.de\/wp-content\/uploads\/2024\/02\/Zwei-wie-Eins-Die-Welt-ist-nicht-genug-150x150.jpeg 150w, https:\/\/bergers-schlagerparadies.de\/wp-content\/uploads\/2024\/02\/Zwei-wie-Eins-Die-Welt-ist-nicht-genug-768x768.jpeg 768w, https:\/\/bergers-schlagerparadies.de\/wp-content\/uploads\/2024\/02\/Zwei-wie-Eins-Die-Welt-ist-nicht-genug-1536x1536.jpeg 1536w, https:\/\/bergers-schlagerparadies.de\/wp-content\/uploads\/2024\/02\/Zwei-wie-Eins-Die-Welt-ist-nicht-genug-2048x2048.jpeg 2048w, https:\/\/bergers-schlagerparadies.de\/wp-content\/uploads\/2024\/02\/Zwei-wie-Eins-Die-Welt-ist-nicht-genug-1200x1200.jpeg 1200w, https:\/\/bergers-schlagerparadies.de\/wp-content\/uploads\/2024\/02\/Zwei-wie-Eins-Die-Welt-ist-nicht-genug-1188x1188.jpeg 1188w, https:\/\/bergers-schlagerparadies.de\/wp-content\/uploads\/2024\/02\/Zwei-wie-Eins-Die-Welt-ist-nicht-genug-100x100.jpeg 100w\" sizes=\"auto, (max-width: 300px) 100vw, 300px\" \/>Video- und TV-Premiere am 01.03.2024 bei MDR Schlager des Monats<\/p>\n<p>&#8222;Die Welt ist nicht genug&#8220; ist eine fesselnde musikalische Reise, die durch die Geschichte des Nussknackers Wilhelm inspiriert wurde, der eine au\u00dfergew\u00f6hnliche Reise ins All unternimmt.<\/p>\n<p>Das Lied, interpretiert vom deutschen Popschlager-Duo Zwei wie Eins, f\u00e4ngt die faszinierende Atmosph\u00e4re dieses intergalaktischen Abenteuers ein. Die einpr\u00e4gsamen Melodien und kraftvollen Texte erforschen Themen wie grenzenlose M\u00f6glichkeiten, Freiheit und den Traum, nach den Sternen zu greifen.<\/p>\n<p>Markus Rummel, als Produzent, und Tobias Reitz, als Songwriter des Songs, haben dazu beigetragen, eine klangliche Kulisse zu schaffen, die die emotionale Tiefe und die befreiende Energie des St\u00fcckes unterstreicht.<\/p>\n<p>Nussknacker Wilhelm bereiste in den vergangenen Jahren 40 L\u00e4nder, doch &#8222;Die Welt ist nicht genug&#8220; f\u00fcr ihn und so beschloss er, zus\u00e4tzlich noch ein Jahr ins All zu fliegen. Durch diese Inspiration wird der Song zu einer Hymne f\u00fcr die Entdeckung von Neuem und den unersch\u00fctterlichen Glauben daran, dass Tr\u00e4ume keine Grenzen kennen. Die Single l\u00e4dt die Zuh\u00f6rer dazu ein, sich von der Faszination des Unbekannten mitrei\u00dfen zu lassen und gleichzeitig eine tiefe Verbindung zu den universellen Themen von Mut, Hoffnung und dem Streben nach etwas Gr\u00f6\u00dferem zu sp\u00fcren.<\/p>\n<p>&#8222;Die Welt ist nicht genug&#8220; steht somit nicht nur f\u00fcr ein musikalisches Erlebnis, sondern auch f\u00fcr eine inspirierende Reise in die Weiten des Weltraums und der menschlichen Vorstellungskraft.<\/p>\n<p><span style=\"color: #800000;\"><strong>Quelle: popXsound<\/strong><\/span><\/p>\n<p><span style=\"color: #800000;\"><strong>Dieser Song ist ab dem 01.03.2024 auf allen Download- und Streaming-Portalen erh\u00e4ltlich!<\/strong><\/span><\/p>\n<p><span style=\"color: #800000;\"><strong>Airdate (f\u00fcr Radiosender): 23.02.2024<\/strong><\/span><\/p>\n","protected":false},"excerpt":{"rendered":"<p>Video- und TV-Premiere am 01.03.2024 bei MDR Schlager des Monats &#8222;Die Welt ist nicht genug&#8220; ist eine fesselnde musikalische Reise, die durch die Geschichte des Nussknackers Wilhelm inspiriert wurde, der eine au\u00dfergew\u00f6hnliche Reise ins All unternimmt. Das Lied, interpretiert vom deutschen Popschlager-Duo Zwei wie Eins, f\u00e4ngt die faszinierende Atmosph\u00e4re dieses intergalaktischen Abenteuers ein. Die einpr\u00e4gsamen Melodien und kraftvollen Texte erforschen Themen wie grenzenlose M\u00f6glichkeiten, Freiheit und den Traum, nach den Sternen zu greifen. Markus Rummel, als Produzent, und Tobias Reitz, als Songwriter des Songs, haben dazu beigetragen, eine klangliche Kulisse zu schaffen, die die emotionale Tiefe und die befreiende Energie des St\u00fcckes unterstreicht. Nussknacker Wilhelm&#8230;<\/p>\n","protected":false},"author":1,"featured_media":23322,"comment_status":"open","ping_status":"open","sticky":false,"template":"","format":"standard","meta":{"footnotes":""},"categories":[2],"tags":[1072],"class_list":["post-23321","post","type-post","status-publish","format-standard","has-post-thumbnail","hentry","category-schlager","tag-zwei-wie-eins","wpcat-2-id"],"_links":{"self":[{"href":"https:\/\/bergers-schlagerparadies.de\/index.php?rest_route=\/wp\/v2\/posts\/23321","targetHints":{"allow":["GET"]}}],"collection":[{"href":"https:\/\/bergers-schlagerparadies.de\/index.php?rest_route=\/wp\/v2\/posts"}],"about":[{"href":"https:\/\/bergers-schlagerparadies.de\/index.php?rest_route=\/wp\/v2\/types\/post"}],"author":[{"embeddable":true,"href":"https:\/\/bergers-schlagerparadies.de\/index.php?rest_route=\/wp\/v2\/users\/1"}],"replies":[{"embeddable":true,"href":"https:\/\/bergers-schlagerparadies.de\/index.php?rest_route=%2Fwp%2Fv2%2Fcomments&post=23321"}],"version-history":[{"count":1,"href":"https:\/\/bergers-schlagerparadies.de\/index.php?rest_route=\/wp\/v2\/posts\/23321\/revisions"}],"predecessor-version":[{"id":23324,"href":"https:\/\/bergers-schlagerparadies.de\/index.php?rest_route=\/wp\/v2\/posts\/23321\/revisions\/23324"}],"wp:featuredmedia":[{"embeddable":true,"href":"https:\/\/bergers-schlagerparadies.de\/index.php?rest_route=\/wp\/v2\/media\/23322"}],"wp:attachment":[{"href":"https:\/\/bergers-schlagerparadies.de\/index.php?rest_route=%2Fwp%2Fv2%2Fmedia&parent=23321"}],"wp:term":[{"taxonomy":"category","embeddable":true,"href":"https:\/\/bergers-schlagerparadies.de\/index.php?rest_route=%2Fwp%2Fv2%2Fcategories&post=23321"},{"taxonomy":"post_tag","embeddable":true,"href":"https:\/\/bergers-schlagerparadies.de\/index.php?rest_route=%2Fwp%2Fv2%2Ftags&post=23321"}],"curies":[{"name":"wp","href":"https:\/\/api.w.org\/{rel}","templated":true}]}}