{"id":23317,"date":"2024-02-15T17:07:55","date_gmt":"2024-02-15T16:07:55","guid":{"rendered":"https:\/\/bergers-schlagerparadies.de\/?p=23317"},"modified":"2024-02-15T17:07:55","modified_gmt":"2024-02-15T16:07:55","slug":"art-garfunkel-jr-san-francisco-%c2%b7-bergers-schlagerparadies","status":"publish","type":"post","link":"https:\/\/bergers-schlagerparadies.de\/?p=23317","title":{"rendered":"Art Garfunkel jr. &#8211; San Francisco \u00b7 Berger\u00b4s Schlagerparadies"},"content":{"rendered":"<p class=\"entry-title\"><img loading=\"lazy\" decoding=\"async\" class=\"size-medium wp-image-23318 alignleft\" src=\"https:\/\/bergers-schlagerparadies.de\/wp-content\/uploads\/2024\/02\/Art-Garfunkel-jr.-San-Francisco-300x300.jpg\" alt=\"\" width=\"300\" height=\"300\" srcset=\"https:\/\/bergers-schlagerparadies.de\/wp-content\/uploads\/2024\/02\/Art-Garfunkel-jr.-San-Francisco-300x300.jpg 300w, https:\/\/bergers-schlagerparadies.de\/wp-content\/uploads\/2024\/02\/Art-Garfunkel-jr.-San-Francisco-1024x1024.jpg 1024w, https:\/\/bergers-schlagerparadies.de\/wp-content\/uploads\/2024\/02\/Art-Garfunkel-jr.-San-Francisco-150x150.jpg 150w, https:\/\/bergers-schlagerparadies.de\/wp-content\/uploads\/2024\/02\/Art-Garfunkel-jr.-San-Francisco-768x768.jpg 768w, https:\/\/bergers-schlagerparadies.de\/wp-content\/uploads\/2024\/02\/Art-Garfunkel-jr.-San-Francisco-1200x1200.jpg 1200w, https:\/\/bergers-schlagerparadies.de\/wp-content\/uploads\/2024\/02\/Art-Garfunkel-jr.-San-Francisco-1188x1188.jpg 1188w, https:\/\/bergers-schlagerparadies.de\/wp-content\/uploads\/2024\/02\/Art-Garfunkel-jr.-San-Francisco-100x100.jpg 100w, https:\/\/bergers-schlagerparadies.de\/wp-content\/uploads\/2024\/02\/Art-Garfunkel-jr.-San-Francisco.jpg 1400w\" sizes=\"auto, (max-width: 300px) 100vw, 300px\" \/>Die neue Single \u201eSan Francisco\u201c von Art Garfunkel jr. erscheint am 16.02.24 bei Telamo. Das zugeh\u00f6rige Video ist ebenfalls ab 16.02.24 zu sehen.<\/p>\n<p>\u201eKomm mit mir nach San Francisco. Ins Land der Tr\u00e4ume \u2013 einen Sommer lang!\u201c<\/p>\n<p>Mit dieser sehns\u00fcchtigen Einladung seiner neuen Single \u201eSan Francisco\u201c startet Art Garfunkel jr. nun auch musikalisch ins Jahr 2024.<\/p>\n<p>San Francisco \u2013 eine Stadt, die f\u00fcr ein ganz bestimmtes Lebensgef\u00fchl steht. Und: eine Stadt, die seit 1967 sogar eine eigene Hymne hat, die um die Welt gezogen ist.<\/p>\n<p>Es ist kein Zufall, dass der geb\u00fcrtige New Yorker sein zweites Chart-Album \u201eEvergreen\u201c, mit dem er die gro\u00dfe musikalische \u00c4ra der 1960er Jahre wieder aufleben l\u00e4sst., genau mit diesem Welthit er\u00f6ffnet. Schon nach den ersten Takten von \u201eSan Francisco\u201c wird man unwiderstehlich in eine eigene Phantasiewelt gezogen, auf die man sich gerne einl\u00e4sst und die man f\u00fcr sich (wieder)entdecken m\u00f6chte.<br \/>\nArt jr. pr\u00e4sentiert den Scott McKenzie-Klassikers nat\u00fcrlich in seiner speziellen Version \u2013 nat\u00fcrlich auch auf Deutsch. Gemeinsam mit Erfolgsproduzent Felix Gauder meistert er gekonnt den Spagat zwischen Tradition und Moderne und \u00fcberrascht ein ums andere Mal das Publikum.<\/p>\n<p>\u201eSan Francisco ist ein Lied \u00fcber Freiheit und Auflehnung gegen veraltete Konventionen. Ein Song, der eine ganze \u00c4ra umfasst und eine ganze Generation gepr\u00e4gt hat\u201c. Wer an \u201eSan Francisco\u201c denkt, denkt unweigerlich an die Golden Gate Bridge und den gleichnamigen, generations\u00fcbergreifenden Mega-Hit. Mit seiner pers\u00f6nlichen Version transportiert Art Garfunkel jr. diese einzigartige \u201estrange vibration\u201c der \u201epeople in motion\u201c, schwelgt in Erinnerungen und wagt zugleich den \u201eAufbruch in eine neue Zeit\u201c.<\/p>\n<p>Die Verbundenheit von Art Garfunkel jr. zu den Songs der 60er, wie eben \u201eSan Francisco\u201c, k\u00f6nnte tiefer nicht sein. Diese in die Wiege gelegte musikalische Leidenschaft und die \u201eemotionale N\u00e4he\u201c zu den Klassikern ist die Konstante im Leben des 32-J\u00e4hrigen, der seit \u00fcber 15 Jahren bereits in Deutschland lebt. Nahm er sich f\u00fcr sein Top10 \u2013 Deb\u00fctalbum (\u201eWie Du \u2013 Hommage an meinen Vater\u201c) den Liedern des legend\u00e4ren Folk-Rock-Duos Simon &amp; Garfunkel an, interpretiert er diesmal weitere Welthits der Musikgeschichte \u2013 also die Songs, die \u201egenauso zu meinem pers\u00f6nlichen Soundtrack geh\u00f6ren wie die Lieder meines Vaters\u201c.<\/p>\n<p>\u201e\u2026 Hand in Hand dorthin, wo es begann.\u201c<\/p>\n<p>Die neue Single \u201eSan Francisco\u201c von Art Garfunkel jr. erscheint am 16.02.24 bei Telamo. Das zugeh\u00f6rige Video ist ebenfalls ab 16.02.24 zu sehen.<\/p>\n<p><span style=\"color: #800000;\"><strong>Quelle: Telamo<\/strong><\/span><\/p>\n<p><span style=\"color: #800000;\"><strong>Dieser Song ist ab dem 16.02.2024\u00a0auf allen Download- und Streaming-Portalen erh\u00e4ltlich!<\/strong><\/span><\/p>\n<p><span style=\"color: #800000;\"><strong>Airdate (f\u00fcr Radiosender): 16.02.2024<\/strong><\/span><\/p>\n","protected":false},"excerpt":{"rendered":"<p>Die neue Single \u201eSan Francisco\u201c von Art Garfunkel jr. erscheint am 16.02.24 bei Telamo. Das zugeh\u00f6rige Video ist ebenfalls ab 16.02.24 zu sehen. \u201eKomm mit mir nach San Francisco. Ins Land der Tr\u00e4ume \u2013 einen Sommer lang!\u201c Mit dieser sehns\u00fcchtigen Einladung seiner neuen Single \u201eSan Francisco\u201c startet Art Garfunkel jr. nun auch musikalisch ins Jahr 2024. San Francisco \u2013 eine Stadt, die f\u00fcr ein ganz bestimmtes Lebensgef\u00fchl steht. Und: eine Stadt, die seit 1967 sogar eine eigene Hymne hat, die um die Welt gezogen ist. Es ist kein Zufall, dass der geb\u00fcrtige New Yorker sein zweites Chart-Album \u201eEvergreen\u201c, mit dem er die gro\u00dfe musikalische \u00c4ra&#8230;<\/p>\n","protected":false},"author":1,"featured_media":23318,"comment_status":"open","ping_status":"open","sticky":false,"template":"","format":"standard","meta":{"footnotes":""},"categories":[2],"tags":[919],"class_list":["post-23317","post","type-post","status-publish","format-standard","has-post-thumbnail","hentry","category-schlager","tag-art-garfunkel-jr","wpcat-2-id"],"_links":{"self":[{"href":"https:\/\/bergers-schlagerparadies.de\/index.php?rest_route=\/wp\/v2\/posts\/23317","targetHints":{"allow":["GET"]}}],"collection":[{"href":"https:\/\/bergers-schlagerparadies.de\/index.php?rest_route=\/wp\/v2\/posts"}],"about":[{"href":"https:\/\/bergers-schlagerparadies.de\/index.php?rest_route=\/wp\/v2\/types\/post"}],"author":[{"embeddable":true,"href":"https:\/\/bergers-schlagerparadies.de\/index.php?rest_route=\/wp\/v2\/users\/1"}],"replies":[{"embeddable":true,"href":"https:\/\/bergers-schlagerparadies.de\/index.php?rest_route=%2Fwp%2Fv2%2Fcomments&post=23317"}],"version-history":[{"count":1,"href":"https:\/\/bergers-schlagerparadies.de\/index.php?rest_route=\/wp\/v2\/posts\/23317\/revisions"}],"predecessor-version":[{"id":23319,"href":"https:\/\/bergers-schlagerparadies.de\/index.php?rest_route=\/wp\/v2\/posts\/23317\/revisions\/23319"}],"wp:featuredmedia":[{"embeddable":true,"href":"https:\/\/bergers-schlagerparadies.de\/index.php?rest_route=\/wp\/v2\/media\/23318"}],"wp:attachment":[{"href":"https:\/\/bergers-schlagerparadies.de\/index.php?rest_route=%2Fwp%2Fv2%2Fmedia&parent=23317"}],"wp:term":[{"taxonomy":"category","embeddable":true,"href":"https:\/\/bergers-schlagerparadies.de\/index.php?rest_route=%2Fwp%2Fv2%2Fcategories&post=23317"},{"taxonomy":"post_tag","embeddable":true,"href":"https:\/\/bergers-schlagerparadies.de\/index.php?rest_route=%2Fwp%2Fv2%2Ftags&post=23317"}],"curies":[{"name":"wp","href":"https:\/\/api.w.org\/{rel}","templated":true}]}}