{"id":23240,"date":"2024-02-13T18:36:08","date_gmt":"2024-02-13T17:36:08","guid":{"rendered":"https:\/\/bergers-schlagerparadies.de\/?p=23240"},"modified":"2024-02-13T18:36:08","modified_gmt":"2024-02-13T17:36:08","slug":"natalie-lament-stefan-micha-zurueck-mit-dir-an-die-cote-dazur-%c2%b7-bergers-schlagerparadies","status":"publish","type":"post","link":"https:\/\/bergers-schlagerparadies.de\/?p=23240","title":{"rendered":"Natalie Lament &#038; Stefan Micha &#8211; Zur\u00fcck mit dir an die C\u00f4te d&#8217;Azur \u00b7 Berger\u00b4s Schlagerparadies"},"content":{"rendered":"<p><img loading=\"lazy\" decoding=\"async\" class=\"size-medium wp-image-23241 alignleft\" src=\"https:\/\/bergers-schlagerparadies.de\/wp-content\/uploads\/2024\/02\/Natalie-Lament-Stefan-Micha-Zurueck-mit-dir-an-die-Cote-dAzur-300x300.jpeg\" alt=\"\" width=\"300\" height=\"300\" srcset=\"https:\/\/bergers-schlagerparadies.de\/wp-content\/uploads\/2024\/02\/Natalie-Lament-Stefan-Micha-Zurueck-mit-dir-an-die-Cote-dAzur-300x300.jpeg 300w, https:\/\/bergers-schlagerparadies.de\/wp-content\/uploads\/2024\/02\/Natalie-Lament-Stefan-Micha-Zurueck-mit-dir-an-die-Cote-dAzur-1024x1024.jpeg 1024w, https:\/\/bergers-schlagerparadies.de\/wp-content\/uploads\/2024\/02\/Natalie-Lament-Stefan-Micha-Zurueck-mit-dir-an-die-Cote-dAzur-150x150.jpeg 150w, https:\/\/bergers-schlagerparadies.de\/wp-content\/uploads\/2024\/02\/Natalie-Lament-Stefan-Micha-Zurueck-mit-dir-an-die-Cote-dAzur-768x768.jpeg 768w, https:\/\/bergers-schlagerparadies.de\/wp-content\/uploads\/2024\/02\/Natalie-Lament-Stefan-Micha-Zurueck-mit-dir-an-die-Cote-dAzur-1200x1200.jpeg 1200w, https:\/\/bergers-schlagerparadies.de\/wp-content\/uploads\/2024\/02\/Natalie-Lament-Stefan-Micha-Zurueck-mit-dir-an-die-Cote-dAzur-1188x1188.jpeg 1188w, https:\/\/bergers-schlagerparadies.de\/wp-content\/uploads\/2024\/02\/Natalie-Lament-Stefan-Micha-Zurueck-mit-dir-an-die-Cote-dAzur-100x100.jpeg 100w, https:\/\/bergers-schlagerparadies.de\/wp-content\/uploads\/2024\/02\/Natalie-Lament-Stefan-Micha-Zurueck-mit-dir-an-die-Cote-dAzur.jpeg 1417w\" sizes=\"auto, (max-width: 300px) 100vw, 300px\" \/>Zur\u00fcck mit Dir an die Cote d\u2018Azur<br \/>\nMit der ersten gemeinsamen Duett-Single \u201eKomm mit mir an die Cote d\u2019Azur\u201c begann im Jahr 2020 die Zusammenarbeit von Natalie Lament und Stefan Micha. Beide Solisten haben sich auf gemeinsamen Veranstaltungen immer wieder mal getroffen und so wurde die Idee eines gemeinsamen Projektes geboren und in die Tat umgesetzt. Nach weiteren gemeinsamen Singles und dem Duett-Album \u201eSchlagertr\u00e4ume\u201c gibt es jetzt die Fortsetzung des Erstlingswerkes. Am 16.Februar ver\u00f6ffentlichen Natalie Lament und Stefan Micha ihre neue Single \u201eZur\u00fcck mit Dir an die Cote d\u2019Azur\u201c. Gleichzeitig wird auch das gleichnamige Video ver\u00f6ffentlicht, welches nat\u00fcrlich auch im S\u00fcden Frankreichs gedreht wurde. Lassen sie sich von Natalie Lament und Stefan Micha auf eine erneute Reise an die Cote d\u2019Azur einladen und tr\u00e4umen sie jetzt schon von Sommer und Urlaubsfeeling.<br \/>\nNatalie Lament ist in der Lutherstadt Wittenberg geboren und lebt seit einigen Jahren in der Messestadt Leipzig. Natalie kann in ihrer jungen Karriere schon auf einige Erfolge verweisen. Mittlerweile hat die S\u00e4ngerin schon 4 Alben ver\u00f6ffentlicht und moderiert bei MELODIE TV seit Jahren die Sendung \u201eSchlagergef\u00fchle\u201c. Neben ihrem eigenen B\u00fchnenprogramm geht Natalie auch seit 5 Jahren mit einem Liveprogramm \u201eSchlagergef\u00fchle unterwegs\u201c auf Tournee. Seit Jahren sch\u00e4tzen die Fans die B\u00fchnenpr\u00e4senz und ihre gef\u00fchlvolle Stimme, mit der sie Songs u.a. von Helene Fischer oder Abba ganz neu interpretiert. Dabei versteht sie es, Partylaune und G\u00e4nsehaut-Stimmung gleicherma\u00dfen beim Publikum zu verbreiten. \u201eSchlager ist immer Stimmung. Und diese Musik macht nicht nur dem Publikum Spa\u00df, sondern auch mir. Wenn ich auf der B\u00fchne stehe, feiere ich stets mit. Unbeschreiblich ist es, wenn die Leute da unten so richtig abgehen\u201c, schw\u00e4rmt Natalie, die immer konsequenter ihre eigenen musikalischen Ziele verfolgt.<br \/>\nMusikalisch vermag die S\u00e4ngerin eh alle Register zu ziehen. Hinter dieser F\u00e4higkeit stecken Flei\u00df, Ehrgeiz, K\u00f6nnen und Motivation. \u201eMusik ist einfach alles f\u00fcr mich, ich lebe daf\u00fcr und bin mit ihr aufgewachsen\u201c, betont die S\u00e4ngerin, die schon im zarten Alter von vier Jahren dem Wittenberger Kirchenchor ihre Stimme schenkte. Mit sechs Jahren nahm dann die geb\u00fcrtige Wittenbergerin Klavierunterricht, sp\u00e4ter absolvierte sie eine klassische Ballett- und Tanzausbildung und begann mit elf Jahren ihre Gesangsausbildung. \u201eDas alles geschah nie aus Zwang. Ich hatte immer Lust dazu. Heute will ich mehr denn je, dass mein gro\u00dfer beruflicher Traum von einem Leben auf der B\u00fchne in Erf\u00fcllung geht\u201c, w\u00fcnscht sich die 26-J\u00e4hrige.<br \/>\nDie B\u00fchne ist ihr Leben, und wer Leben erleben will, der ist bei Natalie in besten H\u00e4nden. Ab sofort kann man ihr neues Live-Programm buchen, welches ein breites Repertoire von volkst\u00fcmlichen Hits \u00fcber Schlager bis hin zu bekannten Hits aus den deutschen Charts umfasst.<br \/>\nBereits acht Albumproduktionen und zahlreiche Singleauskopplungen, hat der charmante Schlagers\u00e4nger Stefan Micha aus Mittelhessen schon auf seinem Erfolgskonto zu verbuchen. Nat\u00fcrlich entwickelten sich die Songs &#8211; wurden \u201ereifer\u201c, so wie der S\u00e4nger selbst, der in diesem Jahr seinen 55sten Geburtstag feiert.<br \/>\nEines sp\u00fcrt man jedoch bei allen Liedern des sympathischen Hessen: Die unglaubliche Liebe zum Schlager und die ehrliche Freude daran, diesen zu pr\u00e4sentieren. Die Titel von Stefan Micha versprechen gute Laune, schwungvolle Melodien, auch gerne zum Mittanzen mit Inhalten und Erz\u00e4hlungen, die jeder Mensch, egal ob Frau oder Mann aus dem eigenen Leben kennt.<br \/>\nStefan ist stark geerdet. Er wei\u00df tats\u00e4chlich, was harte Arbeit bedeutet, t\u00e4gliches Zupacken und die Verantwortung f\u00fcr ein Gesch\u00e4ft und eine Familie. Seinen Fans nennen ihn auch liebevoll der \u201esingende Schrotti\u201c, und damit hat der K\u00fcnstler auch ganz und gar kein Problem. Denn Stefan ist selbst\u00e4ndiger Metall- und Schrotth\u00e4ndler und stolz darauf, mit seiner bodenst\u00e4ndigen Arbeit sein Leben aber auch seine Leidenschaft, die Musik finanzieren zu k\u00f6nnen. Er fand im Jahr 2020 ein neues Team f\u00fcr seine musikalischen Visionen und die ersten Ergebnisse auf seinem neuen Label YOYO music waren die Singles \u201eEinmal zu den Sternen und zur\u00fcck\u201c, \u201eInsel Sonnenschein\u201c und \u201eGut gemacht\u201c. Mit \u201eEinmal zu den Sternen und zur\u00fcck\u201c war Stefan Micha auch bei Bernhard Brink im MDR Fernsehen zu sehen. Seit 2023 begeistert Stefan Micha regelm\u00e4\u00dfig das Publikum in der angesagten Tanzbar \u201eBOLERO\u201c auf Mallorca. Ein weiteres High-Light werden ab diesem Sommer auch seine Auftritte im angesagten \u201eOberbayern\u201c werden.<br \/>\nIhr gemeinsames Duett-Album \u201eSchlagertr\u00e4ume\u201c erschien im Dezember 2022. Neben einem weiterem Duett-Song pr\u00e4sentieren Natalie Lament und Stefan Micha auch alte und neue Solonummern. Natalie hat sich an die deutsche Version des ABBA-Klassikers \u201eMamma Mia\u201c gewagt und Stefan Micha besingt den kommenden Sommer mit seinem \u201eCafe Vola\u201c. Passend zur diesj\u00e4hrigen Fu\u00dfball-EM in Deutschland haben die beiden K\u00fcnstler auch den Song \u201eFu\u00dfball made in Germany\u201c neu auf ihrem Album aufgenommen. Das Album verspricht 16 abwechslungsreiche SCHLAGERTR\u00c4UME.<\/p>\n<p><span style=\"color: #800000;\"><strong>Quelle: YOYORECORDS<\/strong><\/span><\/p>\n<p><span style=\"color: #800000;\"><strong>Dieser Song ist ab dem 16.02.2024 auf allen Download- und Streaming-Portalen erh\u00e4ltlich.<\/strong><\/span><\/p>\n<p><span style=\"color: #800000;\"><strong>Airdate (f\u00fcr Radiosender): 16.02.2024<\/strong><\/span><\/p>\n","protected":false},"excerpt":{"rendered":"<p>Zur\u00fcck mit Dir an die Cote d\u2018Azur Mit der ersten gemeinsamen Duett-Single \u201eKomm mit mir an die Cote d\u2019Azur\u201c begann im Jahr 2020 die Zusammenarbeit von Natalie Lament und Stefan Micha. Beide Solisten haben sich auf gemeinsamen Veranstaltungen immer wieder mal getroffen und so wurde die Idee eines gemeinsamen Projektes geboren und in die Tat umgesetzt. Nach weiteren gemeinsamen Singles und dem Duett-Album \u201eSchlagertr\u00e4ume\u201c gibt es jetzt die Fortsetzung des Erstlingswerkes. Am 16.Februar ver\u00f6ffentlichen Natalie Lament und Stefan Micha ihre neue Single \u201eZur\u00fcck mit Dir an die Cote d\u2019Azur\u201c. Gleichzeitig wird auch das gleichnamige Video ver\u00f6ffentlicht, welches nat\u00fcrlich auch im S\u00fcden Frankreichs gedreht wurde. Lassen&#8230;<\/p>\n","protected":false},"author":1,"featured_media":23241,"comment_status":"open","ping_status":"open","sticky":false,"template":"","format":"standard","meta":{"footnotes":""},"categories":[2],"tags":[1339],"class_list":["post-23240","post","type-post","status-publish","format-standard","has-post-thumbnail","hentry","category-schlager","tag-natalie-lament-stefan-micha","wpcat-2-id"],"_links":{"self":[{"href":"https:\/\/bergers-schlagerparadies.de\/index.php?rest_route=\/wp\/v2\/posts\/23240","targetHints":{"allow":["GET"]}}],"collection":[{"href":"https:\/\/bergers-schlagerparadies.de\/index.php?rest_route=\/wp\/v2\/posts"}],"about":[{"href":"https:\/\/bergers-schlagerparadies.de\/index.php?rest_route=\/wp\/v2\/types\/post"}],"author":[{"embeddable":true,"href":"https:\/\/bergers-schlagerparadies.de\/index.php?rest_route=\/wp\/v2\/users\/1"}],"replies":[{"embeddable":true,"href":"https:\/\/bergers-schlagerparadies.de\/index.php?rest_route=%2Fwp%2Fv2%2Fcomments&post=23240"}],"version-history":[{"count":1,"href":"https:\/\/bergers-schlagerparadies.de\/index.php?rest_route=\/wp\/v2\/posts\/23240\/revisions"}],"predecessor-version":[{"id":23242,"href":"https:\/\/bergers-schlagerparadies.de\/index.php?rest_route=\/wp\/v2\/posts\/23240\/revisions\/23242"}],"wp:featuredmedia":[{"embeddable":true,"href":"https:\/\/bergers-schlagerparadies.de\/index.php?rest_route=\/wp\/v2\/media\/23241"}],"wp:attachment":[{"href":"https:\/\/bergers-schlagerparadies.de\/index.php?rest_route=%2Fwp%2Fv2%2Fmedia&parent=23240"}],"wp:term":[{"taxonomy":"category","embeddable":true,"href":"https:\/\/bergers-schlagerparadies.de\/index.php?rest_route=%2Fwp%2Fv2%2Fcategories&post=23240"},{"taxonomy":"post_tag","embeddable":true,"href":"https:\/\/bergers-schlagerparadies.de\/index.php?rest_route=%2Fwp%2Fv2%2Ftags&post=23240"}],"curies":[{"name":"wp","href":"https:\/\/api.w.org\/{rel}","templated":true}]}}