{"id":23176,"date":"2024-02-09T13:39:36","date_gmt":"2024-02-09T12:39:36","guid":{"rendered":"https:\/\/bergers-schlagerparadies.de\/?p=23176"},"modified":"2024-02-09T13:39:36","modified_gmt":"2024-02-09T12:39:36","slug":"pietro-basile-diana-maria-krieger-schoen-dass-es-dich-gibt-%c2%b7-bergers-schlagerparadies","status":"publish","type":"post","link":"https:\/\/bergers-schlagerparadies.de\/?p=23176","title":{"rendered":"Pietro Basile &#038; Diana Maria Krieger &#8211; Sch\u00f6n, dass es dich gibt \u00b7 Berger\u00b4s Schlagerparadies"},"content":{"rendered":"<p><img loading=\"lazy\" decoding=\"async\" class=\"size-medium wp-image-23177 alignleft\" src=\"https:\/\/bergers-schlagerparadies.de\/wp-content\/uploads\/2024\/02\/Pietro-Basile-Diana-Maria-Krieger-Schoen-dass-es-dich-gibt-300x300.jpeg\" alt=\"\" width=\"300\" height=\"300\" srcset=\"https:\/\/bergers-schlagerparadies.de\/wp-content\/uploads\/2024\/02\/Pietro-Basile-Diana-Maria-Krieger-Schoen-dass-es-dich-gibt-300x300.jpeg 300w, https:\/\/bergers-schlagerparadies.de\/wp-content\/uploads\/2024\/02\/Pietro-Basile-Diana-Maria-Krieger-Schoen-dass-es-dich-gibt-1024x1024.jpeg 1024w, https:\/\/bergers-schlagerparadies.de\/wp-content\/uploads\/2024\/02\/Pietro-Basile-Diana-Maria-Krieger-Schoen-dass-es-dich-gibt-150x150.jpeg 150w, https:\/\/bergers-schlagerparadies.de\/wp-content\/uploads\/2024\/02\/Pietro-Basile-Diana-Maria-Krieger-Schoen-dass-es-dich-gibt-768x768.jpeg 768w, https:\/\/bergers-schlagerparadies.de\/wp-content\/uploads\/2024\/02\/Pietro-Basile-Diana-Maria-Krieger-Schoen-dass-es-dich-gibt-1536x1536.jpeg 1536w, https:\/\/bergers-schlagerparadies.de\/wp-content\/uploads\/2024\/02\/Pietro-Basile-Diana-Maria-Krieger-Schoen-dass-es-dich-gibt-2048x2048.jpeg 2048w, https:\/\/bergers-schlagerparadies.de\/wp-content\/uploads\/2024\/02\/Pietro-Basile-Diana-Maria-Krieger-Schoen-dass-es-dich-gibt-1200x1200.jpeg 1200w, https:\/\/bergers-schlagerparadies.de\/wp-content\/uploads\/2024\/02\/Pietro-Basile-Diana-Maria-Krieger-Schoen-dass-es-dich-gibt-1188x1188.jpeg 1188w, https:\/\/bergers-schlagerparadies.de\/wp-content\/uploads\/2024\/02\/Pietro-Basile-Diana-Maria-Krieger-Schoen-dass-es-dich-gibt-100x100.jpeg 100w\" sizes=\"auto, (max-width: 300px) 100vw, 300px\" \/>Rechtzeitig zum Valentinstag ver\u00f6ffentlichen Pietro Basile zusammen mit Diana Maria Krieger das Duett \u201eSch\u00f6n, dass es dich gibt\u201c. Mitunter die sch\u00f6nste Art und Weise, seine Gef\u00fchle f\u00fcr den anderen auszudr\u00fccken.<br \/>\nMit seiner warmen, italienischen Stimme ist Pietro Basile der ideale Duettpartner. Der Song \u201eIch liebe nur dich\u201c gesungen mit Sarah Engels hat die zweistellige Millionengrenze im Streaming schon l\u00e4ngst \u00fcberschritten. Diesmal hat Pietro Basile die Musikerin Diana Maria Krieger an seine Seite geholt. Die ausdrucksstarken Stimmen der beiden Interpreten l\u00e4sst den Song zu einem wahren Feuerwerk der Emotionen werden. Der deutsch- und italienischen Text gepaart mit der Stimmgewalt der beiden Interpreten l\u00e4sst gro\u00dfe Gef\u00fchle aufkommen. G\u00e4nsehaut-Effekt garantiert.<\/p>\n<p><span style=\"color: #800000;\"><strong>Quelle: El Cartel Music<\/strong><\/span><\/p>\n<p><span style=\"color: #800000;\"><strong>Dieser Song ist ab dem 09.02.2024 auf allen Download- und Streaming-Portalen erh\u00e4ltlich.\u00a0<\/strong><\/span><\/p>\n<p><span style=\"color: #800000;\"><strong>Airdate (f\u00fcr Radiosender): 09.02.2024<\/strong><\/span><\/p>\n","protected":false},"excerpt":{"rendered":"<p>Rechtzeitig zum Valentinstag ver\u00f6ffentlichen Pietro Basile zusammen mit Diana Maria Krieger das Duett \u201eSch\u00f6n, dass es dich gibt\u201c. Mitunter die sch\u00f6nste Art und Weise, seine Gef\u00fchle f\u00fcr den anderen auszudr\u00fccken. Mit seiner warmen, italienischen Stimme ist Pietro Basile der ideale Duettpartner. Der Song \u201eIch liebe nur dich\u201c gesungen mit Sarah Engels hat die zweistellige Millionengrenze im Streaming schon l\u00e4ngst \u00fcberschritten. Diesmal hat Pietro Basile die Musikerin Diana Maria Krieger an seine Seite geholt. Die ausdrucksstarken Stimmen der beiden Interpreten l\u00e4sst den Song zu einem wahren Feuerwerk der Emotionen werden. Der deutsch- und italienischen Text gepaart mit der Stimmgewalt der beiden Interpreten l\u00e4sst gro\u00dfe Gef\u00fchle aufkommen&#8230;.<\/p>\n","protected":false},"author":1,"featured_media":23177,"comment_status":"open","ping_status":"open","sticky":false,"template":"","format":"standard","meta":{"footnotes":""},"categories":[2],"tags":[2394],"class_list":["post-23176","post","type-post","status-publish","format-standard","has-post-thumbnail","hentry","category-schlager","tag-pietro-basile-diana-maria-krieger","wpcat-2-id"],"_links":{"self":[{"href":"https:\/\/bergers-schlagerparadies.de\/index.php?rest_route=\/wp\/v2\/posts\/23176","targetHints":{"allow":["GET"]}}],"collection":[{"href":"https:\/\/bergers-schlagerparadies.de\/index.php?rest_route=\/wp\/v2\/posts"}],"about":[{"href":"https:\/\/bergers-schlagerparadies.de\/index.php?rest_route=\/wp\/v2\/types\/post"}],"author":[{"embeddable":true,"href":"https:\/\/bergers-schlagerparadies.de\/index.php?rest_route=\/wp\/v2\/users\/1"}],"replies":[{"embeddable":true,"href":"https:\/\/bergers-schlagerparadies.de\/index.php?rest_route=%2Fwp%2Fv2%2Fcomments&post=23176"}],"version-history":[{"count":1,"href":"https:\/\/bergers-schlagerparadies.de\/index.php?rest_route=\/wp\/v2\/posts\/23176\/revisions"}],"predecessor-version":[{"id":23178,"href":"https:\/\/bergers-schlagerparadies.de\/index.php?rest_route=\/wp\/v2\/posts\/23176\/revisions\/23178"}],"wp:featuredmedia":[{"embeddable":true,"href":"https:\/\/bergers-schlagerparadies.de\/index.php?rest_route=\/wp\/v2\/media\/23177"}],"wp:attachment":[{"href":"https:\/\/bergers-schlagerparadies.de\/index.php?rest_route=%2Fwp%2Fv2%2Fmedia&parent=23176"}],"wp:term":[{"taxonomy":"category","embeddable":true,"href":"https:\/\/bergers-schlagerparadies.de\/index.php?rest_route=%2Fwp%2Fv2%2Fcategories&post=23176"},{"taxonomy":"post_tag","embeddable":true,"href":"https:\/\/bergers-schlagerparadies.de\/index.php?rest_route=%2Fwp%2Fv2%2Ftags&post=23176"}],"curies":[{"name":"wp","href":"https:\/\/api.w.org\/{rel}","templated":true}]}}