{"id":2317,"date":"2021-01-09T11:35:33","date_gmt":"2021-01-09T10:35:33","guid":{"rendered":"http:\/\/bergers-schlagerparadies.de\/?p=2317"},"modified":"2021-01-09T11:35:33","modified_gmt":"2021-01-09T10:35:33","slug":"nachtaktiv-album-pumpahits-bergers-schlagerparadies","status":"publish","type":"post","link":"https:\/\/bergers-schlagerparadies.de\/?p=2317","title":{"rendered":"Nachtaktiv &#8211; Album \u2013 Pumpahits! | Berger\u00b4s Schlagerparadies"},"content":{"rendered":"<p><img loading=\"lazy\" decoding=\"async\" class=\"size-medium wp-image-2319 alignleft\" src=\"https:\/\/bergers-schlagerparadies.de\/wp-content\/uploads\/2021\/01\/Nachtaktiv-Pumpahits-300x300.jpg\" alt=\"\" width=\"300\" height=\"300\" srcset=\"https:\/\/bergers-schlagerparadies.de\/wp-content\/uploads\/2021\/01\/Nachtaktiv-Pumpahits-300x300.jpg 300w, https:\/\/bergers-schlagerparadies.de\/wp-content\/uploads\/2021\/01\/Nachtaktiv-Pumpahits-1024x1024.jpg 1024w, https:\/\/bergers-schlagerparadies.de\/wp-content\/uploads\/2021\/01\/Nachtaktiv-Pumpahits-150x150.jpg 150w, https:\/\/bergers-schlagerparadies.de\/wp-content\/uploads\/2021\/01\/Nachtaktiv-Pumpahits-768x768.jpg 768w, https:\/\/bergers-schlagerparadies.de\/wp-content\/uploads\/2021\/01\/Nachtaktiv-Pumpahits-1536x1536.jpg 1536w, https:\/\/bergers-schlagerparadies.de\/wp-content\/uploads\/2021\/01\/Nachtaktiv-Pumpahits-2048x2048.jpg 2048w, https:\/\/bergers-schlagerparadies.de\/wp-content\/uploads\/2021\/01\/Nachtaktiv-Pumpahits-1200x1200.jpg 1200w, https:\/\/bergers-schlagerparadies.de\/wp-content\/uploads\/2021\/01\/Nachtaktiv-Pumpahits-1188x1188.jpg 1188w, https:\/\/bergers-schlagerparadies.de\/wp-content\/uploads\/2021\/01\/Nachtaktiv-Pumpahits-100x100.jpg 100w\" sizes=\"auto, (max-width: 300px) 100vw, 300px\" \/>Andi und Martin haben Humor und lieben Musik. Durch diese Gemeinsamkeiten sind die beiden<br \/>\nS\u00e4nger- und Songwriter, obwohl sie r\u00e4umlich 500 Kilometer getrennt leben, zum Powerduo Nachtaktiv geworden.<br \/>\nMit der Debutsingle \u201eDiscopumpa\u201c wurden 2019 sowohl Voting-Charts, Mallorca B\u00fchnen als auch TV und<br \/>\nWettbewerbe gest\u00fcrmt. Sie sind einfach echt und supersympathisch. Doch was bewegt die zwei gestandenen M\u00e4nner?<br \/>\nNat\u00fcrlich nicht nur Spa\u00df, Party und Muskeln. Auch M\u00e4nner haben Gef\u00fchle au\u00dferhalb von Hunger und Durst. Mit<br \/>\nder Nachfolgesingle \u201eUngek\u00fcsst\u201c beweisen die Jungs, dass sie durchaus auch im Schlager Fu\u00df fassen k\u00f6nnen.<br \/>\nUngek\u00fcsst war ein Vorbote, der die Mischung des Nachtaktiv-Albums prophezeit. Hart und Zart sozusagen.<\/p>\n<p>Eigenkompositionen wurde von Andreas und Martin, wie die Jungs von Nachtaktiv im echten Leben hei\u00dfen, und dem Team von Mike\u2019s<br \/>\nMusic Records, von Musikproduzent Mike van Summeren im Studio umgesetzt und anschlie\u00dfend in eine<br \/>\nClubpromotion nach Mallorca geschickt. 2020 hat sich auf diesem Weg der \u201ePumpahit\u201c und der<br \/>\n\u201eSecurityman\u201c unter den DJs verbreitet. Nachtaktiv schreiben ihre Songs selber und haben hier wieder ein<br \/>\nH\u00e4ndchen f\u00fcr zwei GANZVIELGUTELAUNE-Songs bewiesen. Dass dies 2020 so wichtig wird, war dem<br \/>\nTeam bei der Planung der Mallorcapromotion 2020 noch gar nicht klar. Die Insel musste warten, doch<br \/>\ndie Jungs haben sich ins TV geschwungen und dort den \u201ePumpahit\u201c f\u00fcr ihre Fans performt.<br \/>\nEndlich ist die Zeit f\u00fcr das lang ersehnte Nachtaktiv-Album gekommen. Diese Mischung aus einem<br \/>\neinzigartigen Humor und parodistisch versteckter Lebenserfahrung, steckt die Menschen einfach an und<br \/>\nbewegt zum Mitsingen. Die sehr schnell wachsende Fancommunity freut sich bereits auf \u201eMezza Lopez\u201c<br \/>\nund \u201eMacho\u201c. \u2013 und nun d\u00fcrfen sich auch die Medienpartner von Mike\u2019s Music Media (Germany) auf<br \/>\ndas finale Werk freuen.<\/p>\n","protected":false},"excerpt":{"rendered":"<p>Andi und Martin haben Humor und lieben Musik. Durch diese Gemeinsamkeiten sind die beiden S\u00e4nger- und Songwriter, obwohl sie r\u00e4umlich 500 Kilometer getrennt leben, zum Powerduo Nachtaktiv geworden. Mit der Debutsingle \u201eDiscopumpa\u201c wurden 2019 sowohl Voting-Charts, Mallorca B\u00fchnen als auch TV und Wettbewerbe gest\u00fcrmt. Sie sind einfach echt und supersympathisch. Doch was bewegt die zwei gestandenen M\u00e4nner? Nat\u00fcrlich nicht nur Spa\u00df, Party und Muskeln. Auch M\u00e4nner haben Gef\u00fchle au\u00dferhalb von Hunger und Durst. Mit der Nachfolgesingle \u201eUngek\u00fcsst\u201c beweisen die Jungs, dass sie durchaus auch im Schlager Fu\u00df fassen k\u00f6nnen. Ungek\u00fcsst war ein Vorbote, der die Mischung des Nachtaktiv-Albums prophezeit. Hart und Zart sozusagen. Eigenkompositionen wurde&#8230;<\/p>\n","protected":false},"author":1,"featured_media":2319,"comment_status":"open","ping_status":"open","sticky":false,"template":"","format":"standard","meta":{"footnotes":""},"categories":[2],"tags":[326],"class_list":["post-2317","post","type-post","status-publish","format-standard","has-post-thumbnail","hentry","category-schlager","tag-nachtaktiv","wpcat-2-id"],"_links":{"self":[{"href":"https:\/\/bergers-schlagerparadies.de\/index.php?rest_route=\/wp\/v2\/posts\/2317","targetHints":{"allow":["GET"]}}],"collection":[{"href":"https:\/\/bergers-schlagerparadies.de\/index.php?rest_route=\/wp\/v2\/posts"}],"about":[{"href":"https:\/\/bergers-schlagerparadies.de\/index.php?rest_route=\/wp\/v2\/types\/post"}],"author":[{"embeddable":true,"href":"https:\/\/bergers-schlagerparadies.de\/index.php?rest_route=\/wp\/v2\/users\/1"}],"replies":[{"embeddable":true,"href":"https:\/\/bergers-schlagerparadies.de\/index.php?rest_route=%2Fwp%2Fv2%2Fcomments&post=2317"}],"version-history":[{"count":1,"href":"https:\/\/bergers-schlagerparadies.de\/index.php?rest_route=\/wp\/v2\/posts\/2317\/revisions"}],"predecessor-version":[{"id":2320,"href":"https:\/\/bergers-schlagerparadies.de\/index.php?rest_route=\/wp\/v2\/posts\/2317\/revisions\/2320"}],"wp:featuredmedia":[{"embeddable":true,"href":"https:\/\/bergers-schlagerparadies.de\/index.php?rest_route=\/wp\/v2\/media\/2319"}],"wp:attachment":[{"href":"https:\/\/bergers-schlagerparadies.de\/index.php?rest_route=%2Fwp%2Fv2%2Fmedia&parent=2317"}],"wp:term":[{"taxonomy":"category","embeddable":true,"href":"https:\/\/bergers-schlagerparadies.de\/index.php?rest_route=%2Fwp%2Fv2%2Fcategories&post=2317"},{"taxonomy":"post_tag","embeddable":true,"href":"https:\/\/bergers-schlagerparadies.de\/index.php?rest_route=%2Fwp%2Fv2%2Ftags&post=2317"}],"curies":[{"name":"wp","href":"https:\/\/api.w.org\/{rel}","templated":true}]}}