{"id":23154,"date":"2024-02-09T11:17:29","date_gmt":"2024-02-09T10:17:29","guid":{"rendered":"https:\/\/bergers-schlagerparadies.de\/?p=23154"},"modified":"2024-02-09T11:17:29","modified_gmt":"2024-02-09T10:17:29","slug":"die-schlagerboys-feat-thomas-julian-8tes-weltwunder-%c2%b7-bergers-schlagerparadies","status":"publish","type":"post","link":"https:\/\/bergers-schlagerparadies.de\/?p=23154","title":{"rendered":"Die Schlagerboys feat. Thomas Julian &#8211; 8tes Weltwunder \u00b7 Berger\u00b4s Schlagerparadies"},"content":{"rendered":"<p><img loading=\"lazy\" decoding=\"async\" class=\"size-medium wp-image-23155 alignleft\" src=\"https:\/\/bergers-schlagerparadies.de\/wp-content\/uploads\/2024\/02\/Die-Schlagerboys-feat.-Thomas-Julian-8tes-Weltwunder-300x300.jpeg\" alt=\"\" width=\"300\" height=\"300\" srcset=\"https:\/\/bergers-schlagerparadies.de\/wp-content\/uploads\/2024\/02\/Die-Schlagerboys-feat.-Thomas-Julian-8tes-Weltwunder-300x300.jpeg 300w, https:\/\/bergers-schlagerparadies.de\/wp-content\/uploads\/2024\/02\/Die-Schlagerboys-feat.-Thomas-Julian-8tes-Weltwunder-1024x1024.jpeg 1024w, https:\/\/bergers-schlagerparadies.de\/wp-content\/uploads\/2024\/02\/Die-Schlagerboys-feat.-Thomas-Julian-8tes-Weltwunder-150x150.jpeg 150w, https:\/\/bergers-schlagerparadies.de\/wp-content\/uploads\/2024\/02\/Die-Schlagerboys-feat.-Thomas-Julian-8tes-Weltwunder-768x768.jpeg 768w, https:\/\/bergers-schlagerparadies.de\/wp-content\/uploads\/2024\/02\/Die-Schlagerboys-feat.-Thomas-Julian-8tes-Weltwunder-1536x1536.jpeg 1536w, https:\/\/bergers-schlagerparadies.de\/wp-content\/uploads\/2024\/02\/Die-Schlagerboys-feat.-Thomas-Julian-8tes-Weltwunder-2048x2048.jpeg 2048w, https:\/\/bergers-schlagerparadies.de\/wp-content\/uploads\/2024\/02\/Die-Schlagerboys-feat.-Thomas-Julian-8tes-Weltwunder-1200x1200.jpeg 1200w, https:\/\/bergers-schlagerparadies.de\/wp-content\/uploads\/2024\/02\/Die-Schlagerboys-feat.-Thomas-Julian-8tes-Weltwunder-1188x1188.jpeg 1188w, https:\/\/bergers-schlagerparadies.de\/wp-content\/uploads\/2024\/02\/Die-Schlagerboys-feat.-Thomas-Julian-8tes-Weltwunder-100x100.jpeg 100w\" sizes=\"auto, (max-width: 300px) 100vw, 300px\" \/>Die Schlagerboys feat. Thomas Julian pr\u00e4sentieren ihren n\u00e4chsten Hit \u201e8tes Weltwunder\u201c.<br \/>\nAb 9. Februar 2024 als Download &amp; Stream erh\u00e4ltlich!<\/p>\n<p>\u201eDie Schlagerboys\u201c m\u00f6chten mit ihrem neuen und frischen Sound an den bereits bestehenden mega-erfolgreichen Schlager-Duos ankn\u00fcpfen und diese jetzt in eine junge Zielgruppe \u00fcbertragen.<br \/>\n\u201eDie Schlagerboys\u201c sind das neue deutsch\/niederl\u00e4ndische Schlager-Pop-Duo bestehend aus<br \/>\nMitch &amp; Dominic. Die beiden pr\u00e4sentieren poppige Schlagersongs, die direkt ins Ohr gehen und die man so schnell nicht mehr aus dem Kopf bekommt.<br \/>\nUnterst\u00fctzt werden die beiden sympathischen S\u00e4nger diesmal von dem jungen, talentierten Akkordeonmusiker Thomas Julian.<br \/>\nDer Belgier Thomas Julian war schon mit vielen gro\u00dfen belgischen Schlagerstars auf Tour, u.a. mit dem auch in Deutschland bekannten K\u00fcnstler Christoff von Klubbb3.<\/p>\n<p><span style=\"color: #800000;\"><strong>Quelle: El Cartel Music<\/strong><\/span><\/p>\n<p><span style=\"color: #800000;\"><strong>Dieser Song ist ab dem 09.02.2024 auf allen Download- und Streaming-Portalen erh\u00e4ltlich.\u00a0<\/strong><\/span><\/p>\n<p><span style=\"color: #800000;\"><strong>Airdate (f\u00fcr Radiosender): 09.02.2024<\/strong><\/span><\/p>\n","protected":false},"excerpt":{"rendered":"<p>Die Schlagerboys feat. Thomas Julian pr\u00e4sentieren ihren n\u00e4chsten Hit \u201e8tes Weltwunder\u201c. Ab 9. Februar 2024 als Download &amp; Stream erh\u00e4ltlich! \u201eDie Schlagerboys\u201c m\u00f6chten mit ihrem neuen und frischen Sound an den bereits bestehenden mega-erfolgreichen Schlager-Duos ankn\u00fcpfen und diese jetzt in eine junge Zielgruppe \u00fcbertragen. \u201eDie Schlagerboys\u201c sind das neue deutsch\/niederl\u00e4ndische Schlager-Pop-Duo bestehend aus Mitch &amp; Dominic. Die beiden pr\u00e4sentieren poppige Schlagersongs, die direkt ins Ohr gehen und die man so schnell nicht mehr aus dem Kopf bekommt. Unterst\u00fctzt werden die beiden sympathischen S\u00e4nger diesmal von dem jungen, talentierten Akkordeonmusiker Thomas Julian. Der Belgier Thomas Julian war schon mit vielen gro\u00dfen belgischen Schlagerstars auf Tour, u.a&#8230;.<\/p>\n","protected":false},"author":1,"featured_media":23155,"comment_status":"open","ping_status":"open","sticky":false,"template":"","format":"standard","meta":{"footnotes":""},"categories":[2],"tags":[2390],"class_list":["post-23154","post","type-post","status-publish","format-standard","has-post-thumbnail","hentry","category-schlager","tag-die-schlagerboys-feat-thomas-julian","wpcat-2-id"],"_links":{"self":[{"href":"https:\/\/bergers-schlagerparadies.de\/index.php?rest_route=\/wp\/v2\/posts\/23154","targetHints":{"allow":["GET"]}}],"collection":[{"href":"https:\/\/bergers-schlagerparadies.de\/index.php?rest_route=\/wp\/v2\/posts"}],"about":[{"href":"https:\/\/bergers-schlagerparadies.de\/index.php?rest_route=\/wp\/v2\/types\/post"}],"author":[{"embeddable":true,"href":"https:\/\/bergers-schlagerparadies.de\/index.php?rest_route=\/wp\/v2\/users\/1"}],"replies":[{"embeddable":true,"href":"https:\/\/bergers-schlagerparadies.de\/index.php?rest_route=%2Fwp%2Fv2%2Fcomments&post=23154"}],"version-history":[{"count":1,"href":"https:\/\/bergers-schlagerparadies.de\/index.php?rest_route=\/wp\/v2\/posts\/23154\/revisions"}],"predecessor-version":[{"id":23157,"href":"https:\/\/bergers-schlagerparadies.de\/index.php?rest_route=\/wp\/v2\/posts\/23154\/revisions\/23157"}],"wp:featuredmedia":[{"embeddable":true,"href":"https:\/\/bergers-schlagerparadies.de\/index.php?rest_route=\/wp\/v2\/media\/23155"}],"wp:attachment":[{"href":"https:\/\/bergers-schlagerparadies.de\/index.php?rest_route=%2Fwp%2Fv2%2Fmedia&parent=23154"}],"wp:term":[{"taxonomy":"category","embeddable":true,"href":"https:\/\/bergers-schlagerparadies.de\/index.php?rest_route=%2Fwp%2Fv2%2Fcategories&post=23154"},{"taxonomy":"post_tag","embeddable":true,"href":"https:\/\/bergers-schlagerparadies.de\/index.php?rest_route=%2Fwp%2Fv2%2Ftags&post=23154"}],"curies":[{"name":"wp","href":"https:\/\/api.w.org\/{rel}","templated":true}]}}