{"id":23133,"date":"2024-02-12T10:30:56","date_gmt":"2024-02-12T09:30:56","guid":{"rendered":"https:\/\/bergers-schlagerparadies.de\/?p=23133"},"modified":"2024-02-09T09:27:14","modified_gmt":"2024-02-09T08:27:14","slug":"sarah-ann-ich-steh-wieder-auf-%c2%b7-bergers-schlagerparadies","status":"publish","type":"post","link":"https:\/\/bergers-schlagerparadies.de\/?p=23133","title":{"rendered":"Sarah-ANN &#8211; Ich steh wieder auf \u00b7 Berger\u00b4s Schlagerparadies"},"content":{"rendered":"<p><img loading=\"lazy\" decoding=\"async\" class=\"size-medium wp-image-23134 alignleft\" src=\"https:\/\/bergers-schlagerparadies.de\/wp-content\/uploads\/2024\/02\/Sarah-ANN-Ich-steh-wieder-auf-300x300.jpeg\" alt=\"\" width=\"300\" height=\"300\" srcset=\"https:\/\/bergers-schlagerparadies.de\/wp-content\/uploads\/2024\/02\/Sarah-ANN-Ich-steh-wieder-auf-300x300.jpeg 300w, https:\/\/bergers-schlagerparadies.de\/wp-content\/uploads\/2024\/02\/Sarah-ANN-Ich-steh-wieder-auf-1024x1024.jpeg 1024w, https:\/\/bergers-schlagerparadies.de\/wp-content\/uploads\/2024\/02\/Sarah-ANN-Ich-steh-wieder-auf-150x150.jpeg 150w, https:\/\/bergers-schlagerparadies.de\/wp-content\/uploads\/2024\/02\/Sarah-ANN-Ich-steh-wieder-auf-768x768.jpeg 768w, https:\/\/bergers-schlagerparadies.de\/wp-content\/uploads\/2024\/02\/Sarah-ANN-Ich-steh-wieder-auf-1536x1536.jpeg 1536w, https:\/\/bergers-schlagerparadies.de\/wp-content\/uploads\/2024\/02\/Sarah-ANN-Ich-steh-wieder-auf-2048x2048.jpeg 2048w, https:\/\/bergers-schlagerparadies.de\/wp-content\/uploads\/2024\/02\/Sarah-ANN-Ich-steh-wieder-auf-1200x1200.jpeg 1200w, https:\/\/bergers-schlagerparadies.de\/wp-content\/uploads\/2024\/02\/Sarah-ANN-Ich-steh-wieder-auf-1188x1188.jpeg 1188w, https:\/\/bergers-schlagerparadies.de\/wp-content\/uploads\/2024\/02\/Sarah-ANN-Ich-steh-wieder-auf-100x100.jpeg 100w\" sizes=\"auto, (max-width: 300px) 100vw, 300px\" \/>Die \u00f6sterreichische S\u00e4ngerin Sarah-ANN l\u00e4sst das herausfordernde Jahr 2023 hinter sich und startet mit neuem Elan in das Jahr 2024. Diesen Neustart markiert sie mit ihrer neuen Single \u201eIch steh wieder auf\u201c, f\u00fcr die Sabina Reithofer den Text verfasste und Natascha Arnold sowie Sascha Arnold die Musik komponierten.<\/p>\n<p>Der Song reflektiert das facettenreiche Leben von Sarah-ANN, das nicht nur H\u00f6hen, sondern auch Tiefen kennt. Die inspirierenden Textzeilen beschreiben den Wunsch nach Selbstbehauptung und die Bereitschaft, nach R\u00fcckschl\u00e4gen wieder aufzustehen. \u201eIch steh wieder auf\u201c ist eine kraftvolle Hymne, die Herzschl\u00e4ge sp\u00fcrbar macht und die innere St\u00e4rke hervorhebt. Sarah-ANN zeigt sich als K\u00e4mpferin, die Herausforderungen annimmt und f\u00fcr ihre Tr\u00e4ume einsteht, auch wenn sie hin und wieder fallen sollte.<\/p>\n<p>Mit dieser neuen Single pr\u00e4sentiert Sarah-ANN nicht nur eine musikalische R\u00fcckkehr, sondern auch eine pers\u00f6nliche Transformation. Der Song verk\u00f6rpert nicht nur die Resilienz der K\u00fcnstlerin, sondern auch ihre Entschlossenheit, das Leben in all seinen Farben zu genie\u00dfen und jede Herausforderung zu meistern. In \u201eIch steh wieder auf\u201c offenbart Sarah-ANN ihre authentische und inspirierende Pers\u00f6nlichkeit, die ihre Fans mit positiver Energie und Lebensfreude ansteckt.<\/p>\n<p><span style=\"color: #800000;\"><strong>Quelle: Fiesta Records<\/strong><\/span><\/p>\n<p><span style=\"color: #800000;\"><strong>Dieser Song ist ab dem 16.02.2024 auf allen Download- und Streaming-Portalen erh\u00e4ltlich.\u00a0<\/strong><\/span><\/p>\n<p><span style=\"color: #800000;\"><strong>Airdate (f\u00fcr Radiosender): 09.02.2024<\/strong><\/span><\/p>\n","protected":false},"excerpt":{"rendered":"<p>Die \u00f6sterreichische S\u00e4ngerin Sarah-ANN l\u00e4sst das herausfordernde Jahr 2023 hinter sich und startet mit neuem Elan in das Jahr 2024. Diesen Neustart markiert sie mit ihrer neuen Single \u201eIch steh wieder auf\u201c, f\u00fcr die Sabina Reithofer den Text verfasste und Natascha Arnold sowie Sascha Arnold die Musik komponierten. Der Song reflektiert das facettenreiche Leben von Sarah-ANN, das nicht nur H\u00f6hen, sondern auch Tiefen kennt. Die inspirierenden Textzeilen beschreiben den Wunsch nach Selbstbehauptung und die Bereitschaft, nach R\u00fcckschl\u00e4gen wieder aufzustehen. \u201eIch steh wieder auf\u201c ist eine kraftvolle Hymne, die Herzschl\u00e4ge sp\u00fcrbar macht und die innere St\u00e4rke hervorhebt. Sarah-ANN zeigt sich als K\u00e4mpferin, die Herausforderungen annimmt und&#8230;<\/p>\n","protected":false},"author":1,"featured_media":23134,"comment_status":"open","ping_status":"open","sticky":false,"template":"","format":"standard","meta":{"footnotes":""},"categories":[2],"tags":[1468],"class_list":["post-23133","post","type-post","status-publish","format-standard","has-post-thumbnail","hentry","category-schlager","tag-sarah-ann","wpcat-2-id"],"_links":{"self":[{"href":"https:\/\/bergers-schlagerparadies.de\/index.php?rest_route=\/wp\/v2\/posts\/23133","targetHints":{"allow":["GET"]}}],"collection":[{"href":"https:\/\/bergers-schlagerparadies.de\/index.php?rest_route=\/wp\/v2\/posts"}],"about":[{"href":"https:\/\/bergers-schlagerparadies.de\/index.php?rest_route=\/wp\/v2\/types\/post"}],"author":[{"embeddable":true,"href":"https:\/\/bergers-schlagerparadies.de\/index.php?rest_route=\/wp\/v2\/users\/1"}],"replies":[{"embeddable":true,"href":"https:\/\/bergers-schlagerparadies.de\/index.php?rest_route=%2Fwp%2Fv2%2Fcomments&post=23133"}],"version-history":[{"count":1,"href":"https:\/\/bergers-schlagerparadies.de\/index.php?rest_route=\/wp\/v2\/posts\/23133\/revisions"}],"predecessor-version":[{"id":23135,"href":"https:\/\/bergers-schlagerparadies.de\/index.php?rest_route=\/wp\/v2\/posts\/23133\/revisions\/23135"}],"wp:featuredmedia":[{"embeddable":true,"href":"https:\/\/bergers-schlagerparadies.de\/index.php?rest_route=\/wp\/v2\/media\/23134"}],"wp:attachment":[{"href":"https:\/\/bergers-schlagerparadies.de\/index.php?rest_route=%2Fwp%2Fv2%2Fmedia&parent=23133"}],"wp:term":[{"taxonomy":"category","embeddable":true,"href":"https:\/\/bergers-schlagerparadies.de\/index.php?rest_route=%2Fwp%2Fv2%2Fcategories&post=23133"},{"taxonomy":"post_tag","embeddable":true,"href":"https:\/\/bergers-schlagerparadies.de\/index.php?rest_route=%2Fwp%2Fv2%2Ftags&post=23133"}],"curies":[{"name":"wp","href":"https:\/\/api.w.org\/{rel}","templated":true}]}}