{"id":23010,"date":"2024-02-02T12:06:56","date_gmt":"2024-02-02T11:06:56","guid":{"rendered":"https:\/\/bergers-schlagerparadies.de\/?p=23010"},"modified":"2024-02-02T12:06:56","modified_gmt":"2024-02-02T11:06:56","slug":"andre-stade-im-freien-fall-%c2%b7-bergers-schlagerparadies","status":"publish","type":"post","link":"https:\/\/bergers-schlagerparadies.de\/?p=23010","title":{"rendered":"Andr\u00e9 Stade &#8211; Im freien Fall \u00b7 Berger\u00b4s Schlagerparadies"},"content":{"rendered":"<p><img loading=\"lazy\" decoding=\"async\" class=\"size-medium wp-image-23011 alignleft\" src=\"https:\/\/bergers-schlagerparadies.de\/wp-content\/uploads\/2024\/02\/Andre-Stade-Im-freien-Fall-300x300.jpeg\" alt=\"\" width=\"300\" height=\"300\" srcset=\"https:\/\/bergers-schlagerparadies.de\/wp-content\/uploads\/2024\/02\/Andre-Stade-Im-freien-Fall-300x300.jpeg 300w, https:\/\/bergers-schlagerparadies.de\/wp-content\/uploads\/2024\/02\/Andre-Stade-Im-freien-Fall-1024x1024.jpeg 1024w, https:\/\/bergers-schlagerparadies.de\/wp-content\/uploads\/2024\/02\/Andre-Stade-Im-freien-Fall-150x150.jpeg 150w, https:\/\/bergers-schlagerparadies.de\/wp-content\/uploads\/2024\/02\/Andre-Stade-Im-freien-Fall-768x768.jpeg 768w, https:\/\/bergers-schlagerparadies.de\/wp-content\/uploads\/2024\/02\/Andre-Stade-Im-freien-Fall-1200x1200.jpeg 1200w, https:\/\/bergers-schlagerparadies.de\/wp-content\/uploads\/2024\/02\/Andre-Stade-Im-freien-Fall-1188x1188.jpeg 1188w, https:\/\/bergers-schlagerparadies.de\/wp-content\/uploads\/2024\/02\/Andre-Stade-Im-freien-Fall-100x100.jpeg 100w, https:\/\/bergers-schlagerparadies.de\/wp-content\/uploads\/2024\/02\/Andre-Stade-Im-freien-Fall.jpeg 1400w\" sizes=\"auto, (max-width: 300px) 100vw, 300px\" \/>Andr\u00e9 Stade k\u00fcndigt sein neues Best-of-Album zum 30. Jubil\u00e4um an: Die erste Single \u201eIm freien Fall\u201c erscheint am 02. Februar 2024 bei TELAMO ++ Das dazugeh\u00f6rige Album kommt am 31. Mai ++<\/p>\n<p>Seit Jahren auch als Hit-Songwriter und Sound-Vision\u00e4r f\u00fcr etliche Schwergewichte der deutschen Popschlager-Landschaft aktiv, kn\u00fcpft Andr\u00e9 Stade an seine millionenfach gestreamten Solohits der letzten Jahre an und zelebriert drei Jahrzehnte im Business \u2013 mit einem ganz besonderen Best-of-Album, das am 31. Mai 2024 erscheint. Unterteilt in drei Kapitel, vereint das neue Album neben den j\u00fcngsten Hits und zeitgen\u00f6ssischen Neuinterpretationen auch brandneue Songs \u2013 von denen Stade nun den ersten vorwegschickt: Die erste Single \u201eIm freien Fall\u201c landet bereits am 02. Februar auf den Playlisten!<\/p>\n<p>Nachdem es f\u00fcr ihn gerade zuletzt nur noch steil bergauf ging, bewegt sich der 1,95m gro\u00dfe Allrounder aus Dresden mit dem ersten Singlevorboten direkt an die Klippe und wagt den Sprung ins Ungewisse: \u201eMan bereut nur nicht gegangene Wege\u201c, hei\u00dft es an einer Stelle \u00fcber dem Trademark-Mix aus Pop und Popschlager, Rockgitarren und elektrisierenden Dance-Elementen. Schon dieser erste Singlevorbote steht f\u00fcr maximal zeitgen\u00f6ssischen Sound \u2013 und kein Wunder, wenn man bedenkt, wie viele Newcomerinnen und Newcomer Stade zuletzt als Songwriter mit aktuellen Hits versorgt hat. Vor allem ist \u201eIm freien Fall\u201c Inspiration pur, ein vertonter Pep-Talk, Zuspruch \u00fcber vertontem Zeitgeist. W\u00e4hrend das Arrangement nach und nach komplett abhebt, will Stade auch seine Zuh\u00f6rerinnen und Zuh\u00f6rer ins Leben schubsen, damit sie alles aus dem Moment rausholen, \u00fcber sich selbst hinauswachsen k\u00f6nnen \u2013 \u201edenn zu fliegen lernst du erst im freien Fall\u201c.<\/p>\n<p>Neben weiteren brandneuen Titeln \u00fcberf\u00fchrt Andr\u00e9 Stade auf dem dazugeh\u00f6rigen Best-of-Album auch ein paar ausgew\u00e4hlte Meilensteine \u2013 von \u201eFeuer Wind und Eis\u201c bis \u201eNichts bleibt\u201c \u2013 ins musikalische Hier und Jetzt. Dazu d\u00fcrfen nat\u00fcrlich auch die gr\u00f6\u00dften Single-Hits der letzten Jahre auf diesem Jubil\u00e4umsalbum nicht fehlen (u.a. \u201eDie Liebe sind wir\u201c, \u201eWillkommen G\u00e4nsehaut\u201c).<\/p>\n<p>Auf die vielen Instrumente, die Andr\u00e9 Stade schon w\u00e4hrend seiner Kindheit lernen sollte (u.a. Klavier, Trompete, Akkordeon), lie\u00df der 1971 geborene Dresdner dann gleich noch ein paar mehr als Autodidakt folgen \u2013 und rundete die Sache schlie\u00dflich auch noch mit Gesangsunterricht ab. Nachdem dann auch das renommierte Songwriter-Team Jean Frankfurter\/Irma Holder hellh\u00f6rig geworden war, lag 1994 auch schon der erste Plattenvertrag auf dem Tisch. Wenig sp\u00e4ter erstmals bei seinem \u201emusikalischen Ziehvater\u201c Dieter Thomas Heck zu Besuch, als Stade \u201eFeuer Wind und Eis\u201c in der \u201eZDF Hitparade\u201c live pr\u00e4sentierte, bescherte ihm \u201eJeanny wach auf\u201c (1996) bereits den zweiten Platz beim Eurovision-Vorentscheid. Neben den acht Studioalben, die er seither als Solok\u00fcnstler ver\u00f6ffentlichte, gewann der gefragte Songwriter (u.a. Claudia Jung, Roland Kaiser) f\u00fcr die Entdeckung von Franziska Wiese sogar den smago! Award als \u201eEntdecker des Jahres\u201c (2013). Durch seine vielen Arbeiten als Songwriter f\u00fcr andere feste Gr\u00f6\u00dfen (u.a. Ireen Sheer, Uta Bresan, Tanja Lasch) und die wichtigsten Newcomer der letzten Jahre (u.a. Romy Kirsch, Florian St\u00f6lzel) hat er den musikalischen Popschlager-Zeitgeist \u00fcber Jahre mitgepr\u00e4gt \u2013 und kehrt nun zum runden Jubil\u00e4um wieder zur\u00fcck in die vorderste Reihe.<\/p>\n<p>Die neue Single \u201eIm freien Fall\u201c erscheint am 02. Februar 2024.<\/p>\n<p><span style=\"color: #800000;\"><strong>Quelle: Telamo<\/strong><\/span><\/p>\n<p><span style=\"color: #800000;\"><strong>Dieser Song ist ab dem 02.02.2024 auf allen Download- und Streaming-Portalen erh\u00e4ltlich.\u00a0<\/strong><\/span><\/p>\n<p><span style=\"color: #800000;\"><strong>Airdate (f\u00fcr Radiosender): 02.02.2024<\/strong><\/span><\/p>\n","protected":false},"excerpt":{"rendered":"<p>Andr\u00e9 Stade k\u00fcndigt sein neues Best-of-Album zum 30. Jubil\u00e4um an: Die erste Single \u201eIm freien Fall\u201c erscheint am 02. Februar 2024 bei TELAMO ++ Das dazugeh\u00f6rige Album kommt am 31. Mai ++ Seit Jahren auch als Hit-Songwriter und Sound-Vision\u00e4r f\u00fcr etliche Schwergewichte der deutschen Popschlager-Landschaft aktiv, kn\u00fcpft Andr\u00e9 Stade an seine millionenfach gestreamten Solohits der letzten Jahre an und zelebriert drei Jahrzehnte im Business \u2013 mit einem ganz besonderen Best-of-Album, das am 31. Mai 2024 erscheint. Unterteilt in drei Kapitel, vereint das neue Album neben den j\u00fcngsten Hits und zeitgen\u00f6ssischen Neuinterpretationen auch brandneue Songs \u2013 von denen Stade nun den ersten vorwegschickt: Die erste Single&#8230;<\/p>\n","protected":false},"author":1,"featured_media":23011,"comment_status":"open","ping_status":"open","sticky":false,"template":"","format":"standard","meta":{"footnotes":""},"categories":[2],"tags":[2367],"class_list":["post-23010","post","type-post","status-publish","format-standard","has-post-thumbnail","hentry","category-schlager","tag-andre-stade","wpcat-2-id"],"_links":{"self":[{"href":"https:\/\/bergers-schlagerparadies.de\/index.php?rest_route=\/wp\/v2\/posts\/23010","targetHints":{"allow":["GET"]}}],"collection":[{"href":"https:\/\/bergers-schlagerparadies.de\/index.php?rest_route=\/wp\/v2\/posts"}],"about":[{"href":"https:\/\/bergers-schlagerparadies.de\/index.php?rest_route=\/wp\/v2\/types\/post"}],"author":[{"embeddable":true,"href":"https:\/\/bergers-schlagerparadies.de\/index.php?rest_route=\/wp\/v2\/users\/1"}],"replies":[{"embeddable":true,"href":"https:\/\/bergers-schlagerparadies.de\/index.php?rest_route=%2Fwp%2Fv2%2Fcomments&post=23010"}],"version-history":[{"count":1,"href":"https:\/\/bergers-schlagerparadies.de\/index.php?rest_route=\/wp\/v2\/posts\/23010\/revisions"}],"predecessor-version":[{"id":23012,"href":"https:\/\/bergers-schlagerparadies.de\/index.php?rest_route=\/wp\/v2\/posts\/23010\/revisions\/23012"}],"wp:featuredmedia":[{"embeddable":true,"href":"https:\/\/bergers-schlagerparadies.de\/index.php?rest_route=\/wp\/v2\/media\/23011"}],"wp:attachment":[{"href":"https:\/\/bergers-schlagerparadies.de\/index.php?rest_route=%2Fwp%2Fv2%2Fmedia&parent=23010"}],"wp:term":[{"taxonomy":"category","embeddable":true,"href":"https:\/\/bergers-schlagerparadies.de\/index.php?rest_route=%2Fwp%2Fv2%2Fcategories&post=23010"},{"taxonomy":"post_tag","embeddable":true,"href":"https:\/\/bergers-schlagerparadies.de\/index.php?rest_route=%2Fwp%2Fv2%2Ftags&post=23010"}],"curies":[{"name":"wp","href":"https:\/\/api.w.org\/{rel}","templated":true}]}}