{"id":22971,"date":"2024-02-02T10:33:07","date_gmt":"2024-02-02T09:33:07","guid":{"rendered":"https:\/\/bergers-schlagerparadies.de\/?p=22971"},"modified":"2024-02-02T10:33:07","modified_gmt":"2024-02-02T09:33:07","slug":"barbara-zanetti-minichor-bruneck-wir-%c2%b7-bergers-schlagerparadies","status":"publish","type":"post","link":"https:\/\/bergers-schlagerparadies.de\/?p=22971","title":{"rendered":"Barbara Zanetti &#038; Minichor Bruneck &#8211; WIR \u00b7 Berger\u00b4s Schlagerparadies"},"content":{"rendered":"<p><img loading=\"lazy\" decoding=\"async\" class=\"size-medium wp-image-22972 alignleft\" src=\"https:\/\/bergers-schlagerparadies.de\/wp-content\/uploads\/2024\/02\/Barbara-Zanetti-Minichor-Bruneck-WIR-300x300.jpeg\" alt=\"\" width=\"300\" height=\"300\" srcset=\"https:\/\/bergers-schlagerparadies.de\/wp-content\/uploads\/2024\/02\/Barbara-Zanetti-Minichor-Bruneck-WIR-300x300.jpeg 300w, https:\/\/bergers-schlagerparadies.de\/wp-content\/uploads\/2024\/02\/Barbara-Zanetti-Minichor-Bruneck-WIR-1024x1024.jpeg 1024w, https:\/\/bergers-schlagerparadies.de\/wp-content\/uploads\/2024\/02\/Barbara-Zanetti-Minichor-Bruneck-WIR-150x150.jpeg 150w, https:\/\/bergers-schlagerparadies.de\/wp-content\/uploads\/2024\/02\/Barbara-Zanetti-Minichor-Bruneck-WIR-768x768.jpeg 768w, https:\/\/bergers-schlagerparadies.de\/wp-content\/uploads\/2024\/02\/Barbara-Zanetti-Minichor-Bruneck-WIR-1536x1536.jpeg 1536w, https:\/\/bergers-schlagerparadies.de\/wp-content\/uploads\/2024\/02\/Barbara-Zanetti-Minichor-Bruneck-WIR-1200x1200.jpeg 1200w, https:\/\/bergers-schlagerparadies.de\/wp-content\/uploads\/2024\/02\/Barbara-Zanetti-Minichor-Bruneck-WIR-1188x1188.jpeg 1188w, https:\/\/bergers-schlagerparadies.de\/wp-content\/uploads\/2024\/02\/Barbara-Zanetti-Minichor-Bruneck-WIR-100x100.jpeg 100w, https:\/\/bergers-schlagerparadies.de\/wp-content\/uploads\/2024\/02\/Barbara-Zanetti-Minichor-Bruneck-WIR.jpeg 1600w\" sizes=\"auto, (max-width: 300px) 100vw, 300px\" \/>Nach dem gemeinsamen Benefizkonzert Ende 2023 war es klar. Die S\u00fcdtiroler Liedermacherin Barbara Zanetti und der Ministranten Chor aus Bruneck haben ihre Stimmen vereint. Die Zusammenarbeit in Form einer Single-Auskoppelung \u00fcberzeugt in ihrer einmaligen Atmosph\u00e4re und Intensit\u00e4t. Tiefgr\u00fcndig und lebensbejahend ber\u00fchrt diese einf\u00fchlsame Ballade die Herzen.<br \/>\nDie Single WIR erscheint am Valentinstag, Tag im Zeichen guter Freunde und Fest der Liebe.<\/p>\n<p>Zitat aus Songtext: &#8222;Tief und frei verbunden stehen wir im Licht, wo die Kraft der Liebe auf Leben trifft&#8220;.<\/p>\n<p><span style=\"color: #800000;\"><strong>Quelle: rocknet.bz<\/strong><\/span><\/p>\n<p><span style=\"color: #800000;\"><strong>Dieser Song ist ab dem 14.02.2024 auf allen Download- und Streaming-Portalen erh\u00e4ltlich.\u00a0<\/strong><\/span><\/p>\n<p><span style=\"color: #800000;\"><strong>Airdate (f\u00fcr Radiosender): 02.02.2024<\/strong><\/span><\/p>\n","protected":false},"excerpt":{"rendered":"<p>Nach dem gemeinsamen Benefizkonzert Ende 2023 war es klar. Die S\u00fcdtiroler Liedermacherin Barbara Zanetti und der Ministranten Chor aus Bruneck haben ihre Stimmen vereint. Die Zusammenarbeit in Form einer Single-Auskoppelung \u00fcberzeugt in ihrer einmaligen Atmosph\u00e4re und Intensit\u00e4t. Tiefgr\u00fcndig und lebensbejahend ber\u00fchrt diese einf\u00fchlsame Ballade die Herzen. Die Single WIR erscheint am Valentinstag, Tag im Zeichen guter Freunde und Fest der Liebe. Zitat aus Songtext: &#8222;Tief und frei verbunden stehen wir im Licht, wo die Kraft der Liebe auf Leben trifft&#8220;. Quelle: rocknet.bz Dieser Song ist ab dem 14.02.2024 auf allen Download- und Streaming-Portalen erh\u00e4ltlich.\u00a0 Airdate (f\u00fcr Radiosender): 02.02.2024<\/p>\n","protected":false},"author":1,"featured_media":22972,"comment_status":"open","ping_status":"open","sticky":false,"template":"","format":"standard","meta":{"footnotes":""},"categories":[2],"tags":[2365],"class_list":["post-22971","post","type-post","status-publish","format-standard","has-post-thumbnail","hentry","category-schlager","tag-barbara-zanetti-minichor-bruneck","wpcat-2-id"],"_links":{"self":[{"href":"https:\/\/bergers-schlagerparadies.de\/index.php?rest_route=\/wp\/v2\/posts\/22971","targetHints":{"allow":["GET"]}}],"collection":[{"href":"https:\/\/bergers-schlagerparadies.de\/index.php?rest_route=\/wp\/v2\/posts"}],"about":[{"href":"https:\/\/bergers-schlagerparadies.de\/index.php?rest_route=\/wp\/v2\/types\/post"}],"author":[{"embeddable":true,"href":"https:\/\/bergers-schlagerparadies.de\/index.php?rest_route=\/wp\/v2\/users\/1"}],"replies":[{"embeddable":true,"href":"https:\/\/bergers-schlagerparadies.de\/index.php?rest_route=%2Fwp%2Fv2%2Fcomments&post=22971"}],"version-history":[{"count":1,"href":"https:\/\/bergers-schlagerparadies.de\/index.php?rest_route=\/wp\/v2\/posts\/22971\/revisions"}],"predecessor-version":[{"id":22973,"href":"https:\/\/bergers-schlagerparadies.de\/index.php?rest_route=\/wp\/v2\/posts\/22971\/revisions\/22973"}],"wp:featuredmedia":[{"embeddable":true,"href":"https:\/\/bergers-schlagerparadies.de\/index.php?rest_route=\/wp\/v2\/media\/22972"}],"wp:attachment":[{"href":"https:\/\/bergers-schlagerparadies.de\/index.php?rest_route=%2Fwp%2Fv2%2Fmedia&parent=22971"}],"wp:term":[{"taxonomy":"category","embeddable":true,"href":"https:\/\/bergers-schlagerparadies.de\/index.php?rest_route=%2Fwp%2Fv2%2Fcategories&post=22971"},{"taxonomy":"post_tag","embeddable":true,"href":"https:\/\/bergers-schlagerparadies.de\/index.php?rest_route=%2Fwp%2Fv2%2Ftags&post=22971"}],"curies":[{"name":"wp","href":"https:\/\/api.w.org\/{rel}","templated":true}]}}