{"id":22845,"date":"2024-01-23T21:36:42","date_gmt":"2024-01-23T20:36:42","guid":{"rendered":"https:\/\/bergers-schlagerparadies.de\/?p=22845"},"modified":"2024-01-23T21:36:42","modified_gmt":"2024-01-23T20:36:42","slug":"jens-bogner-ich-bin-nicht-mehr-ich-%c2%b7-bergers-schlagerparadies","status":"publish","type":"post","link":"https:\/\/bergers-schlagerparadies.de\/?p=22845","title":{"rendered":"Jens Bogner \u2013  Ich bin nicht mehr Ich \u00b7 Berger\u00b4s Schlagerparadies"},"content":{"rendered":"<p><img loading=\"lazy\" decoding=\"async\" class=\"size-medium wp-image-22846 alignleft\" src=\"https:\/\/bergers-schlagerparadies.de\/wp-content\/uploads\/2024\/01\/Jens-Bogner-\u2013-Ich-bin-nicht-mehr-Ich-300x300.jpg\" alt=\"\" width=\"300\" height=\"300\" srcset=\"https:\/\/bergers-schlagerparadies.de\/wp-content\/uploads\/2024\/01\/Jens-Bogner-\u2013-Ich-bin-nicht-mehr-Ich-300x300.jpg 300w, https:\/\/bergers-schlagerparadies.de\/wp-content\/uploads\/2024\/01\/Jens-Bogner-\u2013-Ich-bin-nicht-mehr-Ich-1024x1024.jpg 1024w, https:\/\/bergers-schlagerparadies.de\/wp-content\/uploads\/2024\/01\/Jens-Bogner-\u2013-Ich-bin-nicht-mehr-Ich-150x150.jpg 150w, https:\/\/bergers-schlagerparadies.de\/wp-content\/uploads\/2024\/01\/Jens-Bogner-\u2013-Ich-bin-nicht-mehr-Ich-768x768.jpg 768w, https:\/\/bergers-schlagerparadies.de\/wp-content\/uploads\/2024\/01\/Jens-Bogner-\u2013-Ich-bin-nicht-mehr-Ich-1536x1536.jpg 1536w, https:\/\/bergers-schlagerparadies.de\/wp-content\/uploads\/2024\/01\/Jens-Bogner-\u2013-Ich-bin-nicht-mehr-Ich-2048x2048.jpg 2048w, https:\/\/bergers-schlagerparadies.de\/wp-content\/uploads\/2024\/01\/Jens-Bogner-\u2013-Ich-bin-nicht-mehr-Ich-1200x1200.jpg 1200w, https:\/\/bergers-schlagerparadies.de\/wp-content\/uploads\/2024\/01\/Jens-Bogner-\u2013-Ich-bin-nicht-mehr-Ich-1188x1188.jpg 1188w, https:\/\/bergers-schlagerparadies.de\/wp-content\/uploads\/2024\/01\/Jens-Bogner-\u2013-Ich-bin-nicht-mehr-Ich-100x100.jpg 100w\" sizes=\"auto, (max-width: 300px) 100vw, 300px\" \/>Nachdem sich Jens Bogner mit seinen letzten Ver\u00f6ffentlichungen best\u00e4ndig in den Airplay-Charts Deutschland Konservativ Pop behauptet und die Radioh\u00f6rer begeistert hatte, ist nun der perfekte Moment f\u00fcr etwas Neues gekommen. Zum Start ins neue Jahr liefert der sympathische S\u00e4nger Jens Bogner einen ganz frischen Song: &#8222;Ich bin nicht mehr ich&#8220;.<\/p>\n<p>Man k\u00f6nnte bei diesem Songtitel eventuell eine traurige Ballade erwarten, aber das Gegenteil ist der Fall. Der Text, den Wolfgang Hofer verfasste, beschreibt eine Transformation, die durch eine intensive emotionale Erfahrung, auch bekannt als \u201eSchockverliebtheit\u201c ausgel\u00f6st wird. Es geht um das Gef\u00fchl, befreit zu sein, sich neu zu entdecken und Altes hinter sich zu lassen. Der Wandel, der durch die Liebe hervorgerufen wird, bringt eine v\u00f6llig neue Perspektive auf das Leben mit sich, was J\u00fcrgen Marcus mit \u201eEine neue Liebe ist wie ein neues Leben\u201c schon genau auf den Punkt gebracht hat.<\/p>\n<p>ICH BIN NICHT MEHR ICH<br \/>\nICH KENN MICH NICHT MEHR<br \/>\nICH FLIEGE SO HOCH WIE NIE VORHER<br \/>\nICH BIN NICHT MEHR ICH<br \/>\nDIE H\u00d6LLE IST LEER<br \/>\nICH SEH NUR NOCH HIMMEL UM MICH HER<br \/>\nDU HAST MEINE GANZE WELT INS LICHT GEDREHT<\/p>\n<p>Musikalisch braucht es keine Experimente, keine Anbiederung. Jens pr\u00e4sentiert, wie immer gut bei Stimme, mit der aktuellen Single einen klassischen, stilvollen Disco-Fox, mit Gitarren, Synthie Sounds und straightem Beat, den Willy Kl\u00fcter als Komponist und Produzent wieder verl\u00e4sslich abgeliefert hat.<\/p>\n<p>Im Video bringt Jens den Text Inhalt l\u00e4ssig und mit Spa\u00df und Lebensfreude pur r\u00fcber-eben ein Vollprofi.<\/p>\n<p>Jens Bogner, wie man ihn kennt, und die Erwartungen voll erf\u00fcllt!<\/p>\n<p><span style=\"color: #800000;\"><strong>Quelle: KLONDIKE Records &amp; Songs \/\u00a0Am Grubenpfad 20 \/\u00a066280 Sulzbach<\/strong><\/span><\/p>\n<p><span style=\"color: #800000;\"><strong>Dieser Song ist ab dem 26.01.2024 auf allen Download- und Streaming-Portalen erh\u00e4ltlich.\u00a0<\/strong><\/span><\/p>\n<p><span style=\"color: #800000;\"><strong>Airdate (f\u00fcr Radiosender): 26.01.2024<\/strong><\/span><\/p>\n","protected":false},"excerpt":{"rendered":"<p>Nachdem sich Jens Bogner mit seinen letzten Ver\u00f6ffentlichungen best\u00e4ndig in den Airplay-Charts Deutschland Konservativ Pop behauptet und die Radioh\u00f6rer begeistert hatte, ist nun der perfekte Moment f\u00fcr etwas Neues gekommen. Zum Start ins neue Jahr liefert der sympathische S\u00e4nger Jens Bogner einen ganz frischen Song: &#8222;Ich bin nicht mehr ich&#8220;. Man k\u00f6nnte bei diesem Songtitel eventuell eine traurige Ballade erwarten, aber das Gegenteil ist der Fall. Der Text, den Wolfgang Hofer verfasste, beschreibt eine Transformation, die durch eine intensive emotionale Erfahrung, auch bekannt als \u201eSchockverliebtheit\u201c ausgel\u00f6st wird. Es geht um das Gef\u00fchl, befreit zu sein, sich neu zu entdecken und Altes hinter sich zu lassen&#8230;.<\/p>\n","protected":false},"author":1,"featured_media":22846,"comment_status":"open","ping_status":"open","sticky":false,"template":"","format":"standard","meta":{"footnotes":""},"categories":[2],"tags":[775],"class_list":["post-22845","post","type-post","status-publish","format-standard","has-post-thumbnail","hentry","category-schlager","tag-jens-bogner","wpcat-2-id"],"_links":{"self":[{"href":"https:\/\/bergers-schlagerparadies.de\/index.php?rest_route=\/wp\/v2\/posts\/22845","targetHints":{"allow":["GET"]}}],"collection":[{"href":"https:\/\/bergers-schlagerparadies.de\/index.php?rest_route=\/wp\/v2\/posts"}],"about":[{"href":"https:\/\/bergers-schlagerparadies.de\/index.php?rest_route=\/wp\/v2\/types\/post"}],"author":[{"embeddable":true,"href":"https:\/\/bergers-schlagerparadies.de\/index.php?rest_route=\/wp\/v2\/users\/1"}],"replies":[{"embeddable":true,"href":"https:\/\/bergers-schlagerparadies.de\/index.php?rest_route=%2Fwp%2Fv2%2Fcomments&post=22845"}],"version-history":[{"count":1,"href":"https:\/\/bergers-schlagerparadies.de\/index.php?rest_route=\/wp\/v2\/posts\/22845\/revisions"}],"predecessor-version":[{"id":22847,"href":"https:\/\/bergers-schlagerparadies.de\/index.php?rest_route=\/wp\/v2\/posts\/22845\/revisions\/22847"}],"wp:featuredmedia":[{"embeddable":true,"href":"https:\/\/bergers-schlagerparadies.de\/index.php?rest_route=\/wp\/v2\/media\/22846"}],"wp:attachment":[{"href":"https:\/\/bergers-schlagerparadies.de\/index.php?rest_route=%2Fwp%2Fv2%2Fmedia&parent=22845"}],"wp:term":[{"taxonomy":"category","embeddable":true,"href":"https:\/\/bergers-schlagerparadies.de\/index.php?rest_route=%2Fwp%2Fv2%2Fcategories&post=22845"},{"taxonomy":"post_tag","embeddable":true,"href":"https:\/\/bergers-schlagerparadies.de\/index.php?rest_route=%2Fwp%2Fv2%2Ftags&post=22845"}],"curies":[{"name":"wp","href":"https:\/\/api.w.org\/{rel}","templated":true}]}}