{"id":22820,"date":"2024-01-22T21:30:45","date_gmt":"2024-01-22T20:30:45","guid":{"rendered":"https:\/\/bergers-schlagerparadies.de\/?p=22820"},"modified":"2024-01-22T21:30:45","modified_gmt":"2024-01-22T20:30:45","slug":"franziska-frag-nicht-warum-akustik-version-%c2%b7-bergers-schlagerparadies","status":"publish","type":"post","link":"https:\/\/bergers-schlagerparadies.de\/?p=22820","title":{"rendered":"Franziska &#8211; Frag nicht warum (Akustik-Version) \u00b7 Berger\u00b4s Schlagerparadies"},"content":{"rendered":"<p><img loading=\"lazy\" decoding=\"async\" class=\"size-medium wp-image-22821 alignleft\" src=\"https:\/\/bergers-schlagerparadies.de\/wp-content\/uploads\/2024\/01\/Franziska-Frag-nicht-warum-Akustik-Version-300x300.jpeg\" alt=\"\" width=\"300\" height=\"300\" srcset=\"https:\/\/bergers-schlagerparadies.de\/wp-content\/uploads\/2024\/01\/Franziska-Frag-nicht-warum-Akustik-Version-300x300.jpeg 300w, https:\/\/bergers-schlagerparadies.de\/wp-content\/uploads\/2024\/01\/Franziska-Frag-nicht-warum-Akustik-Version-1024x1024.jpeg 1024w, https:\/\/bergers-schlagerparadies.de\/wp-content\/uploads\/2024\/01\/Franziska-Frag-nicht-warum-Akustik-Version-150x150.jpeg 150w, https:\/\/bergers-schlagerparadies.de\/wp-content\/uploads\/2024\/01\/Franziska-Frag-nicht-warum-Akustik-Version-768x768.jpeg 768w, https:\/\/bergers-schlagerparadies.de\/wp-content\/uploads\/2024\/01\/Franziska-Frag-nicht-warum-Akustik-Version-1200x1200.jpeg 1200w, https:\/\/bergers-schlagerparadies.de\/wp-content\/uploads\/2024\/01\/Franziska-Frag-nicht-warum-Akustik-Version-1188x1188.jpeg 1188w, https:\/\/bergers-schlagerparadies.de\/wp-content\/uploads\/2024\/01\/Franziska-Frag-nicht-warum-Akustik-Version-100x100.jpeg 100w, https:\/\/bergers-schlagerparadies.de\/wp-content\/uploads\/2024\/01\/Franziska-Frag-nicht-warum-Akustik-Version.jpeg 1440w\" sizes=\"auto, (max-width: 300px) 100vw, 300px\" \/>\u201eFrag nicht warum\u201c, Franziskas beliebte und erfolgreiche Single, erscheint im neuen Gewand: In der Akustik-Version weichen die kr\u00e4ftigen Discofox-Beats zart klingenden Gitarren, die eing\u00e4ngige Piano-Melodie r\u00fcckt in den Vordergrund. Franziskas weiche, einzigartige Stimme kommt, umh\u00fcllt von den weichen T\u00f6nen, strahlend zur Geltung. Franziska gelingt es auch in der Akustik-Version von \u201eFrag nicht warum\u201c die Zeilen authentisch und lebensnah zu vermitteln und die Euphorie der Liebe einzufangen.<\/p>\n<p>&nbsp;<\/p>\n<p><span style=\"color: #800000;\"><strong>Quelle: Osnaton Records<\/strong><\/span><\/p>\n<p><span style=\"color: #800000;\"><strong>Dieser Song ist ab dem 26.01.2024 auf allen Download- und Streaming-Portalen erh\u00e4ltlich.\u00a0<\/strong><\/span><\/p>\n<p><span style=\"color: #800000;\"><strong>Airdate (f\u00fcr Radiosender): 26.01.2024<\/strong><\/span><\/p>\n","protected":false},"excerpt":{"rendered":"<p>\u201eFrag nicht warum\u201c, Franziskas beliebte und erfolgreiche Single, erscheint im neuen Gewand: In der Akustik-Version weichen die kr\u00e4ftigen Discofox-Beats zart klingenden Gitarren, die eing\u00e4ngige Piano-Melodie r\u00fcckt in den Vordergrund. Franziskas weiche, einzigartige Stimme kommt, umh\u00fcllt von den weichen T\u00f6nen, strahlend zur Geltung. Franziska gelingt es auch in der Akustik-Version von \u201eFrag nicht warum\u201c die Zeilen authentisch und lebensnah zu vermitteln und die Euphorie der Liebe einzufangen. &nbsp; Quelle: Osnaton Records Dieser Song ist ab dem 26.01.2024 auf allen Download- und Streaming-Portalen erh\u00e4ltlich.\u00a0 Airdate (f\u00fcr Radiosender): 26.01.2024<\/p>\n","protected":false},"author":1,"featured_media":22821,"comment_status":"open","ping_status":"open","sticky":false,"template":"","format":"standard","meta":{"footnotes":""},"categories":[2],"tags":[944],"class_list":["post-22820","post","type-post","status-publish","format-standard","has-post-thumbnail","hentry","category-schlager","tag-franziska","wpcat-2-id"],"_links":{"self":[{"href":"https:\/\/bergers-schlagerparadies.de\/index.php?rest_route=\/wp\/v2\/posts\/22820","targetHints":{"allow":["GET"]}}],"collection":[{"href":"https:\/\/bergers-schlagerparadies.de\/index.php?rest_route=\/wp\/v2\/posts"}],"about":[{"href":"https:\/\/bergers-schlagerparadies.de\/index.php?rest_route=\/wp\/v2\/types\/post"}],"author":[{"embeddable":true,"href":"https:\/\/bergers-schlagerparadies.de\/index.php?rest_route=\/wp\/v2\/users\/1"}],"replies":[{"embeddable":true,"href":"https:\/\/bergers-schlagerparadies.de\/index.php?rest_route=%2Fwp%2Fv2%2Fcomments&post=22820"}],"version-history":[{"count":1,"href":"https:\/\/bergers-schlagerparadies.de\/index.php?rest_route=\/wp\/v2\/posts\/22820\/revisions"}],"predecessor-version":[{"id":22822,"href":"https:\/\/bergers-schlagerparadies.de\/index.php?rest_route=\/wp\/v2\/posts\/22820\/revisions\/22822"}],"wp:featuredmedia":[{"embeddable":true,"href":"https:\/\/bergers-schlagerparadies.de\/index.php?rest_route=\/wp\/v2\/media\/22821"}],"wp:attachment":[{"href":"https:\/\/bergers-schlagerparadies.de\/index.php?rest_route=%2Fwp%2Fv2%2Fmedia&parent=22820"}],"wp:term":[{"taxonomy":"category","embeddable":true,"href":"https:\/\/bergers-schlagerparadies.de\/index.php?rest_route=%2Fwp%2Fv2%2Fcategories&post=22820"},{"taxonomy":"post_tag","embeddable":true,"href":"https:\/\/bergers-schlagerparadies.de\/index.php?rest_route=%2Fwp%2Fv2%2Ftags&post=22820"}],"curies":[{"name":"wp","href":"https:\/\/api.w.org\/{rel}","templated":true}]}}