{"id":22702,"date":"2024-01-16T21:06:08","date_gmt":"2024-01-16T20:06:08","guid":{"rendered":"https:\/\/bergers-schlagerparadies.de\/?p=22702"},"modified":"2024-01-16T21:06:08","modified_gmt":"2024-01-16T20:06:08","slug":"claudia-adel-salz-auf-der-haut-%c2%b7-bergers-schlagerparadies","status":"publish","type":"post","link":"https:\/\/bergers-schlagerparadies.de\/?p=22702","title":{"rendered":"Claudia Adel &#8211; Salz auf der Haut \u00b7 Berger\u00b4s Schlagerparadies"},"content":{"rendered":"<p><img loading=\"lazy\" decoding=\"async\" class=\"size-medium wp-image-22703 alignleft\" src=\"https:\/\/bergers-schlagerparadies.de\/wp-content\/uploads\/2024\/01\/Claudia-Adel-Salz-auf-der-Haut-300x300.jpg\" alt=\"\" width=\"300\" height=\"300\" srcset=\"https:\/\/bergers-schlagerparadies.de\/wp-content\/uploads\/2024\/01\/Claudia-Adel-Salz-auf-der-Haut-300x300.jpg 300w, https:\/\/bergers-schlagerparadies.de\/wp-content\/uploads\/2024\/01\/Claudia-Adel-Salz-auf-der-Haut-1024x1024.jpg 1024w, https:\/\/bergers-schlagerparadies.de\/wp-content\/uploads\/2024\/01\/Claudia-Adel-Salz-auf-der-Haut-150x150.jpg 150w, https:\/\/bergers-schlagerparadies.de\/wp-content\/uploads\/2024\/01\/Claudia-Adel-Salz-auf-der-Haut-768x768.jpg 768w, https:\/\/bergers-schlagerparadies.de\/wp-content\/uploads\/2024\/01\/Claudia-Adel-Salz-auf-der-Haut-1536x1536.jpg 1536w, https:\/\/bergers-schlagerparadies.de\/wp-content\/uploads\/2024\/01\/Claudia-Adel-Salz-auf-der-Haut-2048x2048.jpg 2048w, https:\/\/bergers-schlagerparadies.de\/wp-content\/uploads\/2024\/01\/Claudia-Adel-Salz-auf-der-Haut-1200x1200.jpg 1200w, https:\/\/bergers-schlagerparadies.de\/wp-content\/uploads\/2024\/01\/Claudia-Adel-Salz-auf-der-Haut-1188x1188.jpg 1188w, https:\/\/bergers-schlagerparadies.de\/wp-content\/uploads\/2024\/01\/Claudia-Adel-Salz-auf-der-Haut-100x100.jpg 100w\" sizes=\"auto, (max-width: 300px) 100vw, 300px\" \/>Mit dem eing\u00e4ngigen Schlager \u201eSalz auf der Haut\u201c will Claudia den Menschen w\u00e4hrend der kalten Jahreszeit nicht nur warme Urlaubsgef\u00fchle geben, sondern zudem einen Song f\u00fcr all jene singen, die auf Reisen Ihre gro\u00dfe Liebe kennenlernen. Vielleicht sogar in diesem Jahr?<\/p>\n<p>Wer wei\u00df\u2026<br \/>\nDie Melodie des Songs schrieb Ulrich G\u00f6rlitz, Text stammt wie so oft bei Claudia von Ihrem Ehemann Andreas Bergersbacher.<\/p>\n<p>Produktion und Arrangement Thomas Bleicher f\u00fcr 3H Fox Records.<\/p>\n<p>Seit 2022 ist Claudia bei 3H Fox Records unter Vertrag und konnte mit den letzten 2 Singles \u201eNach all den Jahren\u201c und \u201eLebensl\u00e4nglich Du\u201c endlich auch Platzierungen in den DDP und DJ Hitparade Charts ergattern. Au\u00dferdem steigerten sich Ihre Download und Streamingzahlen um mehr als 300% \u2013 ein eindeutiges Zeichen das Claudia nun auf dem richtigen Weg ist.<\/p>\n<p><strong>\u00dcber Ihren Support w\u00fcrden wir uns sehr freuen. Claudia steht auch sehr gern f\u00fcr Interviews bereit.\u00a0<\/strong><\/p>\n<p><span style=\"color: #800000;\"><strong>Quelle: 3H\u00a0Fox Records<\/strong><\/span><\/p>\n<p><span style=\"color: #800000;\"><strong>Dieser Song ist ab dem 19.01.2024 auf allen Download- und Streaming-Portalen erh\u00e4ltlich.\u00a0<\/strong><\/span><\/p>\n<p><span style=\"color: #800000;\"><strong>Airdate (f\u00fcr Radiosender): 16.01.2024<\/strong><\/span><\/p>\n","protected":false},"excerpt":{"rendered":"<p>Mit dem eing\u00e4ngigen Schlager \u201eSalz auf der Haut\u201c will Claudia den Menschen w\u00e4hrend der kalten Jahreszeit nicht nur warme Urlaubsgef\u00fchle geben, sondern zudem einen Song f\u00fcr all jene singen, die auf Reisen Ihre gro\u00dfe Liebe kennenlernen. Vielleicht sogar in diesem Jahr? Wer wei\u00df\u2026 Die Melodie des Songs schrieb Ulrich G\u00f6rlitz, Text stammt wie so oft bei Claudia von Ihrem Ehemann Andreas Bergersbacher. Produktion und Arrangement Thomas Bleicher f\u00fcr 3H Fox Records. Seit 2022 ist Claudia bei 3H Fox Records unter Vertrag und konnte mit den letzten 2 Singles \u201eNach all den Jahren\u201c und \u201eLebensl\u00e4nglich Du\u201c endlich auch Platzierungen in den DDP und DJ Hitparade Charts&#8230;<\/p>\n","protected":false},"author":1,"featured_media":22703,"comment_status":"open","ping_status":"open","sticky":false,"template":"","format":"standard","meta":{"footnotes":""},"categories":[2],"tags":[1050],"class_list":["post-22702","post","type-post","status-publish","format-standard","has-post-thumbnail","hentry","category-schlager","tag-claudia-adel","wpcat-2-id"],"_links":{"self":[{"href":"https:\/\/bergers-schlagerparadies.de\/index.php?rest_route=\/wp\/v2\/posts\/22702","targetHints":{"allow":["GET"]}}],"collection":[{"href":"https:\/\/bergers-schlagerparadies.de\/index.php?rest_route=\/wp\/v2\/posts"}],"about":[{"href":"https:\/\/bergers-schlagerparadies.de\/index.php?rest_route=\/wp\/v2\/types\/post"}],"author":[{"embeddable":true,"href":"https:\/\/bergers-schlagerparadies.de\/index.php?rest_route=\/wp\/v2\/users\/1"}],"replies":[{"embeddable":true,"href":"https:\/\/bergers-schlagerparadies.de\/index.php?rest_route=%2Fwp%2Fv2%2Fcomments&post=22702"}],"version-history":[{"count":1,"href":"https:\/\/bergers-schlagerparadies.de\/index.php?rest_route=\/wp\/v2\/posts\/22702\/revisions"}],"predecessor-version":[{"id":22704,"href":"https:\/\/bergers-schlagerparadies.de\/index.php?rest_route=\/wp\/v2\/posts\/22702\/revisions\/22704"}],"wp:featuredmedia":[{"embeddable":true,"href":"https:\/\/bergers-schlagerparadies.de\/index.php?rest_route=\/wp\/v2\/media\/22703"}],"wp:attachment":[{"href":"https:\/\/bergers-schlagerparadies.de\/index.php?rest_route=%2Fwp%2Fv2%2Fmedia&parent=22702"}],"wp:term":[{"taxonomy":"category","embeddable":true,"href":"https:\/\/bergers-schlagerparadies.de\/index.php?rest_route=%2Fwp%2Fv2%2Fcategories&post=22702"},{"taxonomy":"post_tag","embeddable":true,"href":"https:\/\/bergers-schlagerparadies.de\/index.php?rest_route=%2Fwp%2Fv2%2Ftags&post=22702"}],"curies":[{"name":"wp","href":"https:\/\/api.w.org\/{rel}","templated":true}]}}