{"id":22668,"date":"2024-01-15T10:30:27","date_gmt":"2024-01-15T09:30:27","guid":{"rendered":"https:\/\/bergers-schlagerparadies.de\/?p=22668"},"modified":"2024-01-14T17:51:41","modified_gmt":"2024-01-14T16:51:41","slug":"ricardo-marinello-io-vincero-%c2%b7-bergers-schlagerparadies","status":"publish","type":"post","link":"https:\/\/bergers-schlagerparadies.de\/?p=22668","title":{"rendered":"Ricardo Marinello &#8211; Io Vincero \u00b7 Berger\u00b4s Schlagerparadies"},"content":{"rendered":"<p><img loading=\"lazy\" decoding=\"async\" class=\"size-medium wp-image-22669 alignleft\" src=\"https:\/\/bergers-schlagerparadies.de\/wp-content\/uploads\/2024\/01\/Ricardo-Marinello-Io-Vincero-300x300.jpg\" alt=\"\" width=\"300\" height=\"300\" srcset=\"https:\/\/bergers-schlagerparadies.de\/wp-content\/uploads\/2024\/01\/Ricardo-Marinello-Io-Vincero-300x300.jpg 300w, https:\/\/bergers-schlagerparadies.de\/wp-content\/uploads\/2024\/01\/Ricardo-Marinello-Io-Vincero-1024x1024.jpg 1024w, https:\/\/bergers-schlagerparadies.de\/wp-content\/uploads\/2024\/01\/Ricardo-Marinello-Io-Vincero-150x150.jpg 150w, https:\/\/bergers-schlagerparadies.de\/wp-content\/uploads\/2024\/01\/Ricardo-Marinello-Io-Vincero-768x768.jpg 768w, https:\/\/bergers-schlagerparadies.de\/wp-content\/uploads\/2024\/01\/Ricardo-Marinello-Io-Vincero-1536x1536.jpg 1536w, https:\/\/bergers-schlagerparadies.de\/wp-content\/uploads\/2024\/01\/Ricardo-Marinello-Io-Vincero-2048x2048.jpg 2048w, https:\/\/bergers-schlagerparadies.de\/wp-content\/uploads\/2024\/01\/Ricardo-Marinello-Io-Vincero-1200x1200.jpg 1200w, https:\/\/bergers-schlagerparadies.de\/wp-content\/uploads\/2024\/01\/Ricardo-Marinello-Io-Vincero-1188x1188.jpg 1188w, https:\/\/bergers-schlagerparadies.de\/wp-content\/uploads\/2024\/01\/Ricardo-Marinello-Io-Vincero-100x100.jpg 100w\" sizes=\"auto, (max-width: 300px) 100vw, 300px\" \/>Stark, entschlossen und voller Leidenschaft \u2013 der neue Titel von Ricardo Marinello ist ein wahrer Motivationssong. Kraftvolle Kl\u00e4nge verschmelzen mit der gef\u00fchlvollen Stimme des jungen Tenors und schaffen ein mitrei\u00dfendes Gef\u00fchl der Inspiration.<\/p>\n<p>Die Musik war schon im Kindesalter ein Teil des Vollblutmusikers. Mit grade mal 18 Jahren gewann er dann die Herzen eines Millionenpublikums f\u00fcr sich und belegten den ersten Platz des RTL Supertalents im Jahre 2007. Trotzdem entschied er sich f\u00fcr den klassischen Weg und setzte seine Gesangsausbildung fort. Zahlreich Konzerte mit hochrangigen Ensembles und Kollegen wie Sopranistin Anna-Maria Kaufmann folgten und auch auf Tik Tok ist mit fast einer Millionen Followern ein gro\u00dfe Fangemeinschaft um den sympathischen Musiker entstanden.<\/p>\n<p>Nun folgt mit \u201eIo Vincero\u201c das n\u00e4chste ergreifende Werk von Ricardo Marinello. Geschrieben und produziert wurde der Titel von seinem langen Wegbegleiter Tony Luzzi, mit dem er seit dem Kennenlernen nach dem Sieg beim Supertalent einige Songs und auch bereits ein Album ver\u00f6ffentlichte. Die Inspiration zum Song kam Tony Luzzi durch Andrea Bocelli und Sarah Brightmans Hit \u201eTime to say goodbye\u201c, welches zur Abschied Hymne von Boxerlegende Henry Maske wurde. Ger\u00fchrt von dem Titel, schrieb er einen Song, der die Thematik eines Boxkampfs auffangen sollte, sich aber trotzdem universell auf die H\u00fcrden und K\u00e4mpfe des Lebens \u00fcbertragen l\u00e4sst.<\/p>\n<p>F\u00fcr ein umfassendes H\u00f6rerlebnis erscheint der Titel in italienischer sowie deutsche Fassung.<\/p>\n<p>Und man darf gespannt bleiben. Tony Luzzi hat bereits einige weitere Songs f\u00fcr Ricardo Marinello komponiert und getextet und steckt mitten in den Produktionen f\u00fcr das n\u00e4chste Album des K\u00fcnstlers.<\/p>\n<p><span style=\"color: #800000;\"><strong>Quelle: Fiesta Records<\/strong><\/span><\/p>\n<p><span style=\"color: #800000;\"><strong>Dieser Song ist ab dem 19.01.2024\u00a0in allen bekannten Onlineshops erh\u00e4ltlich!<\/strong><\/span><\/p>\n<p><span style=\"color: #800000;\"><strong>Airdate (f\u00fcr Radiosender): 12.01.2024<\/strong><\/span><\/p>\n","protected":false},"excerpt":{"rendered":"<p>Stark, entschlossen und voller Leidenschaft \u2013 der neue Titel von Ricardo Marinello ist ein wahrer Motivationssong. Kraftvolle Kl\u00e4nge verschmelzen mit der gef\u00fchlvollen Stimme des jungen Tenors und schaffen ein mitrei\u00dfendes Gef\u00fchl der Inspiration. Die Musik war schon im Kindesalter ein Teil des Vollblutmusikers. Mit grade mal 18 Jahren gewann er dann die Herzen eines Millionenpublikums f\u00fcr sich und belegten den ersten Platz des RTL Supertalents im Jahre 2007. Trotzdem entschied er sich f\u00fcr den klassischen Weg und setzte seine Gesangsausbildung fort. Zahlreich Konzerte mit hochrangigen Ensembles und Kollegen wie Sopranistin Anna-Maria Kaufmann folgten und auch auf Tik Tok ist mit fast einer Millionen Followern ein&#8230;<\/p>\n","protected":false},"author":1,"featured_media":22669,"comment_status":"open","ping_status":"open","sticky":false,"template":"","format":"standard","meta":{"footnotes":""},"categories":[2],"tags":[2329],"class_list":["post-22668","post","type-post","status-publish","format-standard","has-post-thumbnail","hentry","category-schlager","tag-ricardo-marinello","wpcat-2-id"],"_links":{"self":[{"href":"https:\/\/bergers-schlagerparadies.de\/index.php?rest_route=\/wp\/v2\/posts\/22668","targetHints":{"allow":["GET"]}}],"collection":[{"href":"https:\/\/bergers-schlagerparadies.de\/index.php?rest_route=\/wp\/v2\/posts"}],"about":[{"href":"https:\/\/bergers-schlagerparadies.de\/index.php?rest_route=\/wp\/v2\/types\/post"}],"author":[{"embeddable":true,"href":"https:\/\/bergers-schlagerparadies.de\/index.php?rest_route=\/wp\/v2\/users\/1"}],"replies":[{"embeddable":true,"href":"https:\/\/bergers-schlagerparadies.de\/index.php?rest_route=%2Fwp%2Fv2%2Fcomments&post=22668"}],"version-history":[{"count":1,"href":"https:\/\/bergers-schlagerparadies.de\/index.php?rest_route=\/wp\/v2\/posts\/22668\/revisions"}],"predecessor-version":[{"id":22670,"href":"https:\/\/bergers-schlagerparadies.de\/index.php?rest_route=\/wp\/v2\/posts\/22668\/revisions\/22670"}],"wp:featuredmedia":[{"embeddable":true,"href":"https:\/\/bergers-schlagerparadies.de\/index.php?rest_route=\/wp\/v2\/media\/22669"}],"wp:attachment":[{"href":"https:\/\/bergers-schlagerparadies.de\/index.php?rest_route=%2Fwp%2Fv2%2Fmedia&parent=22668"}],"wp:term":[{"taxonomy":"category","embeddable":true,"href":"https:\/\/bergers-schlagerparadies.de\/index.php?rest_route=%2Fwp%2Fv2%2Fcategories&post=22668"},{"taxonomy":"post_tag","embeddable":true,"href":"https:\/\/bergers-schlagerparadies.de\/index.php?rest_route=%2Fwp%2Fv2%2Ftags&post=22668"}],"curies":[{"name":"wp","href":"https:\/\/api.w.org\/{rel}","templated":true}]}}