{"id":22656,"date":"2024-01-15T10:30:43","date_gmt":"2024-01-15T09:30:43","guid":{"rendered":"https:\/\/bergers-schlagerparadies.de\/?p=22656"},"modified":"2024-01-14T13:43:50","modified_gmt":"2024-01-14T12:43:50","slug":"nicki-bleib-wie-du-bist-%c2%b7-bergers-schlagerparadies","status":"publish","type":"post","link":"https:\/\/bergers-schlagerparadies.de\/?p=22656","title":{"rendered":"Nicki &#8211; Bleib wie du bist \u00b7 Berger\u00b4s Schlagerparadies"},"content":{"rendered":"<p><img loading=\"lazy\" decoding=\"async\" class=\"size-medium wp-image-22657 alignleft\" src=\"https:\/\/bergers-schlagerparadies.de\/wp-content\/uploads\/2024\/01\/Nicki-Bleib-wie-du-bist-300x300.jpeg\" alt=\"\" width=\"300\" height=\"300\" srcset=\"https:\/\/bergers-schlagerparadies.de\/wp-content\/uploads\/2024\/01\/Nicki-Bleib-wie-du-bist-300x300.jpeg 300w, https:\/\/bergers-schlagerparadies.de\/wp-content\/uploads\/2024\/01\/Nicki-Bleib-wie-du-bist-1024x1024.jpeg 1024w, https:\/\/bergers-schlagerparadies.de\/wp-content\/uploads\/2024\/01\/Nicki-Bleib-wie-du-bist-150x150.jpeg 150w, https:\/\/bergers-schlagerparadies.de\/wp-content\/uploads\/2024\/01\/Nicki-Bleib-wie-du-bist-768x768.jpeg 768w, https:\/\/bergers-schlagerparadies.de\/wp-content\/uploads\/2024\/01\/Nicki-Bleib-wie-du-bist-1536x1536.jpeg 1536w, https:\/\/bergers-schlagerparadies.de\/wp-content\/uploads\/2024\/01\/Nicki-Bleib-wie-du-bist-2048x2048.jpeg 2048w, https:\/\/bergers-schlagerparadies.de\/wp-content\/uploads\/2024\/01\/Nicki-Bleib-wie-du-bist-1200x1200.jpeg 1200w, https:\/\/bergers-schlagerparadies.de\/wp-content\/uploads\/2024\/01\/Nicki-Bleib-wie-du-bist-1188x1188.jpeg 1188w, https:\/\/bergers-schlagerparadies.de\/wp-content\/uploads\/2024\/01\/Nicki-Bleib-wie-du-bist-100x100.jpeg 100w\" sizes=\"auto, (max-width: 300px) 100vw, 300px\" \/>In diesem Pressetext will ich nicht mit goldenen Platten und irgendwelchen Preisen prahlen,<br \/>\nsondern ein Thema ansprechen, das Jeden, ganz egal was oder wer man ist, betrifft.<br \/>\nEs gibt mich jetzt \u00fcber 40 Jahre und ich versuche immer mit der Zeit zu gehen. Es hat sich in<br \/>\nden Jahren ziemlich viel ver\u00e4ndert; es gibt viel Positives, aber leider auch Negatives.<br \/>\nDa man sich nicht nur auf B\u00fchnen bewegt, sondern mittlerweile auch auf verschiedenen<br \/>\nPlattformen im Netz, wird man immer \u00f6fter Opfer sogenannter \u201eHater\u201c.<br \/>\nDabei darf man jedoch nicht vergessen, dass Mobbing und Diskriminierung \u00fcberall<br \/>\nstattfinden. Es geht im Kindergarten schon los und zieht sich durch das ganze Leben.<\/p>\n<p>Durch einen Post auf meinen Social-Media-Kan\u00e4len \u00fcber \u201eHater\u201c, ist dieses neue Lied in<br \/>\nZusammenarbeit mit Max Kronseder entstanden.<br \/>\nEin Satz, der unglaublich oft in den Kommentaren vorkam, hie\u00df:<br \/>\n\u201eBLEIB WIE DU BIST\u201c<br \/>\nGebt Hassbotschaften, Diskriminierungen, Sexismus und Mobbing keine Chance!<\/p>\n<p>Ich spreche in meinem neuen Lied f\u00fcr \u201eALLE\u201c da drau\u00dfen:<br \/>\nLasst euch nicht verbiegen und macht das was ihr liebt.<br \/>\nSocial Media ist zwar allgegenw\u00e4rtig, aber das wahre Leben ist ungefiltert.<\/p>\n<p><span style=\"color: #800000;\"><strong>Quelle: doris<\/strong><\/span><\/p>\n<p><span style=\"color: #800000;\"><strong>Dieser Song ist ab dem 19.01.2024\u00a0in allen bekannten Onlineshops erh\u00e4ltlich!<\/strong><\/span><\/p>\n<p><span style=\"color: #800000;\"><strong>Airdate (f\u00fcr Radiosender): 12.01.2024<\/strong><\/span><\/p>\n","protected":false},"excerpt":{"rendered":"<p>In diesem Pressetext will ich nicht mit goldenen Platten und irgendwelchen Preisen prahlen, sondern ein Thema ansprechen, das Jeden, ganz egal was oder wer man ist, betrifft. Es gibt mich jetzt \u00fcber 40 Jahre und ich versuche immer mit der Zeit zu gehen. Es hat sich in den Jahren ziemlich viel ver\u00e4ndert; es gibt viel Positives, aber leider auch Negatives. Da man sich nicht nur auf B\u00fchnen bewegt, sondern mittlerweile auch auf verschiedenen Plattformen im Netz, wird man immer \u00f6fter Opfer sogenannter \u201eHater\u201c. Dabei darf man jedoch nicht vergessen, dass Mobbing und Diskriminierung \u00fcberall stattfinden. Es geht im Kindergarten schon los und zieht sich durch&#8230;<\/p>\n","protected":false},"author":1,"featured_media":22657,"comment_status":"open","ping_status":"open","sticky":false,"template":"","format":"standard","meta":{"footnotes":""},"categories":[2],"tags":[1922],"class_list":["post-22656","post","type-post","status-publish","format-standard","has-post-thumbnail","hentry","category-schlager","tag-nicki","wpcat-2-id"],"_links":{"self":[{"href":"https:\/\/bergers-schlagerparadies.de\/index.php?rest_route=\/wp\/v2\/posts\/22656","targetHints":{"allow":["GET"]}}],"collection":[{"href":"https:\/\/bergers-schlagerparadies.de\/index.php?rest_route=\/wp\/v2\/posts"}],"about":[{"href":"https:\/\/bergers-schlagerparadies.de\/index.php?rest_route=\/wp\/v2\/types\/post"}],"author":[{"embeddable":true,"href":"https:\/\/bergers-schlagerparadies.de\/index.php?rest_route=\/wp\/v2\/users\/1"}],"replies":[{"embeddable":true,"href":"https:\/\/bergers-schlagerparadies.de\/index.php?rest_route=%2Fwp%2Fv2%2Fcomments&post=22656"}],"version-history":[{"count":1,"href":"https:\/\/bergers-schlagerparadies.de\/index.php?rest_route=\/wp\/v2\/posts\/22656\/revisions"}],"predecessor-version":[{"id":22658,"href":"https:\/\/bergers-schlagerparadies.de\/index.php?rest_route=\/wp\/v2\/posts\/22656\/revisions\/22658"}],"wp:featuredmedia":[{"embeddable":true,"href":"https:\/\/bergers-schlagerparadies.de\/index.php?rest_route=\/wp\/v2\/media\/22657"}],"wp:attachment":[{"href":"https:\/\/bergers-schlagerparadies.de\/index.php?rest_route=%2Fwp%2Fv2%2Fmedia&parent=22656"}],"wp:term":[{"taxonomy":"category","embeddable":true,"href":"https:\/\/bergers-schlagerparadies.de\/index.php?rest_route=%2Fwp%2Fv2%2Fcategories&post=22656"},{"taxonomy":"post_tag","embeddable":true,"href":"https:\/\/bergers-schlagerparadies.de\/index.php?rest_route=%2Fwp%2Fv2%2Ftags&post=22656"}],"curies":[{"name":"wp","href":"https:\/\/api.w.org\/{rel}","templated":true}]}}