{"id":22626,"date":"2024-01-12T14:02:18","date_gmt":"2024-01-12T13:02:18","guid":{"rendered":"https:\/\/bergers-schlagerparadies.de\/?p=22626"},"modified":"2024-01-12T14:02:18","modified_gmt":"2024-01-12T13:02:18","slug":"bruno-ferrara-du-und-ich-io-e-te-%c2%b7-bergers-schlagerparadies","status":"publish","type":"post","link":"https:\/\/bergers-schlagerparadies.de\/?p=22626","title":{"rendered":"Bruno Ferrara &#8211; Du und Ich (io e te) \u00b7 Berger\u00b4s Schlagerparadies"},"content":{"rendered":"<p><img loading=\"lazy\" decoding=\"async\" class=\"size-medium wp-image-22627 alignleft\" src=\"https:\/\/bergers-schlagerparadies.de\/wp-content\/uploads\/2024\/01\/Bruno-Ferrara-Du-und-Ich-io-e-te-300x300.jpeg\" alt=\"\" width=\"300\" height=\"300\" srcset=\"https:\/\/bergers-schlagerparadies.de\/wp-content\/uploads\/2024\/01\/Bruno-Ferrara-Du-und-Ich-io-e-te-300x300.jpeg 300w, https:\/\/bergers-schlagerparadies.de\/wp-content\/uploads\/2024\/01\/Bruno-Ferrara-Du-und-Ich-io-e-te-1024x1024.jpeg 1024w, https:\/\/bergers-schlagerparadies.de\/wp-content\/uploads\/2024\/01\/Bruno-Ferrara-Du-und-Ich-io-e-te-150x150.jpeg 150w, https:\/\/bergers-schlagerparadies.de\/wp-content\/uploads\/2024\/01\/Bruno-Ferrara-Du-und-Ich-io-e-te-768x768.jpeg 768w, https:\/\/bergers-schlagerparadies.de\/wp-content\/uploads\/2024\/01\/Bruno-Ferrara-Du-und-Ich-io-e-te-1536x1536.jpeg 1536w, https:\/\/bergers-schlagerparadies.de\/wp-content\/uploads\/2024\/01\/Bruno-Ferrara-Du-und-Ich-io-e-te-2048x2048.jpeg 2048w, https:\/\/bergers-schlagerparadies.de\/wp-content\/uploads\/2024\/01\/Bruno-Ferrara-Du-und-Ich-io-e-te-1200x1200.jpeg 1200w, https:\/\/bergers-schlagerparadies.de\/wp-content\/uploads\/2024\/01\/Bruno-Ferrara-Du-und-Ich-io-e-te-1188x1188.jpeg 1188w, https:\/\/bergers-schlagerparadies.de\/wp-content\/uploads\/2024\/01\/Bruno-Ferrara-Du-und-Ich-io-e-te-100x100.jpeg 100w\" sizes=\"auto, (max-width: 300px) 100vw, 300px\" \/>Bruno Ferrara, waschechter Neapolitaner Jahrgang 1966, geh\u00f6rt mit seiner unverwechselbaren, tiefen Stimme, dem markanten Akzent und seinem zarten Schmelz seit \u00fcber 15 Jahren zur ersten Riege wenn es um deutschen Schlager mit italienischem Touch geht.<br \/>\nRegelm\u00e4\u00dfig schenkt er uns sonnenverw\u00f6hnte Chart-Ohrw\u00fcrmer, mit denen er u.a. schon bei \u201eWillkommen bei Carmen Nebel\u201c, im Kinofilm \u201eMaria,<br \/>\nihm schmeckts nicht\u201c, oder regelm\u00e4\u00dfig im \u201eZDF-Fernsehgarten\u201c zu Gast war.<br \/>\nMit \u201eDu und ich (io e te)\u201c legt er genau so einen sympathischen Italo-Hit Made in Germany vor: Das Intro verhei\u00dft schon gute Laune pur und die Dur-Harmonien strahlen mit der Sonne um die Wette. Tanzbar, mitsingbar, radiotauglich! Was will man mehr!? Obwohl Bruno schon in der allerersten Zeile des Verses von der Angebeteten verlassen wird, scheint sie und ihre Liebe doch so gro\u00dfen Eindruck gemacht zu haben, da\u00df der ganze Refrain sowie der Rest des Songs eine einzige Huldigung an sie ist, und absolut vermuten l\u00e4sst, da\u00df sie zur\u00fcckkommt,<br \/>\nwenn sich Bruno derma\u00dfen ins Zeug f\u00fcr sie legt.<\/p>\n<p>\u201eDu und ich &#8211; wir sind doch Sternenflieger<br \/>\nDu und ich \u2013 in jedem Sturm die Sieger\u201c<\/p>\n<p>Bruno Ferrara hat auch diesmal wieder mit hochkar\u00e4tigen Autoren zusammengearbeitet: mit Willy Kl\u00fcter und Manfred Hochholzer hat er die Musik erdacht, sowie den italienischen Text geliefert, zu dem Wolfgang Hofer die eing\u00e4ngigen Worte in deutsch erg\u00e4nzt hat. Wie immer eine runde Willy-Kl\u00fcter-Produktion.<\/p>\n<p><span style=\"color: #800000;\"><strong>Quelle: KLONDIKE Records<\/strong><\/span><\/p>\n<p><span style=\"color: #800000;\"><strong>Dieser Song ist ab dem 12.01.2024 auf allen Download- und Streaming-Portalen erh\u00e4ltlich.\u00a0<\/strong><\/span><\/p>\n<p><span style=\"color: #800000;\"><strong>Airdate (f\u00fcr Radiosender): 12.01.2024<\/strong><\/span><\/p>\n","protected":false},"excerpt":{"rendered":"<p>Bruno Ferrara, waschechter Neapolitaner Jahrgang 1966, geh\u00f6rt mit seiner unverwechselbaren, tiefen Stimme, dem markanten Akzent und seinem zarten Schmelz seit \u00fcber 15 Jahren zur ersten Riege wenn es um deutschen Schlager mit italienischem Touch geht. Regelm\u00e4\u00dfig schenkt er uns sonnenverw\u00f6hnte Chart-Ohrw\u00fcrmer, mit denen er u.a. schon bei \u201eWillkommen bei Carmen Nebel\u201c, im Kinofilm \u201eMaria, ihm schmeckts nicht\u201c, oder regelm\u00e4\u00dfig im \u201eZDF-Fernsehgarten\u201c zu Gast war. Mit \u201eDu und ich (io e te)\u201c legt er genau so einen sympathischen Italo-Hit Made in Germany vor: Das Intro verhei\u00dft schon gute Laune pur und die Dur-Harmonien strahlen mit der Sonne um die Wette. Tanzbar, mitsingbar, radiotauglich! Was will man&#8230;<\/p>\n","protected":false},"author":1,"featured_media":22627,"comment_status":"open","ping_status":"open","sticky":false,"template":"","format":"standard","meta":{"footnotes":""},"categories":[2],"tags":[2325],"class_list":["post-22626","post","type-post","status-publish","format-standard","has-post-thumbnail","hentry","category-schlager","tag-bruno-ferrara","wpcat-2-id"],"_links":{"self":[{"href":"https:\/\/bergers-schlagerparadies.de\/index.php?rest_route=\/wp\/v2\/posts\/22626","targetHints":{"allow":["GET"]}}],"collection":[{"href":"https:\/\/bergers-schlagerparadies.de\/index.php?rest_route=\/wp\/v2\/posts"}],"about":[{"href":"https:\/\/bergers-schlagerparadies.de\/index.php?rest_route=\/wp\/v2\/types\/post"}],"author":[{"embeddable":true,"href":"https:\/\/bergers-schlagerparadies.de\/index.php?rest_route=\/wp\/v2\/users\/1"}],"replies":[{"embeddable":true,"href":"https:\/\/bergers-schlagerparadies.de\/index.php?rest_route=%2Fwp%2Fv2%2Fcomments&post=22626"}],"version-history":[{"count":1,"href":"https:\/\/bergers-schlagerparadies.de\/index.php?rest_route=\/wp\/v2\/posts\/22626\/revisions"}],"predecessor-version":[{"id":22628,"href":"https:\/\/bergers-schlagerparadies.de\/index.php?rest_route=\/wp\/v2\/posts\/22626\/revisions\/22628"}],"wp:featuredmedia":[{"embeddable":true,"href":"https:\/\/bergers-schlagerparadies.de\/index.php?rest_route=\/wp\/v2\/media\/22627"}],"wp:attachment":[{"href":"https:\/\/bergers-schlagerparadies.de\/index.php?rest_route=%2Fwp%2Fv2%2Fmedia&parent=22626"}],"wp:term":[{"taxonomy":"category","embeddable":true,"href":"https:\/\/bergers-schlagerparadies.de\/index.php?rest_route=%2Fwp%2Fv2%2Fcategories&post=22626"},{"taxonomy":"post_tag","embeddable":true,"href":"https:\/\/bergers-schlagerparadies.de\/index.php?rest_route=%2Fwp%2Fv2%2Ftags&post=22626"}],"curies":[{"name":"wp","href":"https:\/\/api.w.org\/{rel}","templated":true}]}}