{"id":22571,"date":"2024-01-10T22:34:09","date_gmt":"2024-01-10T21:34:09","guid":{"rendered":"https:\/\/bergers-schlagerparadies.de\/?p=22571"},"modified":"2024-01-10T22:34:09","modified_gmt":"2024-01-10T21:34:09","slug":"natalie-leandro-valentina-%c2%b7-bergers-schlagerparadies","status":"publish","type":"post","link":"https:\/\/bergers-schlagerparadies.de\/?p=22571","title":{"rendered":"Natalie &#038; Leandro &#8211; Valentina \u00b7 Berger\u00b4s Schlagerparadies"},"content":{"rendered":"<p><img loading=\"lazy\" decoding=\"async\" class=\"size-medium wp-image-22572 alignleft\" src=\"https:\/\/bergers-schlagerparadies.de\/wp-content\/uploads\/2024\/01\/Natalie-Leandro-Valentina-300x300.jpg\" alt=\"\" width=\"300\" height=\"300\" srcset=\"https:\/\/bergers-schlagerparadies.de\/wp-content\/uploads\/2024\/01\/Natalie-Leandro-Valentina-300x300.jpg 300w, https:\/\/bergers-schlagerparadies.de\/wp-content\/uploads\/2024\/01\/Natalie-Leandro-Valentina-1024x1024.jpg 1024w, https:\/\/bergers-schlagerparadies.de\/wp-content\/uploads\/2024\/01\/Natalie-Leandro-Valentina-150x150.jpg 150w, https:\/\/bergers-schlagerparadies.de\/wp-content\/uploads\/2024\/01\/Natalie-Leandro-Valentina-768x768.jpg 768w, https:\/\/bergers-schlagerparadies.de\/wp-content\/uploads\/2024\/01\/Natalie-Leandro-Valentina-1536x1536.jpg 1536w, https:\/\/bergers-schlagerparadies.de\/wp-content\/uploads\/2024\/01\/Natalie-Leandro-Valentina-2048x2048.jpg 2048w, https:\/\/bergers-schlagerparadies.de\/wp-content\/uploads\/2024\/01\/Natalie-Leandro-Valentina-1200x1200.jpg 1200w, https:\/\/bergers-schlagerparadies.de\/wp-content\/uploads\/2024\/01\/Natalie-Leandro-Valentina-1188x1188.jpg 1188w, https:\/\/bergers-schlagerparadies.de\/wp-content\/uploads\/2024\/01\/Natalie-Leandro-Valentina-100x100.jpg 100w\" sizes=\"auto, (max-width: 300px) 100vw, 300px\" \/>Mit ihrer Deb\u00fct-Single \u201eValentina\u201c pr\u00e4sentiert sich das neu gegr\u00fcndete Duo Natalie y Leandro und verbinden damit geschickt Elemente aus verschiedenen musikalischen Genres.<br \/>\nDie beiden setzen dabei geschickt Elemente aus verschiedenen musikalischen Genres in Szene, von Schlager und Pop \u00fcber Deutsch-Rock bis zur E-Musik. Dies verleiht dem Duo einen innovativ-alternativen Charakter, w\u00e4hrend sie mit ihrem Song durchaus die Ambition haben, einen Sommer-Hit zu landen.<\/p>\n<p>In &#8222;Valentina&#8220;, komponiert von Gottfried Eichler, wird das Thema einer On-\/Off-Beziehung zweier Menschen behandelt, die weder miteinander noch ohne einander leben k\u00f6nnen. Die Phasen der N\u00e4he erzeugen jedoch Kr\u00e4fte, die sie wieder auseinandertreiben. Nach der Trennung sehnen sich Valentina und ihr Lover verzweifelt nacheinander. So folgt auf das schmerzhafte &#8222;Adios, Valentina!&#8220; prompt das hoffnungsvolle Mantra &#8222;Eines Tages kommst du wieder! \u2013 Dann kommst du zur\u00fcck zu mir!&#8220;<\/p>\n<p>Das Drama entfaltet sich vor der malerischen Kulisse des Strandes von Madeira, was dem Song eine sommerliche Urlaubsatmosph\u00e4re verleiht. Das emotionale Auf und Ab der Beziehung trifft hier auf die Leichtigkeit des Sommergef\u00fchls \u2013 Beziehungsstress trifft auf Urlaubsflirt.<\/p>\n<p>Musikalisch zeigt sich die Vielfalt dieses emotionalen Wechselbads durch die Fusion unterschiedlicher Stilrichtungen. Einpr\u00e4gsame Melodien mit eindeutigem Ohrwurm-Potenzial, kombiniert mit spanischen Ausdr\u00fccken wie &#8222;Te amo, bella mujer!&#8220; und &#8222;Volver\u00e1!&#8220;, entf\u00fchren die H\u00f6rer in eine lebendige Strand-Atmosph\u00e4re. Gleichzeitig finden die ernsten Facetten der On-\/Off-Beziehung ihren Ausdruck in harmonischen Elementen aus der klassischen Musik.<\/p>\n<p><span style=\"color: #800000;\"><strong>Quelle: Fiesta Records<\/strong><\/span><\/p>\n<p><span style=\"color: #800000;\"><strong>Dieser Song ist ab dem 19.01.2024\u00a0in allen bekannten Onlineshops erh\u00e4ltlich!<\/strong><\/span><\/p>\n<p><span style=\"color: #800000;\"><strong>Airdate (f\u00fcr Radiosender): 12.01.2024<\/strong><\/span><\/p>\n","protected":false},"excerpt":{"rendered":"<p>Mit ihrer Deb\u00fct-Single \u201eValentina\u201c pr\u00e4sentiert sich das neu gegr\u00fcndete Duo Natalie y Leandro und verbinden damit geschickt Elemente aus verschiedenen musikalischen Genres. Die beiden setzen dabei geschickt Elemente aus verschiedenen musikalischen Genres in Szene, von Schlager und Pop \u00fcber Deutsch-Rock bis zur E-Musik. Dies verleiht dem Duo einen innovativ-alternativen Charakter, w\u00e4hrend sie mit ihrem Song durchaus die Ambition haben, einen Sommer-Hit zu landen. In &#8222;Valentina&#8220;, komponiert von Gottfried Eichler, wird das Thema einer On-\/Off-Beziehung zweier Menschen behandelt, die weder miteinander noch ohne einander leben k\u00f6nnen. Die Phasen der N\u00e4he erzeugen jedoch Kr\u00e4fte, die sie wieder auseinandertreiben. Nach der Trennung sehnen sich Valentina und ihr Lover&#8230;<\/p>\n","protected":false},"author":1,"featured_media":22572,"comment_status":"open","ping_status":"open","sticky":false,"template":"","format":"standard","meta":{"footnotes":""},"categories":[2],"tags":[2316],"class_list":["post-22571","post","type-post","status-publish","format-standard","has-post-thumbnail","hentry","category-schlager","tag-natalie-leandro","wpcat-2-id"],"_links":{"self":[{"href":"https:\/\/bergers-schlagerparadies.de\/index.php?rest_route=\/wp\/v2\/posts\/22571","targetHints":{"allow":["GET"]}}],"collection":[{"href":"https:\/\/bergers-schlagerparadies.de\/index.php?rest_route=\/wp\/v2\/posts"}],"about":[{"href":"https:\/\/bergers-schlagerparadies.de\/index.php?rest_route=\/wp\/v2\/types\/post"}],"author":[{"embeddable":true,"href":"https:\/\/bergers-schlagerparadies.de\/index.php?rest_route=\/wp\/v2\/users\/1"}],"replies":[{"embeddable":true,"href":"https:\/\/bergers-schlagerparadies.de\/index.php?rest_route=%2Fwp%2Fv2%2Fcomments&post=22571"}],"version-history":[{"count":1,"href":"https:\/\/bergers-schlagerparadies.de\/index.php?rest_route=\/wp\/v2\/posts\/22571\/revisions"}],"predecessor-version":[{"id":22573,"href":"https:\/\/bergers-schlagerparadies.de\/index.php?rest_route=\/wp\/v2\/posts\/22571\/revisions\/22573"}],"wp:featuredmedia":[{"embeddable":true,"href":"https:\/\/bergers-schlagerparadies.de\/index.php?rest_route=\/wp\/v2\/media\/22572"}],"wp:attachment":[{"href":"https:\/\/bergers-schlagerparadies.de\/index.php?rest_route=%2Fwp%2Fv2%2Fmedia&parent=22571"}],"wp:term":[{"taxonomy":"category","embeddable":true,"href":"https:\/\/bergers-schlagerparadies.de\/index.php?rest_route=%2Fwp%2Fv2%2Fcategories&post=22571"},{"taxonomy":"post_tag","embeddable":true,"href":"https:\/\/bergers-schlagerparadies.de\/index.php?rest_route=%2Fwp%2Fv2%2Ftags&post=22571"}],"curies":[{"name":"wp","href":"https:\/\/api.w.org\/{rel}","templated":true}]}}