{"id":22507,"date":"2024-01-08T12:24:28","date_gmt":"2024-01-08T11:24:28","guid":{"rendered":"https:\/\/bergers-schlagerparadies.de\/?p=22507"},"modified":"2024-01-08T12:24:28","modified_gmt":"2024-01-08T11:24:28","slug":"tj-thomas-du-bist-in-meinem-kopf-%c2%b7-bergers-schlagerparadies","status":"publish","type":"post","link":"https:\/\/bergers-schlagerparadies.de\/?p=22507","title":{"rendered":"TJ-Thomas &#8211; Du bist in meinem Kopf \u00b7 Berger\u00b4s Schlagerparadies"},"content":{"rendered":"<p><img loading=\"lazy\" decoding=\"async\" class=\"size-medium wp-image-22508 alignleft\" src=\"https:\/\/bergers-schlagerparadies.de\/wp-content\/uploads\/2024\/01\/TJ-Thomas-Du-bist-in-meinem-Kopf-300x300.jpg\" alt=\"\" width=\"300\" height=\"300\" srcset=\"https:\/\/bergers-schlagerparadies.de\/wp-content\/uploads\/2024\/01\/TJ-Thomas-Du-bist-in-meinem-Kopf-300x300.jpg 300w, https:\/\/bergers-schlagerparadies.de\/wp-content\/uploads\/2024\/01\/TJ-Thomas-Du-bist-in-meinem-Kopf-1024x1024.jpg 1024w, https:\/\/bergers-schlagerparadies.de\/wp-content\/uploads\/2024\/01\/TJ-Thomas-Du-bist-in-meinem-Kopf-150x150.jpg 150w, https:\/\/bergers-schlagerparadies.de\/wp-content\/uploads\/2024\/01\/TJ-Thomas-Du-bist-in-meinem-Kopf-768x768.jpg 768w, https:\/\/bergers-schlagerparadies.de\/wp-content\/uploads\/2024\/01\/TJ-Thomas-Du-bist-in-meinem-Kopf-1536x1536.jpg 1536w, https:\/\/bergers-schlagerparadies.de\/wp-content\/uploads\/2024\/01\/TJ-Thomas-Du-bist-in-meinem-Kopf-2048x2048.jpg 2048w, https:\/\/bergers-schlagerparadies.de\/wp-content\/uploads\/2024\/01\/TJ-Thomas-Du-bist-in-meinem-Kopf-1200x1200.jpg 1200w, https:\/\/bergers-schlagerparadies.de\/wp-content\/uploads\/2024\/01\/TJ-Thomas-Du-bist-in-meinem-Kopf-1188x1188.jpg 1188w, https:\/\/bergers-schlagerparadies.de\/wp-content\/uploads\/2024\/01\/TJ-Thomas-Du-bist-in-meinem-Kopf-100x100.jpg 100w\" sizes=\"auto, (max-width: 300px) 100vw, 300px\" \/>TJ-Thomas pr\u00e4sentiert mit \u201eDu bist in meinem Kopf\u201c nicht nur einen eing\u00e4ngigen Song, sondern auch eine emotionale Reise durch die Tiefen der ersten gro\u00dfen Liebe. Der Track f\u00e4ngt die unterschwellige Pr\u00e4senz dieses besonderen Gef\u00fchls ein, das nie ganz aus dem Hinterkopf verschwindet. Es thematisiert die Menschen, die ein Leben lang an ihrer ersten Liebe festhalten, die auch nach vielen Jahren immer noch in ihren Gedanken verweilt.<\/p>\n<p>In diesem Lied erleben wir die Wiederbegegnung nach 30 Jahren, eine Begegnung, die die Flammen der Vergangenheit neu entfacht. Doch selbst wenn der Kreis sich zu schlie\u00dfen scheint, verhindern \u00e4u\u00dfere Umst\u00e4nde, dass diese Liebe wieder aufbl\u00fcht. \u201eDu bist in meinem Kopf\u201c erz\u00e4hlt nicht nur von der Unvergesslichkeit der ersten Liebe, sondern auch von den komplexen Wendungen des Lebens, die manchmal eine erneute Vereinigung verhindern.<\/p>\n<p><span style=\"color: #800000;\"><strong>Quelle: Fiesta Records<\/strong><\/span><\/p>\n<p><span style=\"color: #800000;\"><strong>Dieser Song ist ab dem 12.01.2024\u00a0in allen bekannten Onlineshops erh\u00e4ltlich!<\/strong><\/span><\/p>\n<p><span style=\"color: #800000;\"><strong>Airdate (f\u00fcr Radiosender): 05.01.2024<\/strong><\/span><\/p>\n","protected":false},"excerpt":{"rendered":"<p>TJ-Thomas pr\u00e4sentiert mit \u201eDu bist in meinem Kopf\u201c nicht nur einen eing\u00e4ngigen Song, sondern auch eine emotionale Reise durch die Tiefen der ersten gro\u00dfen Liebe. Der Track f\u00e4ngt die unterschwellige Pr\u00e4senz dieses besonderen Gef\u00fchls ein, das nie ganz aus dem Hinterkopf verschwindet. Es thematisiert die Menschen, die ein Leben lang an ihrer ersten Liebe festhalten, die auch nach vielen Jahren immer noch in ihren Gedanken verweilt. In diesem Lied erleben wir die Wiederbegegnung nach 30 Jahren, eine Begegnung, die die Flammen der Vergangenheit neu entfacht. Doch selbst wenn der Kreis sich zu schlie\u00dfen scheint, verhindern \u00e4u\u00dfere Umst\u00e4nde, dass diese Liebe wieder aufbl\u00fcht. \u201eDu bist in&#8230;<\/p>\n","protected":false},"author":1,"featured_media":22508,"comment_status":"open","ping_status":"open","sticky":false,"template":"","format":"standard","meta":{"footnotes":""},"categories":[2],"tags":[2194],"class_list":["post-22507","post","type-post","status-publish","format-standard","has-post-thumbnail","hentry","category-schlager","tag-tj-thomas","wpcat-2-id"],"_links":{"self":[{"href":"https:\/\/bergers-schlagerparadies.de\/index.php?rest_route=\/wp\/v2\/posts\/22507","targetHints":{"allow":["GET"]}}],"collection":[{"href":"https:\/\/bergers-schlagerparadies.de\/index.php?rest_route=\/wp\/v2\/posts"}],"about":[{"href":"https:\/\/bergers-schlagerparadies.de\/index.php?rest_route=\/wp\/v2\/types\/post"}],"author":[{"embeddable":true,"href":"https:\/\/bergers-schlagerparadies.de\/index.php?rest_route=\/wp\/v2\/users\/1"}],"replies":[{"embeddable":true,"href":"https:\/\/bergers-schlagerparadies.de\/index.php?rest_route=%2Fwp%2Fv2%2Fcomments&post=22507"}],"version-history":[{"count":1,"href":"https:\/\/bergers-schlagerparadies.de\/index.php?rest_route=\/wp\/v2\/posts\/22507\/revisions"}],"predecessor-version":[{"id":22509,"href":"https:\/\/bergers-schlagerparadies.de\/index.php?rest_route=\/wp\/v2\/posts\/22507\/revisions\/22509"}],"wp:featuredmedia":[{"embeddable":true,"href":"https:\/\/bergers-schlagerparadies.de\/index.php?rest_route=\/wp\/v2\/media\/22508"}],"wp:attachment":[{"href":"https:\/\/bergers-schlagerparadies.de\/index.php?rest_route=%2Fwp%2Fv2%2Fmedia&parent=22507"}],"wp:term":[{"taxonomy":"category","embeddable":true,"href":"https:\/\/bergers-schlagerparadies.de\/index.php?rest_route=%2Fwp%2Fv2%2Fcategories&post=22507"},{"taxonomy":"post_tag","embeddable":true,"href":"https:\/\/bergers-schlagerparadies.de\/index.php?rest_route=%2Fwp%2Fv2%2Ftags&post=22507"}],"curies":[{"name":"wp","href":"https:\/\/api.w.org\/{rel}","templated":true}]}}