{"id":22480,"date":"2024-01-05T14:11:18","date_gmt":"2024-01-05T13:11:18","guid":{"rendered":"https:\/\/bergers-schlagerparadies.de\/?p=22480"},"modified":"2024-01-05T14:11:18","modified_gmt":"2024-01-05T13:11:18","slug":"florian-stoelzel-da-sag-ich-nicht-nein-ultrafox-dj-mix-%c2%b7-bergers-schlagerparadies","status":"publish","type":"post","link":"https:\/\/bergers-schlagerparadies.de\/?p=22480","title":{"rendered":"Florian St\u00f6lzel &#8211; Da sag ich nicht nein ( UltraFox DJ Mix) \u00b7 Berger\u00b4s Schlagerparadies"},"content":{"rendered":"<p><img loading=\"lazy\" decoding=\"async\" class=\"size-medium wp-image-22481 alignleft\" src=\"https:\/\/bergers-schlagerparadies.de\/wp-content\/uploads\/2024\/01\/Florian-Stoelzel-Da-sag-ich-nicht-nein-UltraFox-DJ-Mix-300x300.jpeg\" alt=\"\" width=\"300\" height=\"300\" srcset=\"https:\/\/bergers-schlagerparadies.de\/wp-content\/uploads\/2024\/01\/Florian-Stoelzel-Da-sag-ich-nicht-nein-UltraFox-DJ-Mix-300x300.jpeg 300w, https:\/\/bergers-schlagerparadies.de\/wp-content\/uploads\/2024\/01\/Florian-Stoelzel-Da-sag-ich-nicht-nein-UltraFox-DJ-Mix-1024x1024.jpeg 1024w, https:\/\/bergers-schlagerparadies.de\/wp-content\/uploads\/2024\/01\/Florian-Stoelzel-Da-sag-ich-nicht-nein-UltraFox-DJ-Mix-150x150.jpeg 150w, https:\/\/bergers-schlagerparadies.de\/wp-content\/uploads\/2024\/01\/Florian-Stoelzel-Da-sag-ich-nicht-nein-UltraFox-DJ-Mix-768x768.jpeg 768w, https:\/\/bergers-schlagerparadies.de\/wp-content\/uploads\/2024\/01\/Florian-Stoelzel-Da-sag-ich-nicht-nein-UltraFox-DJ-Mix-1200x1200.jpeg 1200w, https:\/\/bergers-schlagerparadies.de\/wp-content\/uploads\/2024\/01\/Florian-Stoelzel-Da-sag-ich-nicht-nein-UltraFox-DJ-Mix-1188x1188.jpeg 1188w, https:\/\/bergers-schlagerparadies.de\/wp-content\/uploads\/2024\/01\/Florian-Stoelzel-Da-sag-ich-nicht-nein-UltraFox-DJ-Mix-100x100.jpeg 100w, https:\/\/bergers-schlagerparadies.de\/wp-content\/uploads\/2024\/01\/Florian-Stoelzel-Da-sag-ich-nicht-nein-UltraFox-DJ-Mix.jpeg 1500w\" sizes=\"auto, (max-width: 300px) 100vw, 300px\" \/>Andreas Bourani, Kim Fisher, Stefanie Hertel oder auch Toni Kraus sind schon seit Jahren Fans und Supporter von Florian St\u00f6lzel \u2013 jetzt z\u00fcndet der junge Allround-Musiker aus dem Erzgebirge die n\u00e4chste Stufe: Mit der brandneuen Single \u201eDa sag ich nicht nein\u201c feiert der 29-j\u00e4hrige S\u00e4nger und Multiinstrumentalist seinen Einstand bei TELAMO. Seine Deb\u00fctsingle ist ab dem 29. September verf\u00fcgbar!<\/p>\n<p>Nachdem er zuletzt seine rasant wachsende Fan-Community in den Socials mit immer neuen Coversongs begeistert hatte, l\u00e4sst sich Florian St\u00f6lzel zum Herbstauftakt auf massive Fr\u00fchlingsgef\u00fchle ein \u2013 obwohl er immer wieder gewarnt wurde: \u201eDa sag ich nicht nein\u201c handelt von einem riskanten Flirt, an dem jedoch kein Weg vorbeif\u00fchrt, weil die Anziehungskraft einfach zu stark ist\u2026<\/p>\n<p>Angek\u00fcndigt von euphorischen Chorges\u00e4ngen, beschreibt der 29-J\u00e4hrige schon in der ersten Strophe eine dezent verzwickte Ausgangslage: Irgendwie wussten beide Seiten immer, dass da mehr geht \u2013 aber andererseits waren beide auch fest davon \u00fcberzeugt, dass es vermutlich kein gutes Ende nehmen wird, weil aus diesem Flirt unm\u00f6glich mehr werden kann. Oder vielleicht doch? Wie dem auch sei: \u201eIch lass mich drauf ein\u201c, singt St\u00f6lzel, der ihren Reizen unm\u00f6glich widerstehen kann \u2013 \u201eder Mann muss blind sein, der sich da nicht verliebt\u201c.<\/p>\n<p>W\u00e4hrend die Chorges\u00e4nge das \u00fcberw\u00e4ltigende Hochgef\u00fchl von Anfang an zum Ausdruck bringen, klingt das Arrangement insgesamt ganz leicht, auch wenn zwischendurch immer wieder massive Drops und zeitgen\u00f6ssische Sounds aufblitzen: Dieses Mal also l\u00e4sst er sich doch ein auf dieses \u201eRaubtier, als Prinzessin getarnt\u201c, er st\u00fcrzt sich kopf\u00fcber ins Abenteuer mit der Verf\u00fchrerin, die ihm \u201eeinfach keine Ruh\u201c l\u00e4sst. W\u00e4hrend sein Herz immer schneller schl\u00e4gt, sorgt der Off-Beat-Schwung f\u00fcr den n\u00f6tigen Sog in Richtung Dancefloor \u2013 weshalb sich dieser vertonte Flirt, den St\u00f6lzel zusammen mit Andr\u00e9 Stade und Alexander Scholz komponiert und aufgenommen hat, schon nach wenigen Takten auf die Tanzfl\u00e4che verlagert.<\/p>\n<p>Inspiriert von seinem Vater, der sich mit seiner Band eher dem Rocksound verschrieben hat, und Singer\/Songwriter-Gr\u00f6\u00dfen wie John Mayer, zog es Florian St\u00f6lzel aus Gr\u00fcnhain im Erzgebirge schon sehr fr\u00fch auf die B\u00fchne: Nach den ersten Gehversuchen in Papas Band, konnte er schon 2014 erstmals beim MDR an der Seite von Andreas Bourani in der Show von Kim Fisher auftreten. Nicht nur ein virtuoser Gitarrist, sondern auch als Zitherspieler bekannt, ver\u00f6ffentlichte er schon vor der Corona-Zeit erste Singles (\u201eMit dir bin ich eins\u201c, 2019) und schaute auch in der \u201eGro\u00dfen der Show der Weihnachtslieder\u201c (mit Stefanie Hertel) vorbei \u2013 nachdem er auf Hertels Album \u201eMein Vogtland\u201c schon zuvor als Gast gegl\u00e4nzt hatte. Ansonsten nutzte er die Pandemiemonate vor allem dazu, um sich sein erstes eigenes Studio einzurichten \u2013 und sich voll aufs eigene Songwriting zu konzentrieren. W\u00e4hrend sein eigener YouTube-Kanal auch ohne viel R\u00fcckendeckung knapp eine halbe Million Views verzeichnet, schaltet der 29-J\u00e4hrige diesen Herbst einen Gang h\u00f6her und nimmt Kurs aufs erste gro\u00dfe musikalische Statement f\u00fcr TELAMO. Zwischenzeitlich hatte er auch als Moderator f\u00fcr den MDR gl\u00e4nzen k\u00f6nnen (\u201eStille Nacht im Arzgebirg\u201c).<\/p>\n<p>Nachdem ihn der erfolgreiche Musiker, Komponist und Produzent Andr\u00e9 Stade schon vor einigen Jahren unter seine Fittiche genommen hat, flog Florian St\u00f6lzel erst im Fr\u00fchsommer 2023 nach Spanien \u2013 um dort nicht nur mit seinem Entdecker, sondern auch mit vielen weiteren Autoren\/Songwriting-Gr\u00f6\u00dfen wie u.a. Simon Allert, Matze Roska, Tobias Witte und Tom Marquardt zu arbeiten. Nun schl\u00e4gt der 29-J\u00e4hrige das n\u00e4chste Kapitel auf \u2013 mit der brandneuen Single \u201eDa sag ich nicht nein\u201c!<\/p>\n<p><span style=\"color: #800000;\"><strong>Quelle: Telamo<\/strong><\/span><\/p>\n<p><span style=\"color: #800000;\"><strong>Dieser Song ist ab dem 05.01.2024 in allen bekannten Onlineshops erh\u00e4ltlich!<\/strong><\/span><\/p>\n<p><span style=\"color: #800000;\"><strong>Airdate (f\u00fcr Radiosender): 05.01.2024<\/strong><\/span><\/p>\n","protected":false},"excerpt":{"rendered":"<p>Andreas Bourani, Kim Fisher, Stefanie Hertel oder auch Toni Kraus sind schon seit Jahren Fans und Supporter von Florian St\u00f6lzel \u2013 jetzt z\u00fcndet der junge Allround-Musiker aus dem Erzgebirge die n\u00e4chste Stufe: Mit der brandneuen Single \u201eDa sag ich nicht nein\u201c feiert der 29-j\u00e4hrige S\u00e4nger und Multiinstrumentalist seinen Einstand bei TELAMO. Seine Deb\u00fctsingle ist ab dem 29. September verf\u00fcgbar! Nachdem er zuletzt seine rasant wachsende Fan-Community in den Socials mit immer neuen Coversongs begeistert hatte, l\u00e4sst sich Florian St\u00f6lzel zum Herbstauftakt auf massive Fr\u00fchlingsgef\u00fchle ein \u2013 obwohl er immer wieder gewarnt wurde: \u201eDa sag ich nicht nein\u201c handelt von einem riskanten Flirt, an dem jedoch&#8230;<\/p>\n","protected":false},"author":1,"featured_media":22481,"comment_status":"open","ping_status":"open","sticky":false,"template":"","format":"standard","meta":{"footnotes":""},"categories":[2],"tags":[2301],"class_list":["post-22480","post","type-post","status-publish","format-standard","has-post-thumbnail","hentry","category-schlager","tag-florian-stoelzel","wpcat-2-id"],"_links":{"self":[{"href":"https:\/\/bergers-schlagerparadies.de\/index.php?rest_route=\/wp\/v2\/posts\/22480","targetHints":{"allow":["GET"]}}],"collection":[{"href":"https:\/\/bergers-schlagerparadies.de\/index.php?rest_route=\/wp\/v2\/posts"}],"about":[{"href":"https:\/\/bergers-schlagerparadies.de\/index.php?rest_route=\/wp\/v2\/types\/post"}],"author":[{"embeddable":true,"href":"https:\/\/bergers-schlagerparadies.de\/index.php?rest_route=\/wp\/v2\/users\/1"}],"replies":[{"embeddable":true,"href":"https:\/\/bergers-schlagerparadies.de\/index.php?rest_route=%2Fwp%2Fv2%2Fcomments&post=22480"}],"version-history":[{"count":1,"href":"https:\/\/bergers-schlagerparadies.de\/index.php?rest_route=\/wp\/v2\/posts\/22480\/revisions"}],"predecessor-version":[{"id":22482,"href":"https:\/\/bergers-schlagerparadies.de\/index.php?rest_route=\/wp\/v2\/posts\/22480\/revisions\/22482"}],"wp:featuredmedia":[{"embeddable":true,"href":"https:\/\/bergers-schlagerparadies.de\/index.php?rest_route=\/wp\/v2\/media\/22481"}],"wp:attachment":[{"href":"https:\/\/bergers-schlagerparadies.de\/index.php?rest_route=%2Fwp%2Fv2%2Fmedia&parent=22480"}],"wp:term":[{"taxonomy":"category","embeddable":true,"href":"https:\/\/bergers-schlagerparadies.de\/index.php?rest_route=%2Fwp%2Fv2%2Fcategories&post=22480"},{"taxonomy":"post_tag","embeddable":true,"href":"https:\/\/bergers-schlagerparadies.de\/index.php?rest_route=%2Fwp%2Fv2%2Ftags&post=22480"}],"curies":[{"name":"wp","href":"https:\/\/api.w.org\/{rel}","templated":true}]}}