{"id":22452,"date":"2024-01-05T12:17:00","date_gmt":"2024-01-05T11:17:00","guid":{"rendered":"https:\/\/bergers-schlagerparadies.de\/?p=22452"},"modified":"2024-01-05T12:17:00","modified_gmt":"2024-01-05T11:17:00","slug":"rene-ulbrich-mein-weg-%c2%b7-bergers-schlagerparadies","status":"publish","type":"post","link":"https:\/\/bergers-schlagerparadies.de\/?p=22452","title":{"rendered":"Ren\u00e9 Ulbrich &#8211; Mein Weg \u00b7 Berger\u00b4s Schlagerparadies"},"content":{"rendered":"<p><img loading=\"lazy\" decoding=\"async\" class=\"size-medium wp-image-22453 alignleft\" src=\"https:\/\/bergers-schlagerparadies.de\/wp-content\/uploads\/2024\/01\/Rene-Ulbrich-Mein-Weg-300x300.jpeg\" alt=\"\" width=\"300\" height=\"300\" srcset=\"https:\/\/bergers-schlagerparadies.de\/wp-content\/uploads\/2024\/01\/Rene-Ulbrich-Mein-Weg-300x300.jpeg 300w, https:\/\/bergers-schlagerparadies.de\/wp-content\/uploads\/2024\/01\/Rene-Ulbrich-Mein-Weg-1024x1024.jpeg 1024w, https:\/\/bergers-schlagerparadies.de\/wp-content\/uploads\/2024\/01\/Rene-Ulbrich-Mein-Weg-150x150.jpeg 150w, https:\/\/bergers-schlagerparadies.de\/wp-content\/uploads\/2024\/01\/Rene-Ulbrich-Mein-Weg-768x768.jpeg 768w, https:\/\/bergers-schlagerparadies.de\/wp-content\/uploads\/2024\/01\/Rene-Ulbrich-Mein-Weg-1536x1536.jpeg 1536w, https:\/\/bergers-schlagerparadies.de\/wp-content\/uploads\/2024\/01\/Rene-Ulbrich-Mein-Weg-2048x2048.jpeg 2048w, https:\/\/bergers-schlagerparadies.de\/wp-content\/uploads\/2024\/01\/Rene-Ulbrich-Mein-Weg-1200x1200.jpeg 1200w, https:\/\/bergers-schlagerparadies.de\/wp-content\/uploads\/2024\/01\/Rene-Ulbrich-Mein-Weg-1188x1188.jpeg 1188w, https:\/\/bergers-schlagerparadies.de\/wp-content\/uploads\/2024\/01\/Rene-Ulbrich-Mein-Weg-100x100.jpeg 100w\" sizes=\"auto, (max-width: 300px) 100vw, 300px\" \/>\u201eHier stehe ich. Ich kann nicht anders.\u201c hei\u00dft es in einem Zitat von Martin Luther. Worte, die Vollblutmusiker Ren\u00e9 Ulbrich nicht nur verinnerlicht, sondern lebt. Unabh\u00e4ngig und frei unterwirft er sich nicht den Zw\u00e4ngen der Markt-Mechanismen, vielleicht blieb ihm deshalb der gro\u00dfe Durchbruch bisher verwehrt. Doch der Leipziger S\u00e4nger &amp; Songwriter geht seit Jahren unverkennbar und unerm\u00fcdlich seinen Weg, behauptet sich mit eigenen Konzerten auf den Live-B\u00fchnen dieses Landes und setzt dabei auf eigene Kompositionen mit ehrlichen, unabgegriffenen Texten.<\/p>\n<p>\u201eIch m\u00f6chte nur das auf die B\u00fchne bringen, wozu mein Bauchgef\u00fchl ja sagt. Damit geh ich entweder auf oder unter.\u201c Die neue Single \u201eMein Weg\u201c ist deshalb nicht nur eine weitere Vorab-Single zum neuen Album \u201eMein Klavier\u201c, welches am 09.02.2024 \u00fcber Universal und Fiesta Records erscheint, sondern auch ein klares Statement: \u201eHier stehe ich. Ich kann nicht anders.\u201c<\/p>\n<p><span style=\"color: #800000;\"><strong>Quelle: Fiesta Records<\/strong><\/span><\/p>\n<p><span style=\"color: #800000;\"><strong>Dieser Song ist ab dem 12.01.2024\u00a0in allen bekannten Onlineshops erh\u00e4ltlich!<\/strong><\/span><\/p>\n<p><span style=\"color: #800000;\"><strong>Airdate (f\u00fcr Radiosender): 05.01.2024<\/strong><\/span><\/p>\n","protected":false},"excerpt":{"rendered":"<p>\u201eHier stehe ich. Ich kann nicht anders.\u201c hei\u00dft es in einem Zitat von Martin Luther. Worte, die Vollblutmusiker Ren\u00e9 Ulbrich nicht nur verinnerlicht, sondern lebt. Unabh\u00e4ngig und frei unterwirft er sich nicht den Zw\u00e4ngen der Markt-Mechanismen, vielleicht blieb ihm deshalb der gro\u00dfe Durchbruch bisher verwehrt. Doch der Leipziger S\u00e4nger &amp; Songwriter geht seit Jahren unverkennbar und unerm\u00fcdlich seinen Weg, behauptet sich mit eigenen Konzerten auf den Live-B\u00fchnen dieses Landes und setzt dabei auf eigene Kompositionen mit ehrlichen, unabgegriffenen Texten. \u201eIch m\u00f6chte nur das auf die B\u00fchne bringen, wozu mein Bauchgef\u00fchl ja sagt. Damit geh ich entweder auf oder unter.\u201c Die neue Single \u201eMein Weg\u201c ist&#8230;<\/p>\n","protected":false},"author":1,"featured_media":22453,"comment_status":"open","ping_status":"open","sticky":false,"template":"","format":"standard","meta":{"footnotes":""},"categories":[2],"tags":[125],"class_list":["post-22452","post","type-post","status-publish","format-standard","has-post-thumbnail","hentry","category-schlager","tag-rene-ulbrich","wpcat-2-id"],"_links":{"self":[{"href":"https:\/\/bergers-schlagerparadies.de\/index.php?rest_route=\/wp\/v2\/posts\/22452","targetHints":{"allow":["GET"]}}],"collection":[{"href":"https:\/\/bergers-schlagerparadies.de\/index.php?rest_route=\/wp\/v2\/posts"}],"about":[{"href":"https:\/\/bergers-schlagerparadies.de\/index.php?rest_route=\/wp\/v2\/types\/post"}],"author":[{"embeddable":true,"href":"https:\/\/bergers-schlagerparadies.de\/index.php?rest_route=\/wp\/v2\/users\/1"}],"replies":[{"embeddable":true,"href":"https:\/\/bergers-schlagerparadies.de\/index.php?rest_route=%2Fwp%2Fv2%2Fcomments&post=22452"}],"version-history":[{"count":1,"href":"https:\/\/bergers-schlagerparadies.de\/index.php?rest_route=\/wp\/v2\/posts\/22452\/revisions"}],"predecessor-version":[{"id":22454,"href":"https:\/\/bergers-schlagerparadies.de\/index.php?rest_route=\/wp\/v2\/posts\/22452\/revisions\/22454"}],"wp:featuredmedia":[{"embeddable":true,"href":"https:\/\/bergers-schlagerparadies.de\/index.php?rest_route=\/wp\/v2\/media\/22453"}],"wp:attachment":[{"href":"https:\/\/bergers-schlagerparadies.de\/index.php?rest_route=%2Fwp%2Fv2%2Fmedia&parent=22452"}],"wp:term":[{"taxonomy":"category","embeddable":true,"href":"https:\/\/bergers-schlagerparadies.de\/index.php?rest_route=%2Fwp%2Fv2%2Fcategories&post=22452"},{"taxonomy":"post_tag","embeddable":true,"href":"https:\/\/bergers-schlagerparadies.de\/index.php?rest_route=%2Fwp%2Fv2%2Ftags&post=22452"}],"curies":[{"name":"wp","href":"https:\/\/api.w.org\/{rel}","templated":true}]}}