{"id":22446,"date":"2024-01-05T11:54:59","date_gmt":"2024-01-05T10:54:59","guid":{"rendered":"https:\/\/bergers-schlagerparadies.de\/?p=22446"},"modified":"2024-01-05T11:54:59","modified_gmt":"2024-01-05T10:54:59","slug":"jana-sammer-das-geht-unter-die-haut-%c2%b7-bergers-schlagerparadies","status":"publish","type":"post","link":"https:\/\/bergers-schlagerparadies.de\/?p=22446","title":{"rendered":"Jana Sammer &#8211; Das geht unter die Haut \u00b7 Berger\u00b4s Schlagerparadies"},"content":{"rendered":"<p><img loading=\"lazy\" decoding=\"async\" class=\"size-medium wp-image-22447 alignleft\" src=\"https:\/\/bergers-schlagerparadies.de\/wp-content\/uploads\/2024\/01\/Jana-Sammer-Das-geht-unter-die-Haut-300x300.jpeg\" alt=\"\" width=\"300\" height=\"300\" srcset=\"https:\/\/bergers-schlagerparadies.de\/wp-content\/uploads\/2024\/01\/Jana-Sammer-Das-geht-unter-die-Haut-300x300.jpeg 300w, https:\/\/bergers-schlagerparadies.de\/wp-content\/uploads\/2024\/01\/Jana-Sammer-Das-geht-unter-die-Haut-1024x1024.jpeg 1024w, https:\/\/bergers-schlagerparadies.de\/wp-content\/uploads\/2024\/01\/Jana-Sammer-Das-geht-unter-die-Haut-150x150.jpeg 150w, https:\/\/bergers-schlagerparadies.de\/wp-content\/uploads\/2024\/01\/Jana-Sammer-Das-geht-unter-die-Haut-768x768.jpeg 768w, https:\/\/bergers-schlagerparadies.de\/wp-content\/uploads\/2024\/01\/Jana-Sammer-Das-geht-unter-die-Haut-1536x1536.jpeg 1536w, https:\/\/bergers-schlagerparadies.de\/wp-content\/uploads\/2024\/01\/Jana-Sammer-Das-geht-unter-die-Haut-2048x2048.jpeg 2048w, https:\/\/bergers-schlagerparadies.de\/wp-content\/uploads\/2024\/01\/Jana-Sammer-Das-geht-unter-die-Haut-1200x1200.jpeg 1200w, https:\/\/bergers-schlagerparadies.de\/wp-content\/uploads\/2024\/01\/Jana-Sammer-Das-geht-unter-die-Haut-1188x1188.jpeg 1188w, https:\/\/bergers-schlagerparadies.de\/wp-content\/uploads\/2024\/01\/Jana-Sammer-Das-geht-unter-die-Haut-100x100.jpeg 100w\" sizes=\"auto, (max-width: 300px) 100vw, 300px\" \/>Aller guten Dinge sind drei, so wohl das Motto von Jana Sammer, die mit ihrer neuen Single wieder einmal mehr ihre Schlagerfans wortw\u00f6rtlich bis unter die Haut ber\u00fchren m\u00f6chte.<\/p>\n<p>Mit ihrer ausgebildeten, gef\u00fchlvollen Stimme gelingt ihr dies sicherlich auch diesmal. Schon mit dem in Rom aufgenommenen Popschlager \u201eWenn es regnet\u201c oder dem Song \u201eIch brauch Sonne\u201c verzauberte sie neben vielen anderen Produktionen die Schlagerwelt mit eing\u00e4ngigen Melodien und ihrer unverwechselbaren Stimme und ist seither als der Sonnenschein des Schlagers bekannt.<\/p>\n<p>So f\u00fchrte sie nun zum dritten Mal der Weg in die wundervolle Weltstadt, um mit ihrem Produzententeam auch ihren neuen Titel und das Video in dieser fantastischen Kulisse zu produzieren. \u201eDas geht unter die Haut\u201c erz\u00e4hlt eine Lebensgeschichte, die \u00fcberall auf der Welt vermutlich nicht nur einmal passiert und damit wie in allen bisher erschienenen Hits von Jana Sammer vom wahren Leben und der Liebe erz\u00e4hlt. Janas Passion ist die Liebe zur Musik, und mit ihr Geschichten zu beschreiben, mit denen sich die Schlagerfans identifizieren k\u00f6nnen. Mit dieser neuen Single, die am 12.1.24 ver\u00f6ffentlicht wird, wurden von ihrem Produzententeam noch einmal alle musikalischen Register gezogen, die diesen Song zu einem Ohrwurm machen und mit der einmalig ebenso kraftvollen wie gef\u00fchlvollen Stimme von Jana Sammer das Potential zu einem neuen Schlagerhit hat. Das geht buchst\u00e4blich \u201eunter die Haut\u201c.<\/p>\n<p><strong>Quelle: Fiesta Records<\/strong><\/p>\n<p><strong>Dieser Song ist ab dem 12.01.2024\u00a0in allen bekannten Onlineshops erh\u00e4ltlich!<\/strong><\/p>\n<p><strong>Airdate (f\u00fcr Radiosender): 05.01.2024<\/strong><\/p>\n","protected":false},"excerpt":{"rendered":"<p>Aller guten Dinge sind drei, so wohl das Motto von Jana Sammer, die mit ihrer neuen Single wieder einmal mehr ihre Schlagerfans wortw\u00f6rtlich bis unter die Haut ber\u00fchren m\u00f6chte. Mit ihrer ausgebildeten, gef\u00fchlvollen Stimme gelingt ihr dies sicherlich auch diesmal. Schon mit dem in Rom aufgenommenen Popschlager \u201eWenn es regnet\u201c oder dem Song \u201eIch brauch Sonne\u201c verzauberte sie neben vielen anderen Produktionen die Schlagerwelt mit eing\u00e4ngigen Melodien und ihrer unverwechselbaren Stimme und ist seither als der Sonnenschein des Schlagers bekannt. So f\u00fchrte sie nun zum dritten Mal der Weg in die wundervolle Weltstadt, um mit ihrem Produzententeam auch ihren neuen Titel und das Video in&#8230;<\/p>\n","protected":false},"author":1,"featured_media":22447,"comment_status":"open","ping_status":"open","sticky":false,"template":"","format":"standard","meta":{"footnotes":""},"categories":[2],"tags":[906],"class_list":["post-22446","post","type-post","status-publish","format-standard","has-post-thumbnail","hentry","category-schlager","tag-jana-sammer","wpcat-2-id"],"_links":{"self":[{"href":"https:\/\/bergers-schlagerparadies.de\/index.php?rest_route=\/wp\/v2\/posts\/22446","targetHints":{"allow":["GET"]}}],"collection":[{"href":"https:\/\/bergers-schlagerparadies.de\/index.php?rest_route=\/wp\/v2\/posts"}],"about":[{"href":"https:\/\/bergers-schlagerparadies.de\/index.php?rest_route=\/wp\/v2\/types\/post"}],"author":[{"embeddable":true,"href":"https:\/\/bergers-schlagerparadies.de\/index.php?rest_route=\/wp\/v2\/users\/1"}],"replies":[{"embeddable":true,"href":"https:\/\/bergers-schlagerparadies.de\/index.php?rest_route=%2Fwp%2Fv2%2Fcomments&post=22446"}],"version-history":[{"count":1,"href":"https:\/\/bergers-schlagerparadies.de\/index.php?rest_route=\/wp\/v2\/posts\/22446\/revisions"}],"predecessor-version":[{"id":22448,"href":"https:\/\/bergers-schlagerparadies.de\/index.php?rest_route=\/wp\/v2\/posts\/22446\/revisions\/22448"}],"wp:featuredmedia":[{"embeddable":true,"href":"https:\/\/bergers-schlagerparadies.de\/index.php?rest_route=\/wp\/v2\/media\/22447"}],"wp:attachment":[{"href":"https:\/\/bergers-schlagerparadies.de\/index.php?rest_route=%2Fwp%2Fv2%2Fmedia&parent=22446"}],"wp:term":[{"taxonomy":"category","embeddable":true,"href":"https:\/\/bergers-schlagerparadies.de\/index.php?rest_route=%2Fwp%2Fv2%2Fcategories&post=22446"},{"taxonomy":"post_tag","embeddable":true,"href":"https:\/\/bergers-schlagerparadies.de\/index.php?rest_route=%2Fwp%2Fv2%2Ftags&post=22446"}],"curies":[{"name":"wp","href":"https:\/\/api.w.org\/{rel}","templated":true}]}}