{"id":22340,"date":"2023-01-01T10:30:46","date_gmt":"2023-01-01T09:30:46","guid":{"rendered":"https:\/\/bergers-schlagerparadies.de\/?p=22340"},"modified":"2023-12-28T21:05:59","modified_gmt":"2023-12-28T20:05:59","slug":"alpenland-sepp-das-original-anne-anne-annemarie-hal-le-lu-ja-%c2%b7-bergers-schlagerparadies","status":"publish","type":"post","link":"https:\/\/bergers-schlagerparadies.de\/?p=22340","title":{"rendered":"Alpenland Sepp das Original &#8211; ANNE-ANNE-ANNEMARIE (HAL-LE-LU-JA) \u00b7 Berger\u00b4s Schlagerparadies"},"content":{"rendered":"<p><img loading=\"lazy\" decoding=\"async\" class=\"size-medium wp-image-22341 alignleft\" src=\"https:\/\/bergers-schlagerparadies.de\/wp-content\/uploads\/2023\/12\/Alpenland-Sepp-das-Original-ANNE-ANNE-ANNEMARIE-HAL-LE-LU-JA-300x300.jpeg\" alt=\"\" width=\"300\" height=\"300\" srcset=\"https:\/\/bergers-schlagerparadies.de\/wp-content\/uploads\/2023\/12\/Alpenland-Sepp-das-Original-ANNE-ANNE-ANNEMARIE-HAL-LE-LU-JA-300x300.jpeg 300w, https:\/\/bergers-schlagerparadies.de\/wp-content\/uploads\/2023\/12\/Alpenland-Sepp-das-Original-ANNE-ANNE-ANNEMARIE-HAL-LE-LU-JA-1024x1024.jpeg 1024w, https:\/\/bergers-schlagerparadies.de\/wp-content\/uploads\/2023\/12\/Alpenland-Sepp-das-Original-ANNE-ANNE-ANNEMARIE-HAL-LE-LU-JA-150x150.jpeg 150w, https:\/\/bergers-schlagerparadies.de\/wp-content\/uploads\/2023\/12\/Alpenland-Sepp-das-Original-ANNE-ANNE-ANNEMARIE-HAL-LE-LU-JA-768x768.jpeg 768w, https:\/\/bergers-schlagerparadies.de\/wp-content\/uploads\/2023\/12\/Alpenland-Sepp-das-Original-ANNE-ANNE-ANNEMARIE-HAL-LE-LU-JA-1188x1188.jpeg 1188w, https:\/\/bergers-schlagerparadies.de\/wp-content\/uploads\/2023\/12\/Alpenland-Sepp-das-Original-ANNE-ANNE-ANNEMARIE-HAL-LE-LU-JA-100x100.jpeg 100w, https:\/\/bergers-schlagerparadies.de\/wp-content\/uploads\/2023\/12\/Alpenland-Sepp-das-Original-ANNE-ANNE-ANNEMARIE-HAL-LE-LU-JA.jpeg 1200w\" sizes=\"auto, (max-width: 300px) 100vw, 300px\" \/>Aus HAL-LE-LU-JA wird ,ANNE-ANNE-ANNEMARIE\u2019<br \/>\nDie Erfolgsgeschichte von HAL-LE-LU-JA wird weitergeschrieben. In den letzten 30 Jahren hat der Megahit der Klostertaler unaufh\u00f6rlich ein begeistertes Mitsingen hervorgerufen. Der bekannte Komponist Michael Reischl (+2022) der zusammen mit seinem Bruder Werner das Pseudonym MICHAEL SCHREIBER f\u00fchrte, hatte selber auf seinem Krankenbett die Vision, einen neuen Text auf die Erfolgsmelodie zu setzen &#8211; eine Hymne auf ANNEMARIE !!!<br \/>\n\u201eDie Zeit ist reif f\u00fcr eine neue Umsetzung des gro\u00dfen volkst\u00fcmlichen Stimmungshits\u201c, meinte er und bat seine beiden S\u00f6hne Michael und Manuel seinen Textentwurf fertig auszuf\u00fchren. So entstand die neue Hammer Zeile: \u201eANNE- ANNE-ANNEMARIE &#8211; du bringst mein Herz in exstasy\u201c<\/p>\n<p><span style=\"color: #800000;\"><strong>Quelle: Stella musica<\/strong><\/span><\/p>\n<p><span style=\"color: #800000;\"><strong>Dieser Song ist ab dem 05.01.2024 in allen bekannten Onlineshops erh\u00e4ltlich!<\/strong><\/span><\/p>\n<p><span style=\"color: #800000;\"><strong>Airdate (f\u00fcr Radiosender): 05.01.2024<\/strong><\/span><\/p>\n","protected":false},"excerpt":{"rendered":"<p>Aus HAL-LE-LU-JA wird ,ANNE-ANNE-ANNEMARIE\u2019 Die Erfolgsgeschichte von HAL-LE-LU-JA wird weitergeschrieben. In den letzten 30 Jahren hat der Megahit der Klostertaler unaufh\u00f6rlich ein begeistertes Mitsingen hervorgerufen. Der bekannte Komponist Michael Reischl (+2022) der zusammen mit seinem Bruder Werner das Pseudonym MICHAEL SCHREIBER f\u00fchrte, hatte selber auf seinem Krankenbett die Vision, einen neuen Text auf die Erfolgsmelodie zu setzen &#8211; eine Hymne auf ANNEMARIE !!! \u201eDie Zeit ist reif f\u00fcr eine neue Umsetzung des gro\u00dfen volkst\u00fcmlichen Stimmungshits\u201c, meinte er und bat seine beiden S\u00f6hne Michael und Manuel seinen Textentwurf fertig auszuf\u00fchren. So entstand die neue Hammer Zeile: \u201eANNE- ANNE-ANNEMARIE &#8211; du bringst mein Herz in exstasy\u201c Quelle:&#8230;<\/p>\n","protected":false},"author":1,"featured_media":22341,"comment_status":"open","ping_status":"open","sticky":false,"template":"","format":"standard","meta":{"footnotes":""},"categories":[2],"tags":[2284],"class_list":["post-22340","post","type-post","status-publish","format-standard","has-post-thumbnail","hentry","category-schlager","tag-alpenland-sepp-das-original","wpcat-2-id"],"_links":{"self":[{"href":"https:\/\/bergers-schlagerparadies.de\/index.php?rest_route=\/wp\/v2\/posts\/22340","targetHints":{"allow":["GET"]}}],"collection":[{"href":"https:\/\/bergers-schlagerparadies.de\/index.php?rest_route=\/wp\/v2\/posts"}],"about":[{"href":"https:\/\/bergers-schlagerparadies.de\/index.php?rest_route=\/wp\/v2\/types\/post"}],"author":[{"embeddable":true,"href":"https:\/\/bergers-schlagerparadies.de\/index.php?rest_route=\/wp\/v2\/users\/1"}],"replies":[{"embeddable":true,"href":"https:\/\/bergers-schlagerparadies.de\/index.php?rest_route=%2Fwp%2Fv2%2Fcomments&post=22340"}],"version-history":[{"count":1,"href":"https:\/\/bergers-schlagerparadies.de\/index.php?rest_route=\/wp\/v2\/posts\/22340\/revisions"}],"predecessor-version":[{"id":22342,"href":"https:\/\/bergers-schlagerparadies.de\/index.php?rest_route=\/wp\/v2\/posts\/22340\/revisions\/22342"}],"wp:featuredmedia":[{"embeddable":true,"href":"https:\/\/bergers-schlagerparadies.de\/index.php?rest_route=\/wp\/v2\/media\/22341"}],"wp:attachment":[{"href":"https:\/\/bergers-schlagerparadies.de\/index.php?rest_route=%2Fwp%2Fv2%2Fmedia&parent=22340"}],"wp:term":[{"taxonomy":"category","embeddable":true,"href":"https:\/\/bergers-schlagerparadies.de\/index.php?rest_route=%2Fwp%2Fv2%2Fcategories&post=22340"},{"taxonomy":"post_tag","embeddable":true,"href":"https:\/\/bergers-schlagerparadies.de\/index.php?rest_route=%2Fwp%2Fv2%2Ftags&post=22340"}],"curies":[{"name":"wp","href":"https:\/\/api.w.org\/{rel}","templated":true}]}}