{"id":22311,"date":"2023-12-22T11:03:32","date_gmt":"2023-12-22T10:03:32","guid":{"rendered":"https:\/\/bergers-schlagerparadies.de\/?p=22311"},"modified":"2023-12-22T11:03:32","modified_gmt":"2023-12-22T10:03:32","slug":"joel-brandenstein-x-sarah-engels-jemand-%c2%b7-bergers-schlagerparadies","status":"publish","type":"post","link":"https:\/\/bergers-schlagerparadies.de\/?p=22311","title":{"rendered":"Joel Brandenstein x Sarah Engels &#8211; Jemand \u00b7 Berger\u00b4s Schlagerparadies"},"content":{"rendered":"<p><img loading=\"lazy\" decoding=\"async\" class=\"size-medium wp-image-22312 alignleft\" src=\"https:\/\/bergers-schlagerparadies.de\/wp-content\/uploads\/2023\/12\/Joel-Brandenstein-x-Sarah-Engels-Jemand-300x300.jpeg\" alt=\"\" width=\"300\" height=\"300\" srcset=\"https:\/\/bergers-schlagerparadies.de\/wp-content\/uploads\/2023\/12\/Joel-Brandenstein-x-Sarah-Engels-Jemand-300x300.jpeg 300w, https:\/\/bergers-schlagerparadies.de\/wp-content\/uploads\/2023\/12\/Joel-Brandenstein-x-Sarah-Engels-Jemand-1024x1024.jpeg 1024w, https:\/\/bergers-schlagerparadies.de\/wp-content\/uploads\/2023\/12\/Joel-Brandenstein-x-Sarah-Engels-Jemand-150x150.jpeg 150w, https:\/\/bergers-schlagerparadies.de\/wp-content\/uploads\/2023\/12\/Joel-Brandenstein-x-Sarah-Engels-Jemand-768x768.jpeg 768w, https:\/\/bergers-schlagerparadies.de\/wp-content\/uploads\/2023\/12\/Joel-Brandenstein-x-Sarah-Engels-Jemand-1188x1188.jpeg 1188w, https:\/\/bergers-schlagerparadies.de\/wp-content\/uploads\/2023\/12\/Joel-Brandenstein-x-Sarah-Engels-Jemand-100x100.jpeg 100w, https:\/\/bergers-schlagerparadies.de\/wp-content\/uploads\/2023\/12\/Joel-Brandenstein-x-Sarah-Engels-Jemand.jpeg 1200w\" sizes=\"auto, (max-width: 300px) 100vw, 300px\" \/>Mit der unfassbar sch\u00f6nen und emotionalen Ballade \u201eJemand\u201c ver\u00f6ffentlichen Joel Brandenstein und Sarah Engels einen Song, der sich schon beim ersten H\u00f6ren ganz tief in den Geh\u00f6rgang eingr\u00e4bt, sich dort festsetzt und einen nicht mehr losl\u00e4sst. Beide K\u00fcnstler begeistern seit Jahren eine stetig wachsende Fanbase &#8211; Gemeinsam erreichen Sarah &amp; Joel eine beachtliche Anzahl an Social Media Following: Instagram 1,85 Mio, Youtube 600K, TikTok 750K, Facebook 1,7 Mio.<\/p>\n<p>&nbsp;<\/p>\n<p>&nbsp;<\/p>\n<p><span style=\"color: #800000;\"><strong>Quelle: SMA\/ Ariola<\/strong><\/span><\/p>\n<p><span style=\"color: #800000;\"><strong>Dieser Song ist ab dem 22.12.2023 in allen bekannten Onlineshops erh\u00e4ltlich!<\/strong><\/span><\/p>\n<p><span style=\"color: #800000;\"><strong>Airdate (f\u00fcr Radiosender): 22.12.2023<\/strong><\/span><\/p>\n","protected":false},"excerpt":{"rendered":"<p>Mit der unfassbar sch\u00f6nen und emotionalen Ballade \u201eJemand\u201c ver\u00f6ffentlichen Joel Brandenstein und Sarah Engels einen Song, der sich schon beim ersten H\u00f6ren ganz tief in den Geh\u00f6rgang eingr\u00e4bt, sich dort festsetzt und einen nicht mehr losl\u00e4sst. Beide K\u00fcnstler begeistern seit Jahren eine stetig wachsende Fanbase &#8211; Gemeinsam erreichen Sarah &amp; Joel eine beachtliche Anzahl an Social Media Following: Instagram 1,85 Mio, Youtube 600K, TikTok 750K, Facebook 1,7 Mio. &nbsp; &nbsp; Quelle: SMA\/ Ariola Dieser Song ist ab dem 22.12.2023 in allen bekannten Onlineshops erh\u00e4ltlich! Airdate (f\u00fcr Radiosender): 22.12.2023<\/p>\n","protected":false},"author":1,"featured_media":22312,"comment_status":"open","ping_status":"open","sticky":false,"template":"","format":"standard","meta":{"footnotes":""},"categories":[2],"tags":[2279],"class_list":["post-22311","post","type-post","status-publish","format-standard","has-post-thumbnail","hentry","category-schlager","tag-joel-brandenstein-x-sarah-engels","wpcat-2-id"],"_links":{"self":[{"href":"https:\/\/bergers-schlagerparadies.de\/index.php?rest_route=\/wp\/v2\/posts\/22311","targetHints":{"allow":["GET"]}}],"collection":[{"href":"https:\/\/bergers-schlagerparadies.de\/index.php?rest_route=\/wp\/v2\/posts"}],"about":[{"href":"https:\/\/bergers-schlagerparadies.de\/index.php?rest_route=\/wp\/v2\/types\/post"}],"author":[{"embeddable":true,"href":"https:\/\/bergers-schlagerparadies.de\/index.php?rest_route=\/wp\/v2\/users\/1"}],"replies":[{"embeddable":true,"href":"https:\/\/bergers-schlagerparadies.de\/index.php?rest_route=%2Fwp%2Fv2%2Fcomments&post=22311"}],"version-history":[{"count":1,"href":"https:\/\/bergers-schlagerparadies.de\/index.php?rest_route=\/wp\/v2\/posts\/22311\/revisions"}],"predecessor-version":[{"id":22313,"href":"https:\/\/bergers-schlagerparadies.de\/index.php?rest_route=\/wp\/v2\/posts\/22311\/revisions\/22313"}],"wp:featuredmedia":[{"embeddable":true,"href":"https:\/\/bergers-schlagerparadies.de\/index.php?rest_route=\/wp\/v2\/media\/22312"}],"wp:attachment":[{"href":"https:\/\/bergers-schlagerparadies.de\/index.php?rest_route=%2Fwp%2Fv2%2Fmedia&parent=22311"}],"wp:term":[{"taxonomy":"category","embeddable":true,"href":"https:\/\/bergers-schlagerparadies.de\/index.php?rest_route=%2Fwp%2Fv2%2Fcategories&post=22311"},{"taxonomy":"post_tag","embeddable":true,"href":"https:\/\/bergers-schlagerparadies.de\/index.php?rest_route=%2Fwp%2Fv2%2Ftags&post=22311"}],"curies":[{"name":"wp","href":"https:\/\/api.w.org\/{rel}","templated":true}]}}