{"id":22302,"date":"2024-01-01T10:30:55","date_gmt":"2024-01-01T09:30:55","guid":{"rendered":"https:\/\/bergers-schlagerparadies.de\/?p=22302"},"modified":"2024-01-04T21:16:56","modified_gmt":"2024-01-04T20:16:56","slug":"sebastian-haemer-ein-teil-von-mir-%c2%b7-bergers-schlagerparadies","status":"publish","type":"post","link":"https:\/\/bergers-schlagerparadies.de\/?p=22302","title":{"rendered":"Sebastian H\u00e4mer &#8211; Ein Teil von mir \u00b7 Berger\u00b4s Schlagerparadies"},"content":{"rendered":"<p><img loading=\"lazy\" decoding=\"async\" class=\"size-medium wp-image-22303 alignleft\" src=\"https:\/\/bergers-schlagerparadies.de\/wp-content\/uploads\/2023\/12\/Sebastian-Haemer-Ein-Teil-von-mir-300x300.jpeg\" alt=\"\" width=\"300\" height=\"300\" srcset=\"https:\/\/bergers-schlagerparadies.de\/wp-content\/uploads\/2023\/12\/Sebastian-Haemer-Ein-Teil-von-mir-300x300.jpeg 300w, https:\/\/bergers-schlagerparadies.de\/wp-content\/uploads\/2023\/12\/Sebastian-Haemer-Ein-Teil-von-mir-1024x1024.jpeg 1024w, https:\/\/bergers-schlagerparadies.de\/wp-content\/uploads\/2023\/12\/Sebastian-Haemer-Ein-Teil-von-mir-150x150.jpeg 150w, https:\/\/bergers-schlagerparadies.de\/wp-content\/uploads\/2023\/12\/Sebastian-Haemer-Ein-Teil-von-mir-768x768.jpeg 768w, https:\/\/bergers-schlagerparadies.de\/wp-content\/uploads\/2023\/12\/Sebastian-Haemer-Ein-Teil-von-mir-1536x1536.jpeg 1536w, https:\/\/bergers-schlagerparadies.de\/wp-content\/uploads\/2023\/12\/Sebastian-Haemer-Ein-Teil-von-mir-1200x1200.jpeg 1200w, https:\/\/bergers-schlagerparadies.de\/wp-content\/uploads\/2023\/12\/Sebastian-Haemer-Ein-Teil-von-mir-1188x1188.jpeg 1188w, https:\/\/bergers-schlagerparadies.de\/wp-content\/uploads\/2023\/12\/Sebastian-Haemer-Ein-Teil-von-mir-100x100.jpeg 100w, https:\/\/bergers-schlagerparadies.de\/wp-content\/uploads\/2023\/12\/Sebastian-Haemer-Ein-Teil-von-mir.jpeg 2000w\" sizes=\"auto, (max-width: 300px) 100vw, 300px\" \/>\u201eEin Teil von Mir\u201c, ist Sebastian H\u00e4mer\u2019s neuer Song, der seine zutiefst pers\u00f6nliche Reise reflektiert. Mit kraftvollen Worten und ber\u00fchrender Musik entfaltet der Song, ein emotionales Verm\u00e4chtnis, das Mut spendet und Verst\u00e4ndnis f\u00f6rdert.<br \/>\n\u201eEin Teil von mir\u201c ist eine Hymne der St\u00e4rke f\u00fcr alle, die sich mit ihren eigenen Schw\u00e4chen auseinandersetzen m\u00fcssen. Durch die Authentizit\u00e4t wird der Song zu einer kraftvollen Botschaft der Resilienz und der Akzeptanz. Sebastian inspiriert dazu Deine eigenen Herausforderungen mit einer neuen Perspektive zu betrachten. Lasst euch von \u201eEin Teil von mir\u201c mitrei\u00dfen und erlebt, wie die Macht der Musik, Menschen verbindet und heilt.\u201c<\/p>\n<p><strong style=\"color: #800000;\">Quelle:\u00a0IP Music<\/strong><\/p>\n<p><span style=\"color: #800000;\"><strong>Dieser Song ist ab dem 05.01.2024 in allen bekannten Onlineshops erh\u00e4ltlich!<\/strong><\/span><\/p>\n<p><strong style=\"color: #800000;\">Airdate (f\u00fcr Radiosender): 05.01.2024<\/strong><\/p>\n","protected":false},"excerpt":{"rendered":"<p>\u201eEin Teil von Mir\u201c, ist Sebastian H\u00e4mer\u2019s neuer Song, der seine zutiefst pers\u00f6nliche Reise reflektiert. Mit kraftvollen Worten und ber\u00fchrender Musik entfaltet der Song, ein emotionales Verm\u00e4chtnis, das Mut spendet und Verst\u00e4ndnis f\u00f6rdert. \u201eEin Teil von mir\u201c ist eine Hymne der St\u00e4rke f\u00fcr alle, die sich mit ihren eigenen Schw\u00e4chen auseinandersetzen m\u00fcssen. Durch die Authentizit\u00e4t wird der Song zu einer kraftvollen Botschaft der Resilienz und der Akzeptanz. Sebastian inspiriert dazu Deine eigenen Herausforderungen mit einer neuen Perspektive zu betrachten. Lasst euch von \u201eEin Teil von mir\u201c mitrei\u00dfen und erlebt, wie die Macht der Musik, Menschen verbindet und heilt.\u201c Quelle:\u00a0IP Music Dieser Song ist ab dem&#8230;<\/p>\n","protected":false},"author":1,"featured_media":22303,"comment_status":"open","ping_status":"open","sticky":false,"template":"","format":"standard","meta":{"footnotes":""},"categories":[2],"tags":[2277],"class_list":["post-22302","post","type-post","status-publish","format-standard","has-post-thumbnail","hentry","category-schlager","tag-sebastian-haemer","wpcat-2-id"],"_links":{"self":[{"href":"https:\/\/bergers-schlagerparadies.de\/index.php?rest_route=\/wp\/v2\/posts\/22302","targetHints":{"allow":["GET"]}}],"collection":[{"href":"https:\/\/bergers-schlagerparadies.de\/index.php?rest_route=\/wp\/v2\/posts"}],"about":[{"href":"https:\/\/bergers-schlagerparadies.de\/index.php?rest_route=\/wp\/v2\/types\/post"}],"author":[{"embeddable":true,"href":"https:\/\/bergers-schlagerparadies.de\/index.php?rest_route=\/wp\/v2\/users\/1"}],"replies":[{"embeddable":true,"href":"https:\/\/bergers-schlagerparadies.de\/index.php?rest_route=%2Fwp%2Fv2%2Fcomments&post=22302"}],"version-history":[{"count":3,"href":"https:\/\/bergers-schlagerparadies.de\/index.php?rest_route=\/wp\/v2\/posts\/22302\/revisions"}],"predecessor-version":[{"id":22441,"href":"https:\/\/bergers-schlagerparadies.de\/index.php?rest_route=\/wp\/v2\/posts\/22302\/revisions\/22441"}],"wp:featuredmedia":[{"embeddable":true,"href":"https:\/\/bergers-schlagerparadies.de\/index.php?rest_route=\/wp\/v2\/media\/22303"}],"wp:attachment":[{"href":"https:\/\/bergers-schlagerparadies.de\/index.php?rest_route=%2Fwp%2Fv2%2Fmedia&parent=22302"}],"wp:term":[{"taxonomy":"category","embeddable":true,"href":"https:\/\/bergers-schlagerparadies.de\/index.php?rest_route=%2Fwp%2Fv2%2Fcategories&post=22302"},{"taxonomy":"post_tag","embeddable":true,"href":"https:\/\/bergers-schlagerparadies.de\/index.php?rest_route=%2Fwp%2Fv2%2Ftags&post=22302"}],"curies":[{"name":"wp","href":"https:\/\/api.w.org\/{rel}","templated":true}]}}