{"id":22285,"date":"2023-12-18T10:30:51","date_gmt":"2023-12-18T09:30:51","guid":{"rendered":"https:\/\/bergers-schlagerparadies.de\/?p=22285"},"modified":"2023-12-17T19:08:22","modified_gmt":"2023-12-17T18:08:22","slug":"carina-castillo-ich-fuer-dich-%c2%b7-bergers-schlagerparadies","status":"publish","type":"post","link":"https:\/\/bergers-schlagerparadies.de\/?p=22285","title":{"rendered":"Carina Castillo &#8211; Ich f\u00fcr dich \u00b7 Berger\u00b4s Schlagerparadies"},"content":{"rendered":"<p><img loading=\"lazy\" decoding=\"async\" class=\"size-medium wp-image-22286 alignleft\" src=\"https:\/\/bergers-schlagerparadies.de\/wp-content\/uploads\/2023\/12\/Carina-Castillo-Ich-fuer-dich-300x300.jpeg\" alt=\"\" width=\"300\" height=\"300\" srcset=\"https:\/\/bergers-schlagerparadies.de\/wp-content\/uploads\/2023\/12\/Carina-Castillo-Ich-fuer-dich-300x300.jpeg 300w, https:\/\/bergers-schlagerparadies.de\/wp-content\/uploads\/2023\/12\/Carina-Castillo-Ich-fuer-dich-1024x1024.jpeg 1024w, https:\/\/bergers-schlagerparadies.de\/wp-content\/uploads\/2023\/12\/Carina-Castillo-Ich-fuer-dich-150x150.jpeg 150w, https:\/\/bergers-schlagerparadies.de\/wp-content\/uploads\/2023\/12\/Carina-Castillo-Ich-fuer-dich-768x768.jpeg 768w, https:\/\/bergers-schlagerparadies.de\/wp-content\/uploads\/2023\/12\/Carina-Castillo-Ich-fuer-dich-1536x1536.jpeg 1536w, https:\/\/bergers-schlagerparadies.de\/wp-content\/uploads\/2023\/12\/Carina-Castillo-Ich-fuer-dich-2048x2048.jpeg 2048w, https:\/\/bergers-schlagerparadies.de\/wp-content\/uploads\/2023\/12\/Carina-Castillo-Ich-fuer-dich-1200x1200.jpeg 1200w, https:\/\/bergers-schlagerparadies.de\/wp-content\/uploads\/2023\/12\/Carina-Castillo-Ich-fuer-dich-1188x1188.jpeg 1188w, https:\/\/bergers-schlagerparadies.de\/wp-content\/uploads\/2023\/12\/Carina-Castillo-Ich-fuer-dich-100x100.jpeg 100w\" sizes=\"auto, (max-width: 300px) 100vw, 300px\" \/>Passend zur Winterzeit pr\u00e4sentiert sich dieser Song als eine sanfte Pop-Ballade und zeigt<br \/>\nruhige und einf\u00fchlsame Facetten dieser Jahreszeit.<br \/>\n&#8218;Ich f\u00fcr dich&#8216; erz\u00e4hlt von der Verbindung zu einem besonderen Menschen im Leben,<br \/>\nder selbst in den dunkelsten Momenten Licht spendet.<br \/>\nEs ist ein Lied \u00fcber die bedingungslose Unterst\u00fctzung und das gegenseitige F\u00fcr einander sein, wenn es darauf ankommt.<br \/>\n&#8222;ich f\u00fcr dich&#8220; ist der Soundtrack zu echter, tiefer Freundschaft und Hilfe in allen Lagen.<br \/>\nAb 10.12.24 auf allen g\u00e4ngigen Musikplattformen verf\u00fcgbar.<\/p>\n<p><span style=\"color: #800000;\"><strong>Quelle: MHMusik<\/strong><\/span><\/p>\n<p><span style=\"color: #800000;\"><strong>Dieser Song ist ab dem 15.12.2023 in allen bekannten Onlineshops erh\u00e4ltlich!<\/strong><\/span><\/p>\n<p><span style=\"color: #800000;\"><strong>Airdate (f\u00fcr Radiosender): 10.12.2023<\/strong><\/span><\/p>\n","protected":false},"excerpt":{"rendered":"<p>Passend zur Winterzeit pr\u00e4sentiert sich dieser Song als eine sanfte Pop-Ballade und zeigt ruhige und einf\u00fchlsame Facetten dieser Jahreszeit. &#8218;Ich f\u00fcr dich&#8216; erz\u00e4hlt von der Verbindung zu einem besonderen Menschen im Leben, der selbst in den dunkelsten Momenten Licht spendet. Es ist ein Lied \u00fcber die bedingungslose Unterst\u00fctzung und das gegenseitige F\u00fcr einander sein, wenn es darauf ankommt. &#8222;ich f\u00fcr dich&#8220; ist der Soundtrack zu echter, tiefer Freundschaft und Hilfe in allen Lagen. Ab 10.12.24 auf allen g\u00e4ngigen Musikplattformen verf\u00fcgbar. Quelle: MHMusik Dieser Song ist ab dem 15.12.2023 in allen bekannten Onlineshops erh\u00e4ltlich! Airdate (f\u00fcr Radiosender): 10.12.2023<\/p>\n","protected":false},"author":1,"featured_media":22286,"comment_status":"open","ping_status":"open","sticky":false,"template":"","format":"standard","meta":{"footnotes":""},"categories":[2],"tags":[2274],"class_list":["post-22285","post","type-post","status-publish","format-standard","has-post-thumbnail","hentry","category-schlager","tag-carina-castillo","wpcat-2-id"],"_links":{"self":[{"href":"https:\/\/bergers-schlagerparadies.de\/index.php?rest_route=\/wp\/v2\/posts\/22285","targetHints":{"allow":["GET"]}}],"collection":[{"href":"https:\/\/bergers-schlagerparadies.de\/index.php?rest_route=\/wp\/v2\/posts"}],"about":[{"href":"https:\/\/bergers-schlagerparadies.de\/index.php?rest_route=\/wp\/v2\/types\/post"}],"author":[{"embeddable":true,"href":"https:\/\/bergers-schlagerparadies.de\/index.php?rest_route=\/wp\/v2\/users\/1"}],"replies":[{"embeddable":true,"href":"https:\/\/bergers-schlagerparadies.de\/index.php?rest_route=%2Fwp%2Fv2%2Fcomments&post=22285"}],"version-history":[{"count":3,"href":"https:\/\/bergers-schlagerparadies.de\/index.php?rest_route=\/wp\/v2\/posts\/22285\/revisions"}],"predecessor-version":[{"id":22288,"href":"https:\/\/bergers-schlagerparadies.de\/index.php?rest_route=\/wp\/v2\/posts\/22285\/revisions\/22288"}],"wp:featuredmedia":[{"embeddable":true,"href":"https:\/\/bergers-schlagerparadies.de\/index.php?rest_route=\/wp\/v2\/media\/22286"}],"wp:attachment":[{"href":"https:\/\/bergers-schlagerparadies.de\/index.php?rest_route=%2Fwp%2Fv2%2Fmedia&parent=22285"}],"wp:term":[{"taxonomy":"category","embeddable":true,"href":"https:\/\/bergers-schlagerparadies.de\/index.php?rest_route=%2Fwp%2Fv2%2Fcategories&post=22285"},{"taxonomy":"post_tag","embeddable":true,"href":"https:\/\/bergers-schlagerparadies.de\/index.php?rest_route=%2Fwp%2Fv2%2Ftags&post=22285"}],"curies":[{"name":"wp","href":"https:\/\/api.w.org\/{rel}","templated":true}]}}