{"id":22213,"date":"2023-12-12T22:20:16","date_gmt":"2023-12-12T21:20:16","guid":{"rendered":"https:\/\/bergers-schlagerparadies.de\/?p=22213"},"modified":"2023-12-12T22:20:16","modified_gmt":"2023-12-12T21:20:16","slug":"bailando-beat-sie-wuerd-so-gern-fliegen-%c2%b7-bergers-schlagerparadies","status":"publish","type":"post","link":"https:\/\/bergers-schlagerparadies.de\/?p=22213","title":{"rendered":"Bailando Beat &#8211; Sie w\u00fcrd&#8216; so gern fliegen \u00b7 Berger\u00b4s Schlagerparadies"},"content":{"rendered":"<p><img loading=\"lazy\" decoding=\"async\" class=\"size-medium wp-image-22214 alignleft\" src=\"https:\/\/bergers-schlagerparadies.de\/wp-content\/uploads\/2023\/12\/Bailando-Beat-Sie-wuerd-so-gern-fliegen-300x300.jpg\" alt=\"\" width=\"300\" height=\"300\" srcset=\"https:\/\/bergers-schlagerparadies.de\/wp-content\/uploads\/2023\/12\/Bailando-Beat-Sie-wuerd-so-gern-fliegen-300x300.jpg 300w, https:\/\/bergers-schlagerparadies.de\/wp-content\/uploads\/2023\/12\/Bailando-Beat-Sie-wuerd-so-gern-fliegen-1024x1024.jpg 1024w, https:\/\/bergers-schlagerparadies.de\/wp-content\/uploads\/2023\/12\/Bailando-Beat-Sie-wuerd-so-gern-fliegen-150x150.jpg 150w, https:\/\/bergers-schlagerparadies.de\/wp-content\/uploads\/2023\/12\/Bailando-Beat-Sie-wuerd-so-gern-fliegen-768x768.jpg 768w, https:\/\/bergers-schlagerparadies.de\/wp-content\/uploads\/2023\/12\/Bailando-Beat-Sie-wuerd-so-gern-fliegen-1536x1536.jpg 1536w, https:\/\/bergers-schlagerparadies.de\/wp-content\/uploads\/2023\/12\/Bailando-Beat-Sie-wuerd-so-gern-fliegen-2048x2048.jpg 2048w, https:\/\/bergers-schlagerparadies.de\/wp-content\/uploads\/2023\/12\/Bailando-Beat-Sie-wuerd-so-gern-fliegen-1200x1200.jpg 1200w, https:\/\/bergers-schlagerparadies.de\/wp-content\/uploads\/2023\/12\/Bailando-Beat-Sie-wuerd-so-gern-fliegen-1188x1188.jpg 1188w, https:\/\/bergers-schlagerparadies.de\/wp-content\/uploads\/2023\/12\/Bailando-Beat-Sie-wuerd-so-gern-fliegen-100x100.jpg 100w\" sizes=\"auto, (max-width: 300px) 100vw, 300px\" \/>Mit diesem Song gehen Bailando Beat einen f\u00fcr die Schlagerbranche vollkommen untypischen Weg. Denn dieses Lied beschreibt eine Krankheit, die mittlerweile auf dem besten Weg ist, eine neue Volkskrankheit zu werden. Es geht um Depressionen. Daher hat sich Bernd Havixbeck bewusst dazu entschieden, dieses Lied ohne gro\u00dfe Bemusterung in die Bekannten Portale und Streaming-Plattformen zu bringen. Er soll den Menschen helfen, die unter dieser Furchtbaren Krankheit leiden.<br \/>\nUnd niemand wei\u00df besser dar\u00fcber zu schreiben, wie der Autor selbst.<\/p>\n<p>Es hat zwei Jahre gedauert, bis sich Bailando Beat dazu entschieden haben, diesen Song der \u00d6ffentlichkeit, bzw. Betroffenen zur Verf\u00fcgung zu stellen. Am Ende kam ein sehr gef\u00fchlvoller und bewegender Song dabei heraus, dessen Intro schon erahnen l\u00e4sst, wie viel Tiefgang diese Nummer hat.<\/p>\n<p>Der Plan war von Anfang an klar. Diese Nummer sollte jeder Mensch so f\u00fcr sich annehmen k\u00f6nnen, wie er sie braucht oder sie ihm hilft. Vor allem aber soll sie eines tun. Den Betroffenen zeigen, dass sie nicht allein sind. Denn das ist ein erster Schritt, um depressiven Menschen zu helfen.<\/p>\n<p>An der gelungenen Umsetzung des Liedes hat der Produzent Thomas Michael Lackmann einen sehr gro\u00dfen Teil beigetragen. War es schlie\u00dflich seine Idee einen Newsflash kurz vor Ende des Liedes einzubauen. Und nebenbei hat Thomas eine gro\u00dfartige Produktion hervorgebracht, die dieser Hymne den n\u00f6tigen Sound verleiht.<\/p>\n<p><span style=\"color: #800000;\"><strong>Quelle: Fiesta Records<\/strong><\/span><\/p>\n<p><span style=\"color: #800000;\"><strong>Dieser Song ist ab dem 08.12.2023 in allen bekannten Onlineshops erh\u00e4ltlich!<\/strong><\/span><\/p>\n<p><span style=\"color: #800000;\"><strong>Airdate (f\u00fcr Radiosender): 08.12.2023<\/strong><\/span><\/p>\n","protected":false},"excerpt":{"rendered":"<p>Mit diesem Song gehen Bailando Beat einen f\u00fcr die Schlagerbranche vollkommen untypischen Weg. Denn dieses Lied beschreibt eine Krankheit, die mittlerweile auf dem besten Weg ist, eine neue Volkskrankheit zu werden. Es geht um Depressionen. Daher hat sich Bernd Havixbeck bewusst dazu entschieden, dieses Lied ohne gro\u00dfe Bemusterung in die Bekannten Portale und Streaming-Plattformen zu bringen. Er soll den Menschen helfen, die unter dieser Furchtbaren Krankheit leiden. Und niemand wei\u00df besser dar\u00fcber zu schreiben, wie der Autor selbst. Es hat zwei Jahre gedauert, bis sich Bailando Beat dazu entschieden haben, diesen Song der \u00d6ffentlichkeit, bzw. Betroffenen zur Verf\u00fcgung zu stellen. Am Ende kam ein sehr&#8230;<\/p>\n","protected":false},"author":1,"featured_media":22214,"comment_status":"open","ping_status":"open","sticky":false,"template":"","format":"standard","meta":{"footnotes":""},"categories":[2],"tags":[328],"class_list":["post-22213","post","type-post","status-publish","format-standard","has-post-thumbnail","hentry","category-schlager","tag-bailando-beat","wpcat-2-id"],"_links":{"self":[{"href":"https:\/\/bergers-schlagerparadies.de\/index.php?rest_route=\/wp\/v2\/posts\/22213","targetHints":{"allow":["GET"]}}],"collection":[{"href":"https:\/\/bergers-schlagerparadies.de\/index.php?rest_route=\/wp\/v2\/posts"}],"about":[{"href":"https:\/\/bergers-schlagerparadies.de\/index.php?rest_route=\/wp\/v2\/types\/post"}],"author":[{"embeddable":true,"href":"https:\/\/bergers-schlagerparadies.de\/index.php?rest_route=\/wp\/v2\/users\/1"}],"replies":[{"embeddable":true,"href":"https:\/\/bergers-schlagerparadies.de\/index.php?rest_route=%2Fwp%2Fv2%2Fcomments&post=22213"}],"version-history":[{"count":1,"href":"https:\/\/bergers-schlagerparadies.de\/index.php?rest_route=\/wp\/v2\/posts\/22213\/revisions"}],"predecessor-version":[{"id":22215,"href":"https:\/\/bergers-schlagerparadies.de\/index.php?rest_route=\/wp\/v2\/posts\/22213\/revisions\/22215"}],"wp:featuredmedia":[{"embeddable":true,"href":"https:\/\/bergers-schlagerparadies.de\/index.php?rest_route=\/wp\/v2\/media\/22214"}],"wp:attachment":[{"href":"https:\/\/bergers-schlagerparadies.de\/index.php?rest_route=%2Fwp%2Fv2%2Fmedia&parent=22213"}],"wp:term":[{"taxonomy":"category","embeddable":true,"href":"https:\/\/bergers-schlagerparadies.de\/index.php?rest_route=%2Fwp%2Fv2%2Fcategories&post=22213"},{"taxonomy":"post_tag","embeddable":true,"href":"https:\/\/bergers-schlagerparadies.de\/index.php?rest_route=%2Fwp%2Fv2%2Ftags&post=22213"}],"curies":[{"name":"wp","href":"https:\/\/api.w.org\/{rel}","templated":true}]}}