{"id":22116,"date":"2023-12-11T10:30:48","date_gmt":"2023-12-11T09:30:48","guid":{"rendered":"https:\/\/bergers-schlagerparadies.de\/?p=22116"},"modified":"2023-12-05T20:45:41","modified_gmt":"2023-12-05T19:45:41","slug":"matthias-roedder-das-bin-ich-akustik-version-%c2%b7-bergers-schlagerparadies","status":"publish","type":"post","link":"https:\/\/bergers-schlagerparadies.de\/?p=22116","title":{"rendered":"Matthias R\u00f6dder &#8211; Das bin ich (Akustik-Version) \u00b7 Berger\u00b4s Schlagerparadies"},"content":{"rendered":"<p><img loading=\"lazy\" decoding=\"async\" class=\"size-medium wp-image-22117 alignleft\" src=\"https:\/\/bergers-schlagerparadies.de\/wp-content\/uploads\/2023\/12\/Matthias-Roedder-Das-bin-ich-Akustik-Version-300x300.jpeg\" alt=\"\" width=\"300\" height=\"300\" srcset=\"https:\/\/bergers-schlagerparadies.de\/wp-content\/uploads\/2023\/12\/Matthias-Roedder-Das-bin-ich-Akustik-Version-300x300.jpeg 300w, https:\/\/bergers-schlagerparadies.de\/wp-content\/uploads\/2023\/12\/Matthias-Roedder-Das-bin-ich-Akustik-Version-1024x1024.jpeg 1024w, https:\/\/bergers-schlagerparadies.de\/wp-content\/uploads\/2023\/12\/Matthias-Roedder-Das-bin-ich-Akustik-Version-150x150.jpeg 150w, https:\/\/bergers-schlagerparadies.de\/wp-content\/uploads\/2023\/12\/Matthias-Roedder-Das-bin-ich-Akustik-Version-768x768.jpeg 768w, https:\/\/bergers-schlagerparadies.de\/wp-content\/uploads\/2023\/12\/Matthias-Roedder-Das-bin-ich-Akustik-Version-1536x1536.jpeg 1536w, https:\/\/bergers-schlagerparadies.de\/wp-content\/uploads\/2023\/12\/Matthias-Roedder-Das-bin-ich-Akustik-Version-2048x2048.jpeg 2048w, https:\/\/bergers-schlagerparadies.de\/wp-content\/uploads\/2023\/12\/Matthias-Roedder-Das-bin-ich-Akustik-Version-1200x1200.jpeg 1200w, https:\/\/bergers-schlagerparadies.de\/wp-content\/uploads\/2023\/12\/Matthias-Roedder-Das-bin-ich-Akustik-Version-1188x1188.jpeg 1188w, https:\/\/bergers-schlagerparadies.de\/wp-content\/uploads\/2023\/12\/Matthias-Roedder-Das-bin-ich-Akustik-Version-100x100.jpeg 100w\" sizes=\"auto, (max-width: 300px) 100vw, 300px\" \/>Matthias R\u00f6dder mal anders erleben: Die Akustik-Version seines Hits \u201eDas bin ich\u201c l\u00e4sst seine pr\u00e4gnante Stimme nochmal besonders wirken, die sanften T\u00f6ne heben die wichtige Message und Kraft des Songs deutlich hervor. Wer ihn mit seinem Live-Programm \u201eWenn du durch die H\u00f6lle gehst &#8211; GEH WEITER!\u201c nicht erleben konnte bekommt mit dieser Version eine weitere Seite des talentierten S\u00e4ngers zu sehen, der auch in ruhiger Umgebung von seinem K\u00f6nnen \u00fcberzeugt.<\/p>\n<p>&nbsp;<\/p>\n<p>&nbsp;<\/p>\n<p><span style=\"color: #800000;\"><strong>Quelle: Osnaton Records<\/strong><\/span><\/p>\n<p><span style=\"color: #800000;\"><strong>Dieser Song ist ab dem 15.12.2023 in allen bekannten Onlineshops erh\u00e4ltlich!<\/strong><\/span><\/p>\n<p><span style=\"color: #800000;\"><strong>Airdate (f\u00fcr Radiosender): 15.12.2023<\/strong><\/span><\/p>\n","protected":false},"excerpt":{"rendered":"<p>Matthias R\u00f6dder mal anders erleben: Die Akustik-Version seines Hits \u201eDas bin ich\u201c l\u00e4sst seine pr\u00e4gnante Stimme nochmal besonders wirken, die sanften T\u00f6ne heben die wichtige Message und Kraft des Songs deutlich hervor. Wer ihn mit seinem Live-Programm \u201eWenn du durch die H\u00f6lle gehst &#8211; GEH WEITER!\u201c nicht erleben konnte bekommt mit dieser Version eine weitere Seite des talentierten S\u00e4ngers zu sehen, der auch in ruhiger Umgebung von seinem K\u00f6nnen \u00fcberzeugt. &nbsp; &nbsp; Quelle: Osnaton Records Dieser Song ist ab dem 15.12.2023 in allen bekannten Onlineshops erh\u00e4ltlich! Airdate (f\u00fcr Radiosender): 15.12.2023<\/p>\n","protected":false},"author":1,"featured_media":22117,"comment_status":"open","ping_status":"open","sticky":false,"template":"","format":"standard","meta":{"footnotes":""},"categories":[2],"tags":[1230],"class_list":["post-22116","post","type-post","status-publish","format-standard","has-post-thumbnail","hentry","category-schlager","tag-matthias-roedder","wpcat-2-id"],"_links":{"self":[{"href":"https:\/\/bergers-schlagerparadies.de\/index.php?rest_route=\/wp\/v2\/posts\/22116","targetHints":{"allow":["GET"]}}],"collection":[{"href":"https:\/\/bergers-schlagerparadies.de\/index.php?rest_route=\/wp\/v2\/posts"}],"about":[{"href":"https:\/\/bergers-schlagerparadies.de\/index.php?rest_route=\/wp\/v2\/types\/post"}],"author":[{"embeddable":true,"href":"https:\/\/bergers-schlagerparadies.de\/index.php?rest_route=\/wp\/v2\/users\/1"}],"replies":[{"embeddable":true,"href":"https:\/\/bergers-schlagerparadies.de\/index.php?rest_route=%2Fwp%2Fv2%2Fcomments&post=22116"}],"version-history":[{"count":1,"href":"https:\/\/bergers-schlagerparadies.de\/index.php?rest_route=\/wp\/v2\/posts\/22116\/revisions"}],"predecessor-version":[{"id":22118,"href":"https:\/\/bergers-schlagerparadies.de\/index.php?rest_route=\/wp\/v2\/posts\/22116\/revisions\/22118"}],"wp:featuredmedia":[{"embeddable":true,"href":"https:\/\/bergers-schlagerparadies.de\/index.php?rest_route=\/wp\/v2\/media\/22117"}],"wp:attachment":[{"href":"https:\/\/bergers-schlagerparadies.de\/index.php?rest_route=%2Fwp%2Fv2%2Fmedia&parent=22116"}],"wp:term":[{"taxonomy":"category","embeddable":true,"href":"https:\/\/bergers-schlagerparadies.de\/index.php?rest_route=%2Fwp%2Fv2%2Fcategories&post=22116"},{"taxonomy":"post_tag","embeddable":true,"href":"https:\/\/bergers-schlagerparadies.de\/index.php?rest_route=%2Fwp%2Fv2%2Ftags&post=22116"}],"curies":[{"name":"wp","href":"https:\/\/api.w.org\/{rel}","templated":true}]}}